{"id":146817,"date":"2025-09-29T16:13:07","date_gmt":"2025-09-29T16:13:07","guid":{"rendered":"https:\/\/www.europesays.com\/es\/146817\/"},"modified":"2025-09-29T16:13:07","modified_gmt":"2025-09-29T16:13:07","slug":"el-conmovedor-mensaje-de-miki-nadal-a-sus-hijas-por-su-cumpleanos-por-vosotras-muero","status":"publish","type":"post","link":"https:\/\/www.europesays.com\/es\/146817\/","title":{"rendered":"El conmovedor mensaje de Miki Nadal a sus hijas por su cumplea\u00f1os: \u00abPor vosotras muero\u00bb"},"content":{"rendered":"<p class=\"paragraph\">Miki Nadal celebra este lunes 29 de septiembre sus 58 a\u00f1os de vida. El c\u00f3mico y presentador zaragozano ha compartido <b>este feliz aniversario<\/b> <a href=\"https:\/\/www.heraldo.es\/noticias\/ocio-y-cultura\/2025\/06\/06\/mensaje-entranable-miki-nadal-hijas-1829589.html\" title=\"El mensaje m\u00e1s entra\u00f1able de Miki Nadal: &quot;Las mujeres que me anclan a la tierra&quot;\" rel=\"nofollow noopener\" target=\"_blank\">en la mejor de las compa\u00f1\u00edas: junto a sus tres hijas y a su pareja, la empresaria Helena Aldea.\u00a0<\/a><\/p>\n<p class=\"paragraph\">El aragon\u00e9s ha dejado constancia del cumplea\u00f1os ante los 404.000 seguidores de su cuenta de Instagram. Y lo ha hecho con una fotograf\u00eda en familia en la que realiza una de sus habituales bromas ya que posa con <b>unas gafas con el n\u00famero 50, cuando realmente ha alcanzado los 58 a\u00f1os <\/b>ya que naci\u00f3 en el a\u00f1o 1967 en Zaragoza.\u00a0<\/p>\n<p class=\"paragraph\">En la imagen, Miki Nadal aparece junto a Helena Aldea, con la que tiene <b>dos hijas, Galatea y \u00c1ngela, <\/b>que se suman a Carmen, la ni\u00f1a que tuvo con Carola Esc\u00e1mez. Los cinco derrochan felicidad y alegr\u00eda en una jornada tan especial.\u00a0<\/p>\n<p class=\"paragraph\">Adem\u00e1s, el c\u00f3mico les dedica un emotivo texto lleno de amor incondicional y gratitud. As\u00ed arranca: \u00abCuantos m\u00e1s a\u00f1os cumples, m\u00e1s r\u00e1pido pasa el tiempo. Por eso yo lo quiero aprovechar y exprimir sin demora y <b>la mejor manera de vivir mi vida es pasar el mayor tiempo posible con estas tres bendiciones <\/b>que la diosa Fortuna me ha regalado y al lado de la mujer y madre que m\u00e1s admiro y quiero en este mundo\u00bb.\u00a0<\/p>\n<p class=\"paragraph\">Y concluye con una contundente promesa: \u00abPoquito m\u00e1s me hace falta para ser completamente feliz. Y hoy soy tan feliz que me apetece compartirlo con todo el mundo. Carmen, Galatea, \u00c1ngela, Helena, <b>yo por vosotras no mato\u2026 Por vosotras muero\u00bb.<\/b><\/p>\n","protected":false},"excerpt":{"rendered":"Miki Nadal celebra este lunes 29 de septiembre sus 58 a\u00f1os de vida. El c\u00f3mico y presentador zaragozano&hellip;\n","protected":false},"author":2,"featured_media":146818,"comment_status":"","ping_status":"","sticky":false,"template":"","format":"standard","meta":{"footnotes":""},"categories":[174],"tags":[255,6996,146,147,25,24,256,1642,45014,23],"class_list":{"0":"post-146817","1":"post","2":"type-post","3":"status-publish","4":"format-standard","5":"has-post-thumbnail","7":"category-famosos","8":"tag-celebrities","9":"tag-cumpleanos","10":"tag-entertainment","11":"tag-entretenimiento","12":"tag-es","13":"tag-espana","14":"tag-famosos","15":"tag-hijas","16":"tag-miki-nadal","17":"tag-spain"},"share_on_mastodon":{"url":"","error":""},"_links":{"self":[{"href":"https:\/\/www.europesays.com\/es\/wp-json\/wp\/v2\/posts\/146817","targetHints":{"allow":["GET"]}}],"collection":[{"href":"https:\/\/www.europesays.com\/es\/wp-json\/wp\/v2\/posts"}],"about":[{"href":"https:\/\/www.europesays.com\/es\/wp-json\/wp\/v2\/types\/post"}],"author":[{"embeddable":true,"href":"https:\/\/www.europesays.com\/es\/wp-json\/wp\/v2\/users\/2"}],"replies":[{"embeddable":true,"href":"https:\/\/www.europesays.com\/es\/wp-json\/wp\/v2\/comments?post=146817"}],"version-history":[{"count":0,"href":"https:\/\/www.europesays.com\/es\/wp-json\/wp\/v2\/posts\/146817\/revisions"}],"wp:featuredmedia":[{"embeddable":true,"href":"https:\/\/www.europesays.com\/es\/wp-json\/wp\/v2\/media\/146818"}],"wp:attachment":[{"href":"https:\/\/www.europesays.com\/es\/wp-json\/wp\/v2\/media?parent=146817"}],"wp:term":[{"taxonomy":"category","embeddable":true,"href":"https:\/\/www.europesays.com\/es\/wp-json\/wp\/v2\/categories?post=146817"},{"taxonomy":"post_tag","embeddable":true,"href":"https:\/\/www.europesays.com\/es\/wp-json\/wp\/v2\/tags?post=146817"}],"curies":[{"name":"wp","href":"https:\/\/api.w.org\/{rel}","templated":true}]}}