{"id":146819,"date":"2025-09-29T16:14:11","date_gmt":"2025-09-29T16:14:11","guid":{"rendered":"https:\/\/www.europesays.com\/es\/146819\/"},"modified":"2025-09-29T16:14:11","modified_gmt":"2025-09-29T16:14:11","slug":"pabellon-de-servicios-vdv-arq","status":"publish","type":"post","link":"https:\/\/www.europesays.com\/es\/146819\/","title":{"rendered":"Pabell\u00f3n de Servicios \/ VDV ARQ"},"content":{"rendered":"<p><a class=\"js-image-size__link \" href=\"https:\/\/www.archdaily.cl\/cl\/1034541\/pabellon-de-servicios-vdv-arq\/68d9d159d33ec00189242981-pabellon-de-servicios-vdv-arq-foto\" rel=\"attachment nofollow noopener\" style=\"width: 100%; height: 100%;\" target=\"_blank\"><img decoding=\"async\" alt=\"Pabell\u00f3n de Servicios  \/ VDV ARQ - Imagen 1 de 19\" data-nr-picture-id=\"68d9d159d33ec00189242981\" fetchpriority=\"high\" height=\"360\" itemprop=\"image\" loading=\"eager\" longdesc=\"https:\/\/www.archdaily.cl\/cl\/1034541\/pabellon-de-servicios-vdv-arq\/68d9d159d33ec00189242981-pabellon-de-servicios-vdv-arq-foto\" src=\"https:\/\/www.europesays.com\/es\/wp-content\/uploads\/2025\/09\/pabellon-de-servicios-vdv-arq_14.jpg\" style=\"min-height: var(--featured-height, auto); aspect-ratio: auto 640 \/ 360\" width=\"640\"\/><\/a>\u00a9 Federico Cairoli<\/p>\n<p>    Compartir<\/p>\n<p>Compartir<\/p>\n<ul class=\"afd-share__networks clearfix\">\n<li class=\"afd-share__social\"><a aria-label=\"Facebook\" class=\"afd-share__button\" data-insights-category=\"share\" data-insights-label=\"facebook_sharing_options\" data-insights-value=\"1034541\" data-social=\"facebook\" href=\"https:\/\/www.facebook.com\/sharer\/sharer.php?u=https:\/\/www.archdaily.cl\/cl\/1034541\/pabellon-de-servicios-vdv-arq\" rel=\"nofollow noopener\" target=\"_blank\"><\/a>\n<p>Facebook<\/p>\n<\/li>\n<li class=\"afd-share__social\"><a aria-label=\"Twitter\" class=\"afd-share__button\" data-insights-category=\"share\" data-insights-label=\"twitter_sharing_options\" data-insights-value=\"1034541\" data-social=\"twitter\" href=\"https:\/\/twitter.com\/intent\/tweet?text=Pabell%C3%B3n%20de%20Servicios%20%20%2F%20VDV%20ARQ&amp;url=https:\/\/www.archdaily.cl\/cl\/1034541\/pabellon-de-servicios-vdv-arq&amp;via=parq\" rel=\"nofollow noopener\" target=\"_blank\"><\/a>\n<p>Twitter<\/p>\n<\/li>\n<li class=\"afd-share__social\"><a class=\"afd-share__button\" data-insights-category=\"share\" data-insights-label=\"email_sharing_options\" data-insights-value=\"1034541\" data-social=\"email\" href=\"mailto:?subject=Pabell\u00f3n de Servicios  \/ VDV ARQ&amp;body=https:\/\/www.archdaily.cl\/cl\/1034541\/pabellon-de-servicios-vdv-arq\"><\/a>\n<p>Mail<\/p>\n<\/li>\n<li class=\"afd-share__social\"><a aria-label=\"Pinterest\" class=\"afd-share__button\" data-insights-category=\"share\" data-insights-label=\"pinterest_sharing_options\" data-insights-value=\"1034541\" data-social=\"pinterest\" href=\"https:\/\/pinterest.com\/pin\/create\/button\/?url=https%3A%2F%2Fwww.archdaily.cl%2Fcl%2F1034541%2Fpabellon-de-servicios-vdv-arq&amp;media=https%3A%2F%2Fimages.adsttc.com%2Fmedia%2Fimages%2F68d9%2Fd159%2Fd33e%2Fc001%2F8924%2F2981%2Flarge_jpg%2Fpabellon-de-servicios-vdv-arq_14.jpg%3F1759105387&amp;description=Pabell%C3%B3n%20de%20Servicios%20%20%2F%20VDV%20ARQ\" rel=\"nofollow noopener\" target=\"_blank\"><\/a>\n<p>Pinterest<\/p>\n<\/li>\n<li class=\"afd-share__social\"><a aria-label=\"Whatsapp\" class=\"afd-share__button\" data-action=\"share\/whatsapp\/share\" data-insights-category=\"share\" data-insights-label=\"whatsapp_sharing_options\" data-insights-value=\"1034541\" data-social=\"whatsapp\" href=\"whatsapp:\/\/send?text=Pabell%C3%B3n+de+Servicios++%2F+VDV+ARQ+%7C+https%3A%2F%2Fwww.archdaily.cl%2Fcl%2F1034541%2Fpabellon-de-servicios-vdv-arq%3Futm_source%3DWhatsapp%26utm_medium%3DIM%26utm_campaign%3Dshare-button\" rel=\"nofollow\"><\/a>\n<p>Whatsapp<\/p>\n<\/li>\n<\/ul>\n<p>O<\/p>\n<p>https:\/\/www.archdaily.cl\/cl\/1034541\/pabellon-de-servicios-vdv-arq<\/p>\n<p>  Portapapeles<\/p>\n<p>              \u00abCOPY\u00bb<\/p>\n<p>Copiar<\/p>\n<ul class=\"afd-char-list afd-specs__item-container js-char-list\">\n<li class=\"afd-specs__item\">\n<\/li>\n<li class=\"afd-specs__item\">\n  \u00c1rea<br \/>\n  \u00c1rea del proyecto de arquitectura <\/p>\n<p>\u00c1rea:\u00a0<br \/>\n        <a href=\"https:\/\/www.archdaily.cl\/search\/cl\/projects\/min_area\/288\/max_area\/432?ad_name=project-specs&amp;ad_medium=single\" rel=\"nofollow noopener\" target=\"_blank\">360<\/a> m\u00b2<\/li>\n<li class=\"afd-specs__item\">\n<p>  A\u00f1o<br \/>\n  A\u00f1o del Proyecto de arquitectura<\/p>\n<p>            A\u00f1o:\u00a0<\/p>\n<p>                    <a href=\"https:\/\/www.archdaily.cl\/search\/cl\/projects\/year\/2023?ad_name=project-specs&amp;ad_medium=single\" rel=\"nofollow noopener\" target=\"_blank\"><br \/>\n          2023<br \/>\n        <\/a><\/p>\n<\/li>\n<li class=\"afd-specs__item\">\n<p>  Fot\u00f3grafos<\/p>\n<\/li>\n<\/ul>\n<p><a class=\"js-image-size__link lazy-anchor\" href=\"https:\/\/www.archdaily.cl\/cl\/1034541\/pabellon-de-servicios-vdv-arq\/68d9d15ad33ec00189242984-pabellon-de-servicios-vdv-arq-foto\" rel=\"nofollow noopener\" target=\"_blank\"><img decoding=\"async\" alt=\"Pabell\u00f3n de Servicios  \/ VDV ARQ - Imagen 5 de 19\" data-nr-picture-id=\"68d9d15ad33ec00189242984\" height=\"427\" itemprop=\"image\" loading=\"lazy\" longdesc=\"https:\/\/www.archdaily.cl\/cl\/1034541\/pabellon-de-servicios-vdv-arq\/68d9d15ad33ec00189242984-pabellon-de-servicios-vdv-arq-foto\" src=\"https:\/\/www.europesays.com\/es\/wp-content\/uploads\/2025\/09\/pabellon-de-servicios-vdv-arq_2.jpg\" width=\"640\"\/>\u00a9 Federico Cairoli<\/a><\/p>\n<p data-start=\"104\" data-end=\"437\"><strong>En nuestra pr\u00e1ctica, el pabell\u00f3n no es una tipolog\u00eda cerrada, sino una forma abierta de estar en el territorio.<\/strong> Una arquitectura que no busca imponerse, sino habilitar relaciones. Entre el adentro y el afuera, entre lo colectivo y lo \u00edntimo, el pabell\u00f3n es siempre una estructura porosa, disponible, en di\u00e1logo con lo que lo rodea.<\/p>\n<p><a class=\"js-image-size__link lazy-anchor\" href=\"https:\/\/www.archdaily.cl\/cl\/1034541\/pabellon-de-servicios-vdv-arq\/68d9d195fafaa90181fc787a-pabellon-de-servicios-vdv-arq-planta\" rel=\"nofollow noopener\" target=\"_blank\"><img decoding=\"async\" alt=\"Pabell\u00f3n de Servicios  \/ VDV ARQ - Imagen 15 de 19\" data-nr-picture-id=\"68d9d195fafaa90181fc787a\" height=\"427\" itemprop=\"image\" loading=\"lazy\" longdesc=\"https:\/\/www.archdaily.cl\/cl\/1034541\/pabellon-de-servicios-vdv-arq\/68d9d195fafaa90181fc787a-pabellon-de-servicios-vdv-arq-planta\" src=\"https:\/\/www.europesays.com\/es\/wp-content\/uploads\/2025\/09\/planta-floorplan-16.jpg\" width=\"640\"\/>Planta<\/a><\/p>\n<p data-start=\"439\" data-end=\"910\">Ubicado en una comunidad cerrada en la localidad de <a href=\"https:\/\/www.archdaily.cl\/cl\/tag\/bella-vista\" rel=\"nofollow noopener\" target=\"_blank\">Bella Vista<\/a>, este proyecto parte de una pregunta esencial: <strong>\u00bfc\u00f3mo imaginar hoy un espacio com\u00fan?<\/strong> M\u00e1s que un edificio con funciones fijas, se plantea como una infraestructura abierta, capaz de acompa\u00f1ar formas diversas y usos flexibles. En lugar de responder a un programa r\u00edgido, propusimos <strong>una estructura que pueda redefinirse con el tiempo, seg\u00fan las necesidades y apropiaciones de la comunidad en la que se inserta.<\/strong><\/p>\n<p><a class=\"js-image-size__link lazy-anchor\" href=\"https:\/\/www.archdaily.cl\/cl\/1034541\/pabellon-de-servicios-vdv-arq\/68d9d15efafaa90181fc7879-pabellon-de-servicios-vdv-arq-foto\" rel=\"nofollow noopener\" target=\"_blank\"><img decoding=\"async\" alt=\"Pabell\u00f3n de Servicios  \/ VDV ARQ - Imagen 2 de 19\" data-nr-picture-id=\"68d9d15efafaa90181fc7879\" height=\"427\" itemprop=\"image\" loading=\"lazy\" longdesc=\"https:\/\/www.archdaily.cl\/cl\/1034541\/pabellon-de-servicios-vdv-arq\/68d9d15efafaa90181fc7879-pabellon-de-servicios-vdv-arq-foto\" src=\"https:\/\/www.europesays.com\/es\/wp-content\/uploads\/2025\/09\/pabellon-de-servicios-vdv-arq_4.jpg\" width=\"640\"\/>\u00a9 Federico Cairoli<\/a><a class=\"js-image-size__link lazy-anchor\" href=\"https:\/\/www.archdaily.cl\/cl\/1034541\/pabellon-de-servicios-vdv-arq\/68d9d15b27ac8d133f177afc-pabellon-de-servicios-vdv-arq-foto\" rel=\"nofollow noopener\" target=\"_blank\"><img decoding=\"async\" alt=\"Pabell\u00f3n de Servicios  \/ VDV ARQ - Imagen 8 de 19\" data-nr-picture-id=\"68d9d15b27ac8d133f177afc\" height=\"427\" itemprop=\"image\" loading=\"lazy\" longdesc=\"https:\/\/www.archdaily.cl\/cl\/1034541\/pabellon-de-servicios-vdv-arq\/68d9d15b27ac8d133f177afc-pabellon-de-servicios-vdv-arq-foto\" src=\"https:\/\/www.europesays.com\/es\/wp-content\/uploads\/2025\/09\/pabellon-de-servicios-vdv-arq_1.jpg\" width=\"640\"\/>\u00a9 Federico Cairoli<\/a><\/p>\n<p data-start=\"912\" data-end=\"1152\"><strong>Tres grandes vigas invertidas sostienen una losa sin apoyos intermedios que cubre toda la planta.<\/strong> Esta decisi\u00f3n estructural no solo garantiza flexibilidad, sino que <strong>permite pensar el espacio como una plataforma disponible, no determinada.<\/strong><\/p>\n<p><a class=\"js-image-size__link lazy-anchor\" href=\"https:\/\/www.archdaily.cl\/cl\/1034541\/pabellon-de-servicios-vdv-arq\/68d9d15927ac8d133f177afa-pabellon-de-servicios-vdv-arq-foto\" rel=\"nofollow noopener\" target=\"_blank\"><img decoding=\"async\" alt=\"Pabell\u00f3n de Servicios  \/ VDV ARQ - Imagen 11 de 19\" data-nr-picture-id=\"68d9d15927ac8d133f177afa\" height=\"427\" itemprop=\"image\" loading=\"lazy\" longdesc=\"https:\/\/www.archdaily.cl\/cl\/1034541\/pabellon-de-servicios-vdv-arq\/68d9d15927ac8d133f177afa-pabellon-de-servicios-vdv-arq-foto\" src=\"https:\/\/www.europesays.com\/es\/wp-content\/uploads\/2025\/09\/pabellon-de-servicios-vdv-arq_6.jpg\" width=\"640\"\/>\u00a9 Federico Cairoli<\/a><a class=\"js-image-size__link lazy-anchor\" href=\"https:\/\/www.archdaily.cl\/cl\/1034541\/pabellon-de-servicios-vdv-arq\/68d9d159d33ec00189242983-pabellon-de-servicios-vdv-arq-foto\" rel=\"nofollow noopener\" target=\"_blank\"><img decoding=\"async\" alt=\"Pabell\u00f3n de Servicios  \/ VDV ARQ - Imagen 3 de 19\" data-nr-picture-id=\"68d9d159d33ec00189242983\" height=\"427\" itemprop=\"image\" loading=\"lazy\" longdesc=\"https:\/\/www.archdaily.cl\/cl\/1034541\/pabellon-de-servicios-vdv-arq\/68d9d159d33ec00189242983-pabellon-de-servicios-vdv-arq-foto\" src=\"https:\/\/www.europesays.com\/es\/wp-content\/uploads\/2025\/09\/pabellon-de-servicios-vdv-arq_5.jpg\" width=\"640\"\/>\u00a9 Federico Cairoli<\/a><a class=\"js-image-size__link lazy-anchor\" href=\"https:\/\/www.archdaily.cl\/cl\/1034541\/pabellon-de-servicios-vdv-arq\/68d9d159fafaa90181fc7876-pabellon-de-servicios-vdv-arq-foto\" rel=\"nofollow noopener\" target=\"_blank\"><img decoding=\"async\" alt=\"Pabell\u00f3n de Servicios  \/ VDV ARQ - Imagen 9 de 19\" data-nr-picture-id=\"68d9d159fafaa90181fc7876\" height=\"427\" itemprop=\"image\" loading=\"lazy\" longdesc=\"https:\/\/www.archdaily.cl\/cl\/1034541\/pabellon-de-servicios-vdv-arq\/68d9d159fafaa90181fc7876-pabellon-de-servicios-vdv-arq-foto\" src=\"https:\/\/www.europesays.com\/es\/wp-content\/uploads\/2025\/09\/pabellon-de-servicios-vdv-arq_12.jpg\" width=\"640\"\/>\u00a9 Federico Cairoli<\/a><\/p>\n<p data-start=\"1154\" data-end=\"1402\">Una serie de patios y vac\u00edos intercalados esponjan la planta y habilitan usos simult\u00e1neos con distintos grados de intimidad, filtrando visuales, luz y recorridos. El edificio se fragmenta para incorporar el paisaje como parte activa del proyecto.<\/p>\n<p><img decoding=\"async\" src=\"https:\/\/www.europesays.com\/es\/wp-content\/uploads\/2025\/09\/isonometric-view-animated-gif-15.gif\"\/> <\/p>\n<p class=\"afd-text--center\" style=\"margin-top: -21px; font-size: 13.5px;\">Axonometria<\/p>\n<p data-start=\"1404\" data-end=\"1540\">Nos gusta pensar en un pabell\u00f3n austero, pero con una l\u00f3gica precisa: definir bordes, habilitar encuentros, dar lugar a lo imprevisto.<\/p>\n<p><a class=\"js-image-size__link lazy-anchor\" href=\"https:\/\/www.archdaily.cl\/cl\/1034541\/pabellon-de-servicios-vdv-arq\/68d9d159d33ec00189242982-pabellon-de-servicios-vdv-arq-foto\" rel=\"nofollow noopener\" target=\"_blank\"><img decoding=\"async\" alt=\"Pabell\u00f3n de Servicios  \/ VDV ARQ - Imagen 6 de 19\" data-nr-picture-id=\"68d9d159d33ec00189242982\" height=\"427\" itemprop=\"image\" loading=\"lazy\" longdesc=\"https:\/\/www.archdaily.cl\/cl\/1034541\/pabellon-de-servicios-vdv-arq\/68d9d159d33ec00189242982-pabellon-de-servicios-vdv-arq-foto\" src=\"https:\/\/www.europesays.com\/es\/wp-content\/uploads\/2025\/09\/pabellon-de-servicios-vdv-arq_8.jpg\" width=\"640\"\/>\u00a9 Federico Cairoli<\/a><script async src=\"https:\/\/platform.twitter.com\/widgets.js\" charset=\"utf-8\"><\/script><\/p>\n","protected":false},"excerpt":{"rendered":"\u00a9 Federico Cairoli Compartir Compartir Facebook Twitter Mail Pinterest Whatsapp O https:\/\/www.archdaily.cl\/cl\/1034541\/pabellon-de-servicios-vdv-arq Portapapeles \u00abCOPY\u00bb Copiar \u00c1rea \u00c1rea del&hellip;\n","protected":false},"author":2,"featured_media":146820,"comment_status":"","ping_status":"","sticky":false,"template":"","format":"standard","meta":{"footnotes":""},"categories":[173],"tags":[801,229,233,231,230,45060,39638,10898,232,234,15026,146,147,25,24,23],"class_list":{"0":"post-146819","1":"post","2":"type-post","3":"status-publish","4":"format-standard","5":"has-post-thumbnail","7":"category-arte-y-diseno","8":"tag-arquitectura","9":"tag-arte","10":"tag-arte-y-diseno","11":"tag-arts","12":"tag-arts-and-design","13":"tag-bella-vista","14":"tag-centro-comunitario","15":"tag-comunidad","16":"tag-design","17":"tag-diseno","18":"tag-edificios-publicos","19":"tag-entertainment","20":"tag-entretenimiento","21":"tag-es","22":"tag-espana","23":"tag-spain"},"share_on_mastodon":{"url":"","error":""},"_links":{"self":[{"href":"https:\/\/www.europesays.com\/es\/wp-json\/wp\/v2\/posts\/146819","targetHints":{"allow":["GET"]}}],"collection":[{"href":"https:\/\/www.europesays.com\/es\/wp-json\/wp\/v2\/posts"}],"about":[{"href":"https:\/\/www.europesays.com\/es\/wp-json\/wp\/v2\/types\/post"}],"author":[{"embeddable":true,"href":"https:\/\/www.europesays.com\/es\/wp-json\/wp\/v2\/users\/2"}],"replies":[{"embeddable":true,"href":"https:\/\/www.europesays.com\/es\/wp-json\/wp\/v2\/comments?post=146819"}],"version-history":[{"count":0,"href":"https:\/\/www.europesays.com\/es\/wp-json\/wp\/v2\/posts\/146819\/revisions"}],"wp:featuredmedia":[{"embeddable":true,"href":"https:\/\/www.europesays.com\/es\/wp-json\/wp\/v2\/media\/146820"}],"wp:attachment":[{"href":"https:\/\/www.europesays.com\/es\/wp-json\/wp\/v2\/media?parent=146819"}],"wp:term":[{"taxonomy":"category","embeddable":true,"href":"https:\/\/www.europesays.com\/es\/wp-json\/wp\/v2\/categories?post=146819"},{"taxonomy":"post_tag","embeddable":true,"href":"https:\/\/www.europesays.com\/es\/wp-json\/wp\/v2\/tags?post=146819"}],"curies":[{"name":"wp","href":"https:\/\/api.w.org\/{rel}","templated":true}]}}