{"id":146821,"date":"2025-09-29T16:16:12","date_gmt":"2025-09-29T16:16:12","guid":{"rendered":"https:\/\/www.europesays.com\/es\/146821\/"},"modified":"2025-09-29T16:16:12","modified_gmt":"2025-09-29T16:16:12","slug":"la-primera-serie-de-exito-de-natalia-sanchez-que-ahora-triunfa-en-la-telenovela-suenos-de-libertad","status":"publish","type":"post","link":"https:\/\/www.europesays.com\/es\/146821\/","title":{"rendered":"La primera serie de \u00e9xito de Natalia S\u00e1nchez que ahora triunfa en la telenovela &#8216;Sue\u00f1os de libertad&#8217;"},"content":{"rendered":"<p data-journey-content=\"true\" data-node-id=\"3\" class=\"css-6wxqfj emevuu60\">Cuando comenz\u00f3 a trabajar como actriz, hace 24 a\u00f1os, seguro que no imaginaba lo bien que le ir\u00eda en esta profesi\u00f3n pero <strong data-node-id=\"3.1\"><a href=\"https:\/\/www.diezminutos.es\/telenovela\/espanolas\/g46798112\/natalia-sanchez-protagonista-suenos-de-libertad\/\" target=\"_blank\" data-vars-ga-outbound-link=\"https:\/\/www.diezminutos.es\/telenovela\/espanolas\/g46798112\/natalia-sanchez-protagonista-suenos-de-libertad\/\" data-vars-ga-ux-element=\"Hyperlink\" data-vars-ga-call-to-action=\"Natalia S\u00e1nchez\" data-node-id=\"3.1.0\" class=\"body-link css-177bzfx emevuu60\" rel=\"nofollow noopener\">Natalia S\u00e1nchez<\/a> puede enorgullecerse de tener una trayectoria s\u00f3lida<\/strong> repleta de buenas decisiones que se han traducido en papeles muy relevantes en la ficci\u00f3n espa\u00f1ola, en la que <strong data-node-id=\"3.3\">actualmente es identificada como Bego\u00f1a Montes, protagonista indiscutible de la serie diaria de Antena 3 <a href=\"https:\/\/www.diezminutos.es\/suenos-de-libertad\/\" target=\"_blank\" data-vars-ga-outbound-link=\"https:\/\/www.diezminutos.es\/suenos-de-libertad\/\" data-vars-ga-ux-element=\"Hyperlink\" data-vars-ga-call-to-action=\"&#039;Sue\u00f1os de libertad&#039;\" data-node-id=\"3.3.1\" class=\"body-link css-177bzfx emevuu60\" rel=\"nofollow noopener\">&#8216;Sue\u00f1os de libertad&#8217;<\/a>.<\/strong><br data-node-id=\"3.4\"\/><\/p>\n<p data-journey-content=\"true\" data-node-id=\"6\" class=\"css-6wxqfj emevuu60\">En la producci\u00f3n de Diagonal TV nos ha dejado ver m\u00faltiples matices de su capacidad interpretativa, desde el sufrimiento por los cuidados de Julia, la hija de Jes\u00fas de la Reina (<a href=\"https:\/\/www.diezminutos.es\/teleprograma\/series-tv\/a68030826\/alain-hernandez-suenos-de-libertad-motivo-marcha-serie\/\" target=\"_blank\" data-vars-ga-outbound-link=\"https:\/\/www.diezminutos.es\/teleprograma\/series-tv\/a68030826\/alain-hernandez-suenos-de-libertad-motivo-marcha-serie\/\" data-vars-ga-ux-element=\"Hyperlink\" data-vars-ga-call-to-action=\"Alain Hern\u00e1ndez\" data-node-id=\"6.1\" class=\"body-link css-177bzfx emevuu60\" rel=\"nofollow noopener\">Alain Hern\u00e1ndez<\/a>) a su tormentoso romance imposible con Andr\u00e9s (<a href=\"https:\/\/www.diezminutos.es\/famosos-corazon\/famosos-espanoles\/a62576592\/dani-tatay-entrevista-suenos-de-libertad\/\" target=\"_blank\" data-vars-ga-outbound-link=\"https:\/\/www.diezminutos.es\/famosos-corazon\/famosos-espanoles\/a62576592\/dani-tatay-entrevista-suenos-de-libertad\/\" data-vars-ga-ux-element=\"Hyperlink\" data-vars-ga-call-to-action=\"Dani Tatay\" data-node-id=\"6.3\" class=\"body-link css-177bzfx emevuu60\" rel=\"nofollow noopener\">Dani Tatay<\/a>) a su \u00faltima etapa, en la que recupera la ilusi\u00f3n con Gabriel (<a href=\"https:\/\/www.diezminutos.es\/telenovela\/espanolas\/a64825332\/suenos-de-libertad-oriol-tarrason-fichaje-gabriel-de-la-reina\/\" target=\"_blank\" data-vars-ga-outbound-link=\"https:\/\/www.diezminutos.es\/telenovela\/espanolas\/a64825332\/suenos-de-libertad-oriol-tarrason-fichaje-gabriel-de-la-reina\/\" data-vars-ga-ux-element=\"Hyperlink\" data-vars-ga-call-to-action=\"Oriol Tarras\u00f3n\" data-node-id=\"6.5\" class=\"body-link css-177bzfx emevuu60\" rel=\"nofollow noopener\">Oriol Tarras\u00f3n<\/a>). Sin embargo, si hoy tiene tantos registros y sostiene sobre sus hombros gran parte del peso de las tramas de &#8216;Sue\u00f1os de libertad&#8217; es porque previamente ha ido demostrando una capacidad innata que ha podido pulir en estos a\u00f1os de experiencia. Por suerte, los directores de casting <strong data-node-id=\"6.7\">Luis San Narciso<\/strong> y <strong data-node-id=\"6.9\">Tonucha Vidal supieron detectar ese talento hace ya m\u00e1s de dos d\u00e9cadas en una de las series espa\u00f1olas m\u00e1s populares de la historia, donde Natalia S\u00e1nchez disfrut\u00f3 de su primer papel protagonista. <\/strong>As\u00ed que, <strong data-node-id=\"6.11\">podemos dar gracias por ese m\u00edtico rol como Tet\u00e9 en &#8216;Los Serrano&#8217;.<\/strong><\/p>\n<p><img draggable=\"true\" alt=\"veronica sanchez, natalia sanchez y belen rueda, protagonistas de 'los serrano'\" title=\"Veronica Sanchez, Natalia Sanchez y Belen Rueda, protagonistas de 'Los Serrano'\" loading=\"lazy\" width=\"2403\" height=\"3000\" decoding=\"async\" data-nimg=\"1\" style=\"color:transparent;width:100%;height:auto;\"   src=\"https:\/\/www.europesays.com\/es\/wp-content\/uploads\/2025\/09\/los-serrano-veronica-sanchez-natalia-sanchez-y-belen-rueda-681c6434d5a44.jpg\" class=\"css-0 e1g79fud0\"\/><\/p>\n<p>Globomedia<\/p>\n<p>&#8216;Los Serrano&#8217;, la primera serie en que Natalia S\u00e1nchez fue protagonista antes del \u00e9xito de la telenovela &#8216;Sue\u00f1os de libertad&#8217;<\/p>\n<p data-journey-content=\"true\" data-node-id=\"10\" class=\"css-6wxqfj emevuu60\">Debut\u00f3 en el cine, en 2001, cuando apenas ten\u00eda 11 a\u00f1os, aunque pronto descubri\u00f3 las grandes oportunidades que daba la televisi\u00f3n, pues en tan solo dos a\u00f1os acumul\u00f3 hasta cuatro roles en ficciones de \u00e9xito en Espa\u00f1a a principios de aquella d\u00e9cada de los 2000, que incluyeron \u00e9xitos como <a href=\"https:\/\/www.diezminutos.es\/teleprograma\/series-tv\/a43425068\/companeros-25-anos-reencuentro\/\" target=\"_blank\" data-vars-ga-outbound-link=\"https:\/\/www.diezminutos.es\/teleprograma\/series-tv\/a43425068\/companeros-25-anos-reencuentro\/\" data-vars-ga-ux-element=\"Hyperlink\" data-vars-ga-call-to-action=\"&#039;Compa\u00f1eros&#039;\" data-node-id=\"10.1\" class=\"body-link css-177bzfx emevuu60\" rel=\"nofollow noopener\">&#8216;Compa\u00f1eros&#8217;<\/a>, &#8216;Periodistas&#8217; 0 &#8216;Javier ya no vive solo&#8217;. Sin embargo, <strong data-node-id=\"10.3\">su gran oportunidad lleg\u00f3 en 2003, cuando acab\u00f3 convertida en hija de Bel\u00e9n Rueda en la ficci\u00f3n como Mar\u00eda Teresa Capdevila, Tet\u00e9, en &#8216;Los Serrano&#8217;.<\/strong> Esa serie marc\u00f3 un antes y un despu\u00e9s en su carrera ya que, <strong data-node-id=\"10.5\">con solo 13 a\u00f1os obten\u00eda su primer papel protagonista sin saber que, adem\u00e1s, ser\u00eda la mejor catapulta posible para su carrera. <\/strong><\/p>\n<p><img draggable=\"true\" alt=\"reparto de los serrano\" title=\"Reparto de Los Serrano\" loading=\"lazy\" width=\"3000\" height=\"3595\" decoding=\"async\" data-nimg=\"1\" style=\"color:transparent;width:100%;height:auto;\"   src=\"https:\/\/www.europesays.com\/es\/wp-content\/uploads\/2025\/09\/los-serrano-685294b794f06.jpg\" class=\"css-0 e1g79fud0\"\/><\/p>\n<p>T5 \/ Manuel J. Alc\u00e1zar<\/p>\n<p data-journey-content=\"true\" data-node-id=\"15\" class=\"css-6wxqfj emevuu60\">Ah\u00ed comparti\u00f3 escenas con algunos de los actores m\u00e1s prol\u00edficos del pa\u00eds, como la citada <strong data-node-id=\"15.1\">Bel\u00e9n Rueda<\/strong> (&#8216;Madres. Amor y vida&#8217;) y <strong data-node-id=\"15.3\">Antonio Resines<\/strong> (&#8216;Serrines, madera de actor&#8217;), pero tambi\u00e9n <strong data-node-id=\"15.5\">Alexandra Jim\u00e9nez<\/strong> (<a href=\"https:\/\/www.diezminutos.es\/teleprograma\/series-tv\/a39258730\/escandalo-relato-de-una-obsesion-serie-alexandra-jimenez\/\" target=\"_blank\" data-vars-ga-outbound-link=\"https:\/\/www.diezminutos.es\/teleprograma\/series-tv\/a39258730\/escandalo-relato-de-una-obsesion-serie-alexandra-jimenez\/\" data-vars-ga-ux-element=\"Hyperlink\" data-vars-ga-call-to-action=\"&#039;Esc\u00e1ndalo, relato de una obsesi\u00f3n&#039;\" data-node-id=\"15.7\" class=\"body-link css-177bzfx emevuu60\" rel=\"nofollow noopener\">&#8216;Esc\u00e1ndalo, relato de una obsesi\u00f3n&#8217;<\/a>), <strong data-node-id=\"15.9\">Alejo Sauras <\/strong>(Masterchef Celebrity&#8217;, &#8216;Estoy vivo&#8217;), <strong data-node-id=\"15.11\">Ver\u00f3nica S\u00e1nchez<\/strong> (&#8216;\u00c1ngela&#8217;, &#8216;Las hijas de la criada&#8217;), pasando por <strong data-node-id=\"15.13\"><a href=\"https:\/\/www.diezminutos.es\/teleprograma\/series-tv\/a64669744\/fran-perea-canciones-los-serrano-marcos-tras-la-puerta\/\" target=\"_blank\" data-vars-ga-outbound-link=\"https:\/\/www.diezminutos.es\/teleprograma\/series-tv\/a64669744\/fran-perea-canciones-los-serrano-marcos-tras-la-puerta\/\" data-vars-ga-ux-element=\"Hyperlink\" data-vars-ga-call-to-action=\"Fran Perea\" data-node-id=\"15.13.0\" class=\"body-link css-177bzfx emevuu60\" rel=\"nofollow noopener\">Fran Perea<\/a> y <a href=\"https:\/\/www.diezminutos.es\/teleprograma\/programas-tv\/a65089170\/victor-elias-los-serrano-guille-personaje-ayuda\/\" target=\"_blank\" data-vars-ga-outbound-link=\"https:\/\/www.diezminutos.es\/teleprograma\/programas-tv\/a65089170\/victor-elias-los-serrano-guille-personaje-ayuda\/\" data-vars-ga-ux-element=\"Hyperlink\" data-vars-ga-call-to-action=\"V\u00edctor El\u00edas\" data-node-id=\"15.13.2\" class=\"body-link css-177bzfx emevuu60\" rel=\"nofollow noopener\">V\u00edctor El\u00edas<\/a><\/strong>, que han diversificado sus carreras hacia la m\u00fasica.<\/p>\n<p><img draggable=\"true\" alt=\"victor elias y natalia sanchez, protagonistas de 'los serrano'\" title=\"Victor Elias y Natalia Sanchez, protagonistas de 'Los Serrano'\" loading=\"lazy\" width=\"2006\" height=\"3000\" decoding=\"async\" data-nimg=\"1\" style=\"color:transparent;width:100%;height:auto;\"   src=\"https:\/\/www.europesays.com\/es\/wp-content\/uploads\/2025\/09\/los-serrano-victor-elias-y-natalia-sanchez-681c666670ed8.jpg\" class=\"css-0 e1g79fud0\"\/><\/p>\n<p>Luis Miguel Gonz\u00e1lez  _ HF<\/p>\n<p data-journey-content=\"true\" data-node-id=\"18\" class=\"css-6wxqfj emevuu60\">En esta ficci\u00f3n de Telecinco se enamor\u00f3 dentro y fuera de la pantalla, pues fuimos testigos de toda su adolescencia, incluida su <a href=\"https:\/\/www.diezminutos.es\/famosos-corazon\/famosos-espanoles\/a33344213\/natalia-sanchez-victor-elias-reencuentro-los-serrano\/\" target=\"_blank\" data-vars-ga-outbound-link=\"https:\/\/www.diezminutos.es\/famosos-corazon\/famosos-espanoles\/a33344213\/natalia-sanchez-victor-elias-reencuentro-los-serrano\/\" data-vars-ga-ux-element=\"Hyperlink\" data-vars-ga-call-to-action=\"relaci\u00f3n con V\u00edctor El\u00edas\" data-node-id=\"18.1\" class=\"body-link css-177bzfx emevuu60\" rel=\"nofollow noopener\">relaci\u00f3n con V\u00edctor El\u00edas<\/a>), y tambi\u00e9n tuvo la mejor escuela. &#8216;Los Serrano&#8217; se convirti\u00f3 en un absoluto fen\u00f3meno que, a\u00fan hoy, sigue atrapando a nuevos espectadores gracias a que <strong data-node-id=\"18.3\">&#8216;Los Serrano&#8217; se puede disfrutar completa en <a href=\"https:\/\/www.amazon.es\/pruebaprime?tag=diezminutosspain-21\" target=\"_blank\" rel=\"nofollow noopener\" data-vars-ga-outbound-link=\"https:\/\/www.amazon.es\/pruebaprime?tag=televisionspain-21\" data-vars-ga-ux-element=\"Hyperlink\" data-vars-ga-call-to-action=\"Prime Video\" data-vars-ga-product-id=\"b07ed9e6-9539-4fb9-9330-f378b357932e\" data-node-id=\"18.3.1\" data-href=\"https:\/\/www.amazon.es\/pruebaprime?tag=televisionspain-21\" data-product-url=\"https:\/\/www.amazon.es\/pruebaprime?tag=televisionspain-21\" data-affiliate=\"true\" data-affiliate-url=\"https:\/\/www.amazon.es\/pruebaprime?tag=diezminutosspain-21\" data-affiliate-network=\"{&quot;site_id&quot;:&quot;b22e688a-7e22-416b-81d8-c6bfbd6717c5&quot;,&quot;metadata&quot;:{&quot;links&quot;:{&quot;default&quot;:&quot;https:\/\/www.amazon.es\/pruebaprime?tag=diezminutosspain-21&quot;}},&quot;network&quot;:{&quot;name&quot;:&quot;Amazon&quot;},&quot;product_metadata&quot;:null,&quot;afflink_redirect&quot;:&quot;\/_p\/afflink\/yFp6\/amazon&quot;}\" data-vars-ga-product-brand=\"amazon.es\" data-vars-ga-product-retailer-id=\"3b8e75e6-fb28-4bc7-9133-9913aa42444d\" data-vars-ga-product-sem3-brand=\"amazon.es\" data-vars-ga-link-treatment=\"(not set) | (not set)\" class=\"body-link product-links css-177bzfx e1aq0z090\">Prime Video<\/a> y Mediaset Infinity<\/strong> (anteriormente Mitele Plus). Aunque, como ella misma ha reconocido, tambi\u00e9n <a href=\"https:\/\/www.diezminutos.es\/teleprograma\/series-tv\/a64709005\/natalia-sanchez-los-serrano-consecuencias-emocionales-fama\/\" target=\"_blank\" data-vars-ga-outbound-link=\"https:\/\/www.diezminutos.es\/teleprograma\/series-tv\/a64709005\/natalia-sanchez-los-serrano-consecuencias-emocionales-fama\/\" data-vars-ga-ux-element=\"Hyperlink\" data-vars-ga-call-to-action=\"conllev\u00f3 consecuencias emocionales a ra\u00edz de aquella fama tan repentina\" data-node-id=\"18.5\" class=\"body-link css-177bzfx emevuu60\" rel=\"nofollow noopener\">conllev\u00f3 consecuencias emocionales a ra\u00edz de aquella fama tan repentina<\/a>. Pero eso no ha impedido que, con ayuda de su entorno y de profesionales, haya mantenido su foco muy centrado en una vida normal y una carrera repleta de peque\u00f1os pasos. Por eso, tras el fen\u00f3meno de la serie de Globomedia, Natalia no ha dejado de trabajar.<\/p>\n<p data-journey-content=\"true\" data-node-id=\"20\" class=\"css-6wxqfj emevuu60\"><a href=\"https:\/\/www.amazon.es\/pruebaprime?tag=diezminutosspain-21\" target=\"_blank\" data-vars-ga-outbound-link=\"https:\/\/www.amazon.es\/pruebaprime?tag=televisionspain-21\" data-vars-ga-call-to-action=\"VER &#039;LOS SERRANO&#039; EN PRIME VIDEO\" rel=\"nofollow noopener\" data-vars-ga-ux-element=\"Hyperlink\" data-vars-ga-product-id=\"b07ed9e6-9539-4fb9-9330-f378b357932e\" data-node-id=\"20.0\" data-href=\"https:\/\/www.amazon.es\/pruebaprime?tag=televisionspain-21\" data-product-url=\"https:\/\/www.amazon.es\/pruebaprime?tag=televisionspain-21\" data-affiliate=\"true\" data-affiliate-url=\"https:\/\/www.amazon.es\/pruebaprime?tag=diezminutosspain-21\" data-affiliate-network=\"{&quot;site_id&quot;:&quot;b22e688a-7e22-416b-81d8-c6bfbd6717c5&quot;,&quot;metadata&quot;:{&quot;links&quot;:{&quot;default&quot;:&quot;https:\/\/www.amazon.es\/pruebaprime?tag=diezminutosspain-21&quot;}},&quot;network&quot;:{&quot;name&quot;:&quot;Amazon&quot;},&quot;product_metadata&quot;:null,&quot;afflink_redirect&quot;:&quot;\/_p\/afflink\/yFp6\/amazon&quot;}\" data-vars-ga-product-brand=\"amazon.es\" data-vars-ga-product-retailer-id=\"3b8e75e6-fb28-4bc7-9133-9913aa42444d\" data-vars-ga-product-sem3-brand=\"amazon.es\" data-vars-ga-link-treatment=\"(not set) | (not set)\" class=\"body-btn-link product-links-button css-1yd3z1 e1aq0z090\">VER &#8216;LOS SERRANO&#8217; EN PRIME VIDEO<\/a><\/p>\n<p>Natalia S\u00e1nchez: casi 25 a\u00f1os de \u00e9xitos televisivos y personales<\/p>\n<p data-journey-content=\"true\" data-node-id=\"24\" class=\"css-6wxqfj emevuu60\">Aunque solo tiene 35 a\u00f1os, acumula muchos logros en su carrera. Entre los m\u00e1s tempranos est\u00e1n <a href=\"https:\/\/www.diezminutos.es\/telenovela\/espanolas\/a64809876\/acusados-serie-espanola-natalia-sanchez-comparacion-suenos-de-libertad\/\" target=\"_blank\" data-vars-ga-outbound-link=\"https:\/\/www.diezminutos.es\/telenovela\/espanolas\/a64809876\/acusados-serie-espanola-natalia-sanchez-comparacion-suenos-de-libertad\/\" data-vars-ga-ux-element=\"Hyperlink\" data-vars-ga-call-to-action=\"&#039;Acusados&#039;\" data-node-id=\"24.1\" class=\"body-link css-177bzfx emevuu60\" rel=\"nofollow noopener\">&#8216;Acusados&#8217;<\/a>, su siguiente serie tras &#8216;Los Serrano&#8217;, aunque con el tiempo acab\u00f3 demostrando su val\u00eda tambi\u00e9n en ficciones de \u00e9poca como <a href=\"https:\/\/www.diezminutos.es\/telenovela\/espanolas\/a61800804\/suenos-de-libertad-serie-parecida-rtve-play-gratis-natalia-sanchez-la-memoria-del-agua\/\" target=\"_blank\" data-vars-ga-outbound-link=\"https:\/\/www.diezminutos.es\/telenovela\/espanolas\/a61800804\/suenos-de-libertad-serie-parecida-rtve-play-gratis-natalia-sanchez-la-memoria-del-agua\/\" data-vars-ga-ux-element=\"Hyperlink\" data-vars-ga-call-to-action=\"&#039;La memoria del agua&#039;\" data-node-id=\"24.3\" class=\"body-link css-177bzfx emevuu60\" rel=\"nofollow noopener\">&#8216;La memoria del agua&#8217;<\/a>, &#8216;Amar en tiempos revueltos, su primera incursi\u00f3n en las telenovelas, o &#8216;Los herederos de la tierra&#8217;.<\/p>\n<p><img draggable=\"true\" alt=\"natalia sanchez en 'amar en tiempos revueltos'\" title=\"Natalia Sanchez en 'Amar en tiempos revueltos'\" loading=\"lazy\" width=\"2550\" height=\"3825\" decoding=\"async\" data-nimg=\"1\" style=\"color:transparent;width:100%;height:auto;\"   src=\"https:\/\/www.europesays.com\/es\/wp-content\/uploads\/2025\/09\/natalia-sanchez-amar-en-tiempos-revueltos-68da5766c514c.jpg\" class=\"css-0 e1g79fud0\"\/><\/p>\n<p>RTVE<\/p>\n<p data-journey-content=\"true\" data-node-id=\"27\" class=\"css-6wxqfj emevuu60\">Eso s\u00ed, <strong data-node-id=\"27.1\">si tenemos que hablar de un per\u00edodo de esplendor en su carrera, probablemente sea el actual, coincidente con una etapa preciosa en su vida. <\/strong>En el presente disfruta de una <a href=\"https:\/\/www.diezminutos.es\/famosos-corazon\/famosos-espanoles\/a64752626\/natalia-sanchez-marido-marc-clotet-gala-people-in-red\/\" target=\"_blank\" data-vars-ga-outbound-link=\"https:\/\/www.diezminutos.es\/famosos-corazon\/famosos-espanoles\/a64752626\/natalia-sanchez-marido-marc-clotet-gala-people-in-red\/\" data-vars-ga-ux-element=\"Hyperlink\" data-vars-ga-call-to-action=\"s\u00f3lida relaci\u00f3n con el tambi\u00e9n actor Marc Clotet\" data-node-id=\"27.3\" class=\"body-link css-177bzfx emevuu60\" rel=\"nofollow noopener\">s\u00f3lida relaci\u00f3n con el tambi\u00e9n actor Marc Clotet<\/a>, junto a quien ha formado una bonita familia coronada por la llegada de sus dos hijos, L\u00eda (2019) y Neo (2020). Pero es que en lo profesional no para de acumular alegr\u00edas. <\/p>\n<p><img draggable=\"true\" alt=\"natalia sanchez y marc clotet\" title=\"natalia sanchez y marc clotet\" loading=\"lazy\" width=\"5616\" height=\"3744\" decoding=\"async\" data-nimg=\"1\" style=\"color:transparent;width:100%;height:auto;\"   src=\"https:\/\/www.europesays.com\/es\/wp-content\/uploads\/2025\/09\/natalia-sanchez-y-marc-clotet-682318514c61c.jpg\" class=\"css-0 e1g79fud0\"\/><\/p>\n<p>Pau de la Calle<\/p>\n<p data-journey-content=\"true\" data-node-id=\"30\" class=\"css-6wxqfj emevuu60\">El pasado a\u00f1o 2024 estren\u00f3 nada menos que dos series, ambas de emisi\u00f3n diaria, como son la citada <strong data-node-id=\"30.1\">&#8216;Sue\u00f1os de libertad&#8217; y <a href=\"https:\/\/www.diezminutos.es\/telenovela\/espanolas\/a60253263\/regreso-a-las-sabinas-serie-diaria-diagonal-tv-reparto-disney-plus\/\" target=\"_blank\" data-vars-ga-outbound-link=\"https:\/\/www.diezminutos.es\/telenovela\/espanolas\/a60253263\/regreso-a-las-sabinas-serie-diaria-diagonal-tv-reparto-disney-plus\/\" data-vars-ga-ux-element=\"Hyperlink\" data-vars-ga-call-to-action=\"&#039;Regreso a Las Sabinas&#039;\" data-node-id=\"30.1.1\" class=\"body-link css-177bzfx emevuu60\" rel=\"nofollow noopener\">&#8216;Regreso a Las Sabinas&#8217;<\/a><\/strong> y, mientras la ficci\u00f3n de Antena 3 sigue siendo una de las series m\u00e1s vistas de la televisi\u00f3n en abierto, la segunda ha logrado un hito que pocas producciones espa\u00f1olas ostentan y es que acaba de ser <a href=\"https:\/\/www.diezminutos.es\/telenovela\/espanolas\/a68070392\/regreso-a-las-sabinas-emmy-nominada-natalia-sanchez-suenos-de-libertad\/\" target=\"_blank\" data-vars-ga-outbound-link=\"https:\/\/www.diezminutos.es\/telenovela\/espanolas\/a68070392\/regreso-a-las-sabinas-emmy-nominada-natalia-sanchez-suenos-de-libertad\/\" data-vars-ga-ux-element=\"Hyperlink\" data-vars-ga-call-to-action=\"nominada a los Premios Emmy Internacional en la categor\u00eda de Mejor Telenovela\" data-node-id=\"30.3\" class=\"body-link css-177bzfx emevuu60\" rel=\"nofollow noopener\">nominada a los Premios Emmy Internacional en la categor\u00eda de Mejor Telenovela<\/a> compartiendo honor con  &#8216;<a href=\"https:\/\/www.diezminutos.es\/valle-salvaje\/\" target=\"_blank\" data-vars-ga-outbound-link=\"https:\/\/www.diezminutos.es\/valle-salvaje\/\" data-vars-ga-ux-element=\"Hyperlink\" data-vars-ga-call-to-action=\"Valle Salvaje\" data-node-id=\"30.5\" data-mrf-link=\"https:\/\/www.diezminutos.es\/valle-salvaje\/\" class=\"body-link css-177bzfx emevuu60\" rel=\"nofollow noopener\">Valle Salvaje<\/a>&#8216;. <strong data-node-id=\"30.7\">Habr\u00e1 que esperar para comprobar si Natalia tiene que celebrar ese deseado galard\u00f3n junto a sus compa\u00f1eros<\/strong> como <a href=\"https:\/\/www.diezminutos.es\/telenovela\/espanolas\/a63016791\/la-promesa-premio-emmy-internacional-2024-mejor-telenovela\/\" target=\"_blank\" data-vars-ga-outbound-link=\"https:\/\/www.diezminutos.es\/telenovela\/espanolas\/a63016791\/la-promesa-premio-emmy-internacional-2024-mejor-telenovela\/\" data-vars-ga-ux-element=\"Hyperlink\" data-vars-ga-call-to-action=\"el pasado a\u00f1o ocurri\u00f3 con el reparto de &#039;La Promesa&#039;\" data-node-id=\"30.9\" class=\"body-link css-177bzfx emevuu60\" rel=\"nofollow noopener\">el pasado a\u00f1o ocurri\u00f3 con el reparto de &#8216;La Promesa&#8217;<\/a>.<\/p>\n<p><img src=\"https:\/\/www.europesays.com\/es\/wp-content\/uploads\/2025\/09\/1759162572_591_c846bc45-0529-47f5-9c7d-b54f2b3afed7_1682587735.file\" alt=\"Headshot of Nora C\u00e1mara\" title=\"Headshot of Nora C\u00e1mara\" width=\"100%\" height=\"100%\" decoding=\"async\" loading=\"lazy\" class=\"css-o0wq4v ev8dhu53\"\/><\/p>\n<p>Nora es experta en contenidos de cine y televisi\u00f3n en la web de Diez Minutos. Sus intereses personales y profesionales se cruzan en su labor en esta revista, pues dedica su tiempo a estar al d\u00eda en los \u00faltimos estrenos en salas y plataformas, tanto para no perd\u00e9rselos como para recomendarlos. Pero que nadie sufra, tambi\u00e9n desconecta con la m\u00fasica en directo, la lectura y los viajes. \u00a0<\/p>\n<p>Prescriptora audiovisual por verdadera afici\u00f3n, siempre est\u00e1 dispuesta a arrastrarte con ella al apasionante mundo de las sagas como Harry Potter, Star Wars o Marvel, as\u00ed como a sugerirte la \u00faltima serie adictiva que no debes perderte de Netflix, HBO Max, Disney+, Movistar+ y Amazon Prime Video. Eso s\u00ed, si tienes un arrebato de nostalgia, tambi\u00e9n te recordar\u00e1 el cl\u00e1sico perfecto para cualquier estado de \u00e1nimo o tem\u00e1tica que te interese, desde el musical o la ciencia ficci\u00f3n a las adaptaciones literarias.\u00a0<\/p>\n<p>Nora C\u00e1mara se gradu\u00f3 en Periodismo y Comunicaci\u00f3n Audiovisual en la Universidad Carlos III de Madrid en 2015, donde defini\u00f3 su pasi\u00f3n por los contenidos de cine y televisi\u00f3n. Continu\u00f3 su especializaci\u00f3n en estas materias con diversas formaciones de Guion de televisi\u00f3n y Cr\u00edtica cinematogr\u00e1fica, llev\u00e1ndole a mejorar su experiencia en las revistas del grupo HEARST Teleprograma, Supertele y Telenovela, antes de su llegada a Diez Minutos, hace dos a\u00f1os. \u00a0<\/p>\n","protected":false},"excerpt":{"rendered":"Cuando comenz\u00f3 a trabajar como actriz, hace 24 a\u00f1os, seguro que no imaginaba lo bien que le ir\u00eda&hellip;\n","protected":false},"author":2,"featured_media":146822,"comment_status":"","ping_status":"","sticky":false,"template":"","format":"standard","meta":{"footnotes":""},"categories":[171],"tags":[253,146,147,25,24,23,214],"class_list":{"0":"post-146821","1":"post","2":"type-post","3":"status-publish","4":"format-standard","5":"has-post-thumbnail","7":"category-tv","8":"tag-discover","9":"tag-entertainment","10":"tag-entretenimiento","11":"tag-es","12":"tag-espana","13":"tag-spain","14":"tag-tv"},"share_on_mastodon":{"url":"","error":""},"_links":{"self":[{"href":"https:\/\/www.europesays.com\/es\/wp-json\/wp\/v2\/posts\/146821","targetHints":{"allow":["GET"]}}],"collection":[{"href":"https:\/\/www.europesays.com\/es\/wp-json\/wp\/v2\/posts"}],"about":[{"href":"https:\/\/www.europesays.com\/es\/wp-json\/wp\/v2\/types\/post"}],"author":[{"embeddable":true,"href":"https:\/\/www.europesays.com\/es\/wp-json\/wp\/v2\/users\/2"}],"replies":[{"embeddable":true,"href":"https:\/\/www.europesays.com\/es\/wp-json\/wp\/v2\/comments?post=146821"}],"version-history":[{"count":0,"href":"https:\/\/www.europesays.com\/es\/wp-json\/wp\/v2\/posts\/146821\/revisions"}],"wp:featuredmedia":[{"embeddable":true,"href":"https:\/\/www.europesays.com\/es\/wp-json\/wp\/v2\/media\/146822"}],"wp:attachment":[{"href":"https:\/\/www.europesays.com\/es\/wp-json\/wp\/v2\/media?parent=146821"}],"wp:term":[{"taxonomy":"category","embeddable":true,"href":"https:\/\/www.europesays.com\/es\/wp-json\/wp\/v2\/categories?post=146821"},{"taxonomy":"post_tag","embeddable":true,"href":"https:\/\/www.europesays.com\/es\/wp-json\/wp\/v2\/tags?post=146821"}],"curies":[{"name":"wp","href":"https:\/\/api.w.org\/{rel}","templated":true}]}}