{"id":146823,"date":"2025-09-29T16:17:10","date_gmt":"2025-09-29T16:17:10","guid":{"rendered":"https:\/\/www.europesays.com\/es\/146823\/"},"modified":"2025-09-29T16:17:10","modified_gmt":"2025-09-29T16:17:10","slug":"premios-juventud-moda-cultura-emo-y-plan-de-finde","status":"publish","type":"post","link":"https:\/\/www.europesays.com\/es\/146823\/","title":{"rendered":"Premios Juventud, moda, cultura emo y plan de finde"},"content":{"rendered":"<p>En <strong>\u2018Todo por hacer\u2019 de Radio 5<\/strong> nos detenemos primero en la \u00faltima edici\u00f3n de los <strong>Premios Juventud 2025<\/strong>, celebrados esta pasada madrugada en Panam\u00e1. La gala coron\u00f3 a <strong>Karol G<\/strong> como Artista del A\u00f1o, consolidando su liderazgo en la m\u00fasica latina. Junto a ella, <strong>Bad Bunny<\/strong> fue uno de los grandes triunfadores de la noche al llevarse tres galardones que refuerzan su posici\u00f3n como referente global. <\/p>\n<p>Tras ello, descubrimos uno d los <strong>estrenos musicales de este viernes.<\/strong> Lo nuevo de <strong>Sebasti\u00e1n Yatra<\/strong> en colaboraci\u00f3n con <strong>Lucho RK<\/strong>, <strong>Belinda<\/strong> y <strong>Gente De Zona<\/strong>: la canci\u00f3n titulada &#8216;Canci\u00f3n Para Regresar&#8217;, que marca uno de los lanzamientos m\u00e1s esperados del momento.<\/p>\n<p>A continuaci\u00f3n, la periodista especializada en moda <strong>Mayte Lozano Fern\u00e1ndez<\/strong> analiza una tendencia que est\u00e1 generando conversaci\u00f3n en redes sociales: los <strong>vestidos sobre pantalones<\/strong>. Una combinaci\u00f3n que divide opiniones pero que se abre paso en el street style y en las pasarelas.<\/p>\n<p>El espacio tambi\u00e9n incluye la secci\u00f3n <strong>\u2018No eres tan joven como crees\u2019<\/strong>, donde <strong>Sara Calvo<\/strong> aborda la influencia y legado de la cultura <strong>emo<\/strong>, un movimiento musical y est\u00e9tico que marc\u00f3 a una generaci\u00f3n y que sigue dejando huella en la identidad juvenil.<\/p>\n<p>Finalmente, la periodista de cultura <strong>Alba Vicente<\/strong> comparte sus recomendaciones culturales para el fin de semana, con propuestas que abarcan m\u00fasica, teatro, cine y exposiciones. Una gu\u00eda pr\u00e1ctica para aprovechar al m\u00e1ximo la agenda cultural.<\/p>\n","protected":false},"excerpt":{"rendered":"En \u2018Todo por hacer\u2019 de Radio 5 nos detenemos primero en la \u00faltima edici\u00f3n de los Premios Juventud&hellip;\n","protected":false},"author":2,"featured_media":146824,"comment_status":"","ping_status":"","sticky":false,"template":"","format":"standard","meta":{"footnotes":""},"categories":[170],"tags":[45061,146,147,25,24,1023,184,185,133,33635,1448,1986,1987,23,40893],"class_list":{"0":"post-146823","1":"post","2":"type-post","3":"status-publish","4":"format-standard","5":"has-post-thumbnail","7":"category-musica","8":"tag-cultura-emo-y-plan-de-finde","9":"tag-entertainment","10":"tag-entretenimiento","11":"tag-es","12":"tag-espana","13":"tag-moda","14":"tag-music","15":"tag-musica","16":"tag-online","17":"tag-premios-juventud","18":"tag-radio","19":"tag-rne","20":"tag-rtve-play","21":"tag-spain","22":"tag-todo-por-hacer"},"share_on_mastodon":{"url":"","error":""},"_links":{"self":[{"href":"https:\/\/www.europesays.com\/es\/wp-json\/wp\/v2\/posts\/146823","targetHints":{"allow":["GET"]}}],"collection":[{"href":"https:\/\/www.europesays.com\/es\/wp-json\/wp\/v2\/posts"}],"about":[{"href":"https:\/\/www.europesays.com\/es\/wp-json\/wp\/v2\/types\/post"}],"author":[{"embeddable":true,"href":"https:\/\/www.europesays.com\/es\/wp-json\/wp\/v2\/users\/2"}],"replies":[{"embeddable":true,"href":"https:\/\/www.europesays.com\/es\/wp-json\/wp\/v2\/comments?post=146823"}],"version-history":[{"count":0,"href":"https:\/\/www.europesays.com\/es\/wp-json\/wp\/v2\/posts\/146823\/revisions"}],"wp:featuredmedia":[{"embeddable":true,"href":"https:\/\/www.europesays.com\/es\/wp-json\/wp\/v2\/media\/146824"}],"wp:attachment":[{"href":"https:\/\/www.europesays.com\/es\/wp-json\/wp\/v2\/media?parent=146823"}],"wp:term":[{"taxonomy":"category","embeddable":true,"href":"https:\/\/www.europesays.com\/es\/wp-json\/wp\/v2\/categories?post=146823"},{"taxonomy":"post_tag","embeddable":true,"href":"https:\/\/www.europesays.com\/es\/wp-json\/wp\/v2\/tags?post=146823"}],"curies":[{"name":"wp","href":"https:\/\/api.w.org\/{rel}","templated":true}]}}