{"id":146825,"date":"2025-09-29T16:18:09","date_gmt":"2025-09-29T16:18:09","guid":{"rendered":"https:\/\/www.europesays.com\/es\/146825\/"},"modified":"2025-09-29T16:18:09","modified_gmt":"2025-09-29T16:18:09","slug":"los-10-mejores-estrenos-de-cine-espanol-que-llegan-en-octubre-de-la-premiada-los-domingos-al-thriller-sobre-eta-de-netflix-un-fantasma-en-la-batalla","status":"publish","type":"post","link":"https:\/\/www.europesays.com\/es\/146825\/","title":{"rendered":"Los 10 mejores estrenos de cine espa\u00f1ol que llegan en octubre: de la premiada \u2018Los domingos\u2019 al thriller sobre ETA de Netflix \u2018Un fantasma en la batalla\u2019"},"content":{"rendered":"<p><img alt=\"'D\u00edas de caza', 'Extra\u00f1o r\u00edo',\" class=\"global-image\" decoding=\"async\" fetchpriority=\"high\" height=\"1080\" loading=\"eager\" src=\"https:\/\/www.europesays.com\/es\/wp-content\/uploads\/2025\/09\/OCZ4REMNFJFV7G5ZSINDMMFN64.jpg\" width=\"1920\"\/>&#8216;D\u00edas de caza&#8217;, &#8216;Extra\u00f1o r\u00edo&#8217;, &#8216;Karmele&#8217;, &#8216;La cena&#8217;, La deuda&#8217;, &#8216;La tregua&#8217;, &#8216;Los Tigres&#8217;, &#8216;Los domingos&#8217;, &#8216;Un fantasma en la batalla&#8217; y &#8216;Vieja loca&#8217;, pel\u00edculas espa\u00f1olas destacadas del mes. <\/p>\n<p class=\"paragraph\">El mes de octubre es por antonomasia uno de los grandes momentos de <b>desembarco del cine espa\u00f1ol<\/b> en la cartelera. Muchas de las pel\u00edculas que se estrenar\u00e1n acaban de pasar por el <a rel=\"noopener noreferrer nofollow\" href=\"https:\/\/www.infobae.com\/espana\/cultura\/2025\/09\/27\/lo-mejor-y-lo-peor-del-festival-de-san-sebastian-2025-el-cine-espanol-se-luce-y-las-estrellas-de-hollywood-se-esconden-y-solo-posan-para-la-alfombra-roja\/\" target=\"_blank\" title=\"https:\/\/www.infobae.com\/espana\/cultura\/2025\/09\/27\/lo-mejor-y-lo-peor-del-festival-de-san-sebastian-2025-el-cine-espanol-se-luce-y-las-estrellas-de-hollywood-se-esconden-y-solo-posan-para-la-alfombra-roja\/\"><b>Festival de San <\/b><b>Sebasti\u00e1n<\/b><\/a> o participar\u00e1n en algunos de los cert\u00e1menes del oto\u00f1o, como es el caso de Sitges o Seminci. <\/p>\n<p class=\"paragraph\">Hemos elegido 10 de los trabajos m\u00e1s interesantes que llegar\u00e1n a las salas y que corresponden a todos los g\u00e9neros posibles, de la comedia al drama, pasando por el policiaco o el terror. A estos t\u00edtulos tambi\u00e9n se suman otros como lo nuevo de <b>Imanol Uribe<\/b>, titulado La sospecha de Sof\u00eda, una historia de espionaje durante la Guerra Fr\u00eda protagonizada por<b> Aura Garrido<\/b> y <b>\u00c1lex Gonz\u00e1lez<\/b> o Parecido a un asesinato, de Antonio Hern\u00e1ndez, con <a rel=\"noopener noreferrer nofollow\" href=\"https:\/\/www.infobae.com\/espana\/2025\/03\/24\/la-vida-personal-de-blanca-suarez-la-primera-actriz-en-grabar-en-atapuerca-y-sus-relaciones\/\" target=\"_blank\" title=\"https:\/\/www.infobae.com\/espana\/2025\/03\/24\/la-vida-personal-de-blanca-suarez-la-primera-actriz-en-grabar-en-atapuerca-y-sus-relaciones\/\"><b>Blanca Su\u00e1rez<\/b><\/a>, Eduardo Noriega y Tamar Novas, un thriller psicol\u00f3gico basado en la novela de Juan Bolea. <\/p>\n<p class=\"paragraph\">Adem\u00e1s, la pel\u00edcula de terror <b>Malef\u00edcio (La regla de Osha)<\/b>, sobre un joven pandillero que debe iniciarse en un ritual &#8216;ocultista\u2019 para entrar en una banda o el documental <b>Dolores Ib\u00e1rruri. Pasionaria<\/b>, de Amparo Climent. Por \u00faltimo, Hasta que me quede sin voz, alrededor del m\u00fasico <a rel=\"noopener noreferrer nofollow\" href=\"https:\/\/www.infobae.com\/espana\/2025\/04\/03\/que-le-paso-a-leiva-en-el-ojo-y-la-frase-que-le-cambio-la-vida\/\" target=\"_blank\" title=\"https:\/\/www.infobae.com\/espana\/2025\/04\/03\/que-le-paso-a-leiva-en-el-ojo-y-la-frase-que-le-cambio-la-vida\/\"><b>Leiva<\/b><\/a>. <\/p>\n<p class=\"paragraph\">La <a rel=\"noopener noreferrer nofollow\" href=\"https:\/\/www.infobae.com\/espana\/cultura\/2025\/09\/22\/la-historia-de-una-nina-que-quiere-ser-monja-la-pelicula-espanola-que-habla-sobre-la-fe-y-la-manipulacion-religiosa\/\" target=\"_blank\" title=\"https:\/\/www.infobae.com\/espana\/cultura\/2025\/09\/22\/la-historia-de-una-nina-que-quiere-ser-monja-la-pelicula-espanola-que-habla-sobre-la-fe-y-la-manipulacion-religiosa\/\">gran ganadora del Festival de San Sebasti\u00e1n<\/a> aterriza en los cines el pr\u00f3ximo 24 de octubre despu\u00e9s de haber conseguido la <b>Concha de Oro<\/b>. La segunda pel\u00edcula de la directora de <b>Cinco lobitos<\/b> y de la serie de Movistar Plus+ <b>Quere<\/b><b>r<\/b>, aborda la fe y la religi\u00f3n a trav\u00e9s de varias perspectivas, la de una adolescente que quiere ser monja de clausura y la del entorno familiar que la rodea, en el que destaca la oposici\u00f3n de su t\u00eda, interpretada por <b>Patricia L\u00f3pez Arn\u00e1iz<\/b>, que considera que la joven est\u00e1 siendo manipulada para integrarse dentro de la Iglesia. <\/p>\n<p class=\"paragraph\">Una pel\u00edcula austera e inc\u00f3moda, que sit\u00faa al espectador en la tesitura de tener que <b>enfrentarse a sus prejuicios<\/b> sin que entre en juego ning\u00fan tipo de sensacionalismo ni subrayado ideol\u00f3gico. <\/p>\n<p class=\"paragraph\">La \u00f3pera prima de este debutante catal\u00e1n, cuyo guion est\u00e1 escrito junto a Meritxell Colell fue una de las sensaciones de la <b>Secci\u00f3n<\/b><b> Orizzonti<\/b> del Festival de Venecia, donde se present\u00f3. <\/p>\n<p class=\"paragraph\">Se trata del <b>viaje <\/b><b>inici\u00e1tico<\/b> (tanto f\u00edsico como interior) de un joven de 16 a\u00f1os que se mueve en bicicleta con su familia por las <b>orillas del Danubio<\/b>. Una \u2018road-movie\u2019 que se ver\u00e1 alterada por la enigm\u00e1tica aparici\u00f3n de un chico entre las aguas del r\u00edo que ejercer\u00e1 un misterioso influjo en el protagonista. <\/p>\n<p class=\"paragraph\">Una pel\u00edcula en la que se mezcla la <b>poes\u00eda<\/b>, la sensibilidad y la capacidad para \u2018subvertir\u2019 las reglas del relato convencional para darles un nuevo sentido. Se estrena este viernes 3 de octubre. <\/p>\n<p class=\"paragraph\">La nueva pel\u00edcula del m\u00edtico director de pel\u00edculas como Nadie hablar\u00e1 de nosotras cuando hayamos muerto o la adaptaci\u00f3n de <b>Alatriste<\/b>, se sumerge ahora en el thriller a trav\u00e9s de la historia de <a rel=\"noopener noreferrer nofollow\" href=\"https:\/\/www.infobae.com\/espana\/cultura\/2025\/09\/24\/un-fantasma-en-la-batalla-la-gran-apuesta-de-netflix-sobre-eta-que-va-mas-alla-que-la-infiltrada-un-thriller-escalofriantemente-real\/\" target=\"_blank\" title=\"https:\/\/www.infobae.com\/espana\/cultura\/2025\/09\/24\/un-fantasma-en-la-batalla-la-gran-apuesta-de-netflix-sobre-eta-que-va-mas-alla-que-la-infiltrada-un-thriller-escalofriantemente-real\/\">una joven que se introducir\u00e1 dentro de la <b>banda terrorista ETA <\/b>como <b>agente encubierta<\/b><\/a>. A pesar de las similitudes con <b>La infiltrada<\/b>, el director, apoyado en la producci\u00f3n por los responsables de La sociedad de la nieve, compone un relato propio marcado por el clasicismo, por el uso de material documental y por las canciones italianas.<\/p>\n<p><img alt=\"Andr\u00e9s Gretr\u00fadix y Susana Abaitua\" class=\"global-image\" decoding=\"async\" fetchpriority=\"low\" height=\"1400\" loading=\"lazy\" src=\"https:\/\/www.europesays.com\/es\/wp-content\/uploads\/2025\/09\/SK4427ZCPRGIZBL3N4XPNAGRR4.webp\" width=\"2048\"\/>Andr\u00e9s Gretr\u00fadix y Susana Abaitua en &#8216;Un fantasma en la batalla&#8217;, de Agust\u00edn D\u00edaz Yanes (Netflix)<\/p>\n<p class=\"paragraph\">Estupendo reparto capitaneado por <b>Susana Abait\u00faa<\/b> en el que tambi\u00e9n encontramos a Andr\u00e9s Gertr\u00fadix, Iraia El\u00edas, Ra\u00fal Ar\u00e9valo o Ariadna Gil. Al ser un <b>original de Netflix <\/b>se estrenar\u00e1 en la plataforma el 17 de octubre. <\/p>\n<p class=\"paragraph\">Despu\u00e9s de su paso por la Secci\u00f3n del Festival de San Sebasti\u00e1n, donde gan\u00f3 el premio a la <b>Mejor Fotograf\u00eda<\/b>, obra de Pau Esteve Birba (por la <a rel=\"noopener noreferrer nofollow\" href=\"https:\/\/www.infobae.com\/espana\/cultura\/2025\/09\/20\/alberto-rodriguez-supera-las-expectativas-con-su-nuevo-thriller-una-pelicula-que-apuesta-por-la-tension-subacuatica-y-el-drama-social\/\" target=\"_blank\" title=\"https:\/\/www.infobae.com\/espana\/cultura\/2025\/09\/20\/alberto-rodriguez-supera-las-expectativas-con-su-nuevo-thriller-una-pelicula-que-apuesta-por-la-tension-subacuatica-y-el-drama-social\/\">complejidad de sus <b>escenas <\/b><b>subacu\u00e1ticas<\/b><\/a>) se estrena el 31 de octubre este thriller sobre dos hermanos que se dedican al buceo profesional para una empresa petrol\u00edfera y que se ver\u00e1n envueltos en una trama de narcotr\u00e1fico. <\/p>\n<p class=\"paragraph\">Est\u00e1 protagonizada por <b>B\u00e1rbara Lennie<\/b> y <b>Antonio <\/b><b>de la Torre<\/b>, que componen a esta inolvidable pareja de hermanos que se cuidar\u00e1n tanto fuera como dentro del agua. <\/p>\n<p class=\"paragraph\">El cineasta vasco adapta la novela de <b>Kirmen Uribe<\/b> que, a su vez, est\u00e1 <b>basada en hechos reales<\/b>: en 1937, una joven, Karmele y su familia, se refugiar\u00e1n en Francia a causa de la Guerra Civil. All\u00ed ser\u00e1 contactada por la <b>embajada cultural vasca<\/b> en el exilio que tratar\u00e1 de luchar contra represi\u00f3n y la violencia con la <b>m\u00fasica<\/b> y el baile.<\/p>\n<p><img alt=\"Jone Laispur y Eneko Sagardoy\" class=\"global-image\" decoding=\"async\" fetchpriority=\"low\" height=\"840\" loading=\"lazy\" src=\"https:\/\/www.europesays.com\/es\/wp-content\/uploads\/2025\/09\/JO6UBGHUEBEJ7MPB5NNFDMGYSA.webp\" width=\"1200\"\/>Jone Laispur y Eneko Sagardoy en &#8216;Karmele&#8217;<\/p>\n<p class=\"paragraph\">As\u00ed, junto a un trompetista formar\u00e1 un d\u00fao que los llevar\u00e1 hasta Venezuela. Un drama hist\u00f3rico y de \u00e9poca protagonizado por <a rel=\"noopener noreferrer nofollow\" href=\"https:\/\/www.infobae.com\/espana\/cultura\/2025\/04\/24\/la-pelicula-basada-en-hechos-reales-ambientada-en-la-isla-que-es-6-meses-de-francia-y-6-de-espana-mientras-preparabamos-el-rodaje-se-ahogaron-6-personas-y-otras-fueron-arrolladas-por-el-tren\/\" target=\"_blank\" title=\"https:\/\/www.infobae.com\/espana\/cultura\/2025\/04\/24\/la-pelicula-basada-en-hechos-reales-ambientada-en-la-isla-que-es-6-meses-de-francia-y-6-de-espana-mientras-preparabamos-el-rodaje-se-ahogaron-6-personas-y-otras-fueron-arrolladas-por-el-tren\/\"><b>Jone Laspiur<\/b><\/a> y <b>Eneko Sagardoy <\/b>y en el que tambi\u00e9n aparece Nagore Aranburu. En cines, a partir del 10 de octubre. <\/p>\n<p class=\"paragraph\">El argentino<b> Mart\u00edn Mauregui<\/b>, debuta en la direcci\u00f3n despu\u00e9s de haber sido guionista en buena parte de los t\u00edtulos que han configurado la carrera de <b>Pablo Trapero<\/b>, como Leonera, Carancho o Elefante blanco. <\/p>\n<p class=\"paragraph\">En esta ocasi\u00f3n, se pasa al cine de terror con esta historia en la que un hombre recibe el mensaje de su exnovia suplic\u00e1ndole que cuide de su madre, que se encuentra enferma y senil. Y ah\u00ed comenzar\u00e1 una pesadilla que lo llevar\u00e1 por los caminos de la <b>locura m\u00e1s insana<\/b>. <\/p>\n<p class=\"paragraph\"><b>Carmen Maura<\/b> encabeza el reparto junto a <a rel=\"noopener noreferrer nofollow\" href=\"https:\/\/www.infobae.com\/espana\/cultura\/2025\/09\/19\/murio-a-los-103-anos-despues-de-que-sus-hijas-la-intentaran-internar-por-demencia-la-historia-real-de-una-anciana-que-lucho-por-su-libertad\/\" target=\"_blank\" title=\"https:\/\/www.infobae.com\/espana\/cultura\/2025\/09\/19\/murio-a-los-103-anos-despues-de-que-sus-hijas-la-intentaran-internar-por-demencia-la-historia-real-de-una-anciana-que-lucho-por-su-libertad\/\"><b>Daniel Hendler<\/b>, que inaugur\u00f3 San Sebasti\u00e1n como director con una pel\u00edcula<b> 27 noches<\/b><\/a> que tambi\u00e9n hablaba de la vejez, pero desde otra perspectiva antag\u00f3nica. Tambi\u00e9n se estrena el 10 de octubre y est\u00e1 producida con el sello de<b> J.A. Bayona<\/b>. <\/p>\n<p class=\"paragraph\">De nuevo, otra pel\u00edcula basada en hechos reales tan poco conocidos como que existieron espa\u00f1oles que presos en un <b>gulag sovi\u00e9tico<\/b>, tanto soldados republicanos como voluntarios de la Divisi\u00f3n Azul que hab\u00edan ayudado a los nazis durante la II Guerra Mundial, considerados ambos bandos como enemigos del pueblo ruso a pesar de sus diferentes ideolog\u00edas. <\/p>\n<p class=\"paragraph\">Un reparto muy masculino en esta historia de supervivencia bajo cero: <b>Miguel Herr\u00e1n<\/b>,<a rel=\"noopener noreferrer nofollow\" href=\"https:\/\/www.infobae.com\/espana\/cultura\/2025\/09\/22\/aron-piper-sin-filtros-en-un-primer-disco-hago-musica-para-poder-sacar-mi-parte-mas-triste-y-melancolica\/\" target=\"_blank\" title=\"https:\/\/www.infobae.com\/espana\/cultura\/2025\/09\/22\/aron-piper-sin-filtros-en-un-primer-disco-hago-musica-para-poder-sacar-mi-parte-mas-triste-y-melancolica\/\"> <b>Ar\u00f3n Piper<\/b><\/a>, Jos\u00e9 Pastor, Javier Pereira o Fernando Valdivieso. Todos pas\u00e1ndolo muy mal a partir del 10 de octubre. <\/p>\n<p class=\"paragraph\">En 1966 se estren\u00f3 una de las pel\u00edculas espa\u00f1olas m\u00e1s ic\u00f3nicas de todos los tiempos, <b>La caza<\/b>, de <b>Carlos Saura<\/b>, una brutal met\u00e1fora sobre la violencia de la <b>Guerra Civil <\/b>que convertir\u00e1 a tres amigos en enemigos dentro de una jornada de caza.<\/p>\n<p><img alt=\"Blanca Portillo, Carmen Machi y\" class=\"global-image\" decoding=\"async\" fetchpriority=\"low\" height=\"803\" loading=\"lazy\" src=\"https:\/\/www.europesays.com\/es\/wp-content\/uploads\/2025\/09\/IB72VG4OLRCXRGIEIA3YNDOLMY.jpg\" width=\"1920\"\/>Blanca Portillo, Carmen Machi y Rossy de Palma en &#8216;D\u00eda de caza&#8217;, &#8216;remake&#8217; femenino de &#8216;La caza&#8217;, de Carlos Saura<\/p>\n<p class=\"paragraph\">Ahora, se presenta este<b> \u2018remake\u2019 <\/b><b>femenino<\/b> protagonizado por <a rel=\"noopener noreferrer nofollow\" href=\"https:\/\/www.infobae.com\/espana\/cultura\/2025\/06\/05\/carmen-machi-confiesa-cual-es-el-papel-que-menos-le-gusto-interpretar-menos-mal-que-esto-no-lo-va-a-ver-nadie\/\" target=\"_blank\" title=\"https:\/\/www.infobae.com\/espana\/cultura\/2025\/06\/05\/carmen-machi-confiesa-cual-es-el-papel-que-menos-le-gusto-interpretar-menos-mal-que-esto-no-lo-va-a-ver-nadie\/\"><b>Carmen Machi<\/b><\/a>, Rossy de Palma, Blanca Portillo y Zo\u00e9 Arnao. En esta ocasi\u00f3n, la acci\u00f3n tendr\u00e1 lugar en 2024, pero curiosamente en la misma finca donde tuvo lugar la masacre ficticia. Los problemas que cada una arrastra unidos a un clima sofocante y la similitud con la <b>crispaci\u00f3n<\/b><b> pol\u00edtica<\/b> que se vive, arrastrar\u00e1 a los personajes a vivir acontecimientos similares en esta revisi\u00f3n contempor\u00e1nea. <\/p>\n<p class=\"paragraph\">Daniel Guzm\u00e1n vuelve a ponerse delante y detr\u00e1s de la c\u00e1mara despu\u00e9s de <b>A cambio de nada<\/b>, por la que consigui\u00f3 el Goya al mejor director revelaci\u00f3n y <b>Canallas<\/b>. En esta ocasi\u00f3n contin\u00faa explorando el \u00e1mbito de la <b>vejez<\/b> desde una perspectiva social a trav\u00e9s de la historia de un hombre y una anciana que conviven en un c\u00e9ntrico piso hasta que un <b>fondo de <\/b><b>inversi\u00f3n<\/b> adquirir\u00e1 el edificio para convertirlo en <b>pisos <\/b><b>tur\u00edsticos<\/b>. <\/p>\n<p class=\"paragraph\">Junto a <a rel=\"noopener noreferrer nofollow\" href=\"https:\/\/www.infobae.com\/espana\/2024\/08\/01\/condenan-al-actor-daniel-guzman-por-agredir-a-un-grupo-de-jovenes-que-ocuparon-una-vivienda-abandonada-de-su-propiedad\/\" target=\"_blank\" title=\"https:\/\/www.infobae.com\/espana\/2024\/08\/01\/condenan-al-actor-daniel-guzman-por-agredir-a-un-grupo-de-jovenes-que-ocuparon-una-vivienda-abandonada-de-su-propiedad\/\"><b>Daniel Guzm\u00e1n<\/b><\/a>, encontramos a <b>Itziar Itu\u00f1o<\/b>, Susana Abait\u00faa, Rosario Garc\u00eda y<b> Luis Tosar.<\/b> <\/p>\n<p class=\"paragraph\">El m\u00edtico director de comedias de los a\u00f1os noventa como El amor perjudica seriamente la salud, regresa con la adaptaci\u00f3n de la obra de<b> Jos\u00e9 Luis Alonso de Santos<\/b> en la que, dos semanas despu\u00e9s de acabar la Guerra Civil, <b>Franco<\/b> querr\u00e1 celebrar la victoria en el Hotel Palace. Lo que no sabe es que, un grupo de <b>prisioneros republicanos<\/b>, expertos en cocina, ser\u00e1 responsable de preparar el banquete. <\/p>\n<p class=\"paragraph\">Un reparto coral encabezado por<a rel=\"noopener noreferrer nofollow\" href=\"https:\/\/www.infobae.com\/espana\/2025\/09\/24\/mario-casas-vende-su-casa-de-torrelodones-por-15-millones-las-mejores-fotografias-del-inmueble\/\" target=\"_blank\" title=\"https:\/\/www.infobae.com\/espana\/2025\/09\/24\/mario-casas-vende-su-casa-de-torrelodones-por-15-millones-las-mejores-fotografias-del-inmueble\/\"> <b>Mario Casas<\/b><\/a> y <b>Alberto San Juan <\/b>en el que tambi\u00e9n encontramos a Asier Etxeandia, Eva Ugarte, <b>Antonio Resines<\/b>, Nora Hern\u00e1ndez u \u00d3scar Lasarte. <\/p>\n","protected":false},"excerpt":{"rendered":"&#8216;D\u00edas de caza&#8217;, &#8216;Extra\u00f1o r\u00edo&#8217;, &#8216;Karmele&#8217;, &#8216;La cena&#8217;, La deuda&#8217;, &#8216;La tregua&#8217;, &#8216;Los Tigres&#8217;, &#8216;Los domingos&#8217;, &#8216;Un fantasma&hellip;\n","protected":false},"author":2,"featured_media":146826,"comment_status":"","ping_status":"","sticky":false,"template":"","format":"standard","meta":{"footnotes":""},"categories":[169],"tags":[177,146,147,25,24,176,175,23],"class_list":{"0":"post-146825","1":"post","2":"type-post","3":"status-publish","4":"format-standard","5":"has-post-thumbnail","7":"category-cine","8":"tag-cine","9":"tag-entertainment","10":"tag-entretenimiento","11":"tag-es","12":"tag-espana","13":"tag-film","14":"tag-movies","15":"tag-spain"},"share_on_mastodon":{"url":"","error":""},"_links":{"self":[{"href":"https:\/\/www.europesays.com\/es\/wp-json\/wp\/v2\/posts\/146825","targetHints":{"allow":["GET"]}}],"collection":[{"href":"https:\/\/www.europesays.com\/es\/wp-json\/wp\/v2\/posts"}],"about":[{"href":"https:\/\/www.europesays.com\/es\/wp-json\/wp\/v2\/types\/post"}],"author":[{"embeddable":true,"href":"https:\/\/www.europesays.com\/es\/wp-json\/wp\/v2\/users\/2"}],"replies":[{"embeddable":true,"href":"https:\/\/www.europesays.com\/es\/wp-json\/wp\/v2\/comments?post=146825"}],"version-history":[{"count":0,"href":"https:\/\/www.europesays.com\/es\/wp-json\/wp\/v2\/posts\/146825\/revisions"}],"wp:featuredmedia":[{"embeddable":true,"href":"https:\/\/www.europesays.com\/es\/wp-json\/wp\/v2\/media\/146826"}],"wp:attachment":[{"href":"https:\/\/www.europesays.com\/es\/wp-json\/wp\/v2\/media?parent=146825"}],"wp:term":[{"taxonomy":"category","embeddable":true,"href":"https:\/\/www.europesays.com\/es\/wp-json\/wp\/v2\/categories?post=146825"},{"taxonomy":"post_tag","embeddable":true,"href":"https:\/\/www.europesays.com\/es\/wp-json\/wp\/v2\/tags?post=146825"}],"curies":[{"name":"wp","href":"https:\/\/api.w.org\/{rel}","templated":true}]}}