{"id":146836,"date":"2025-09-29T16:24:10","date_gmt":"2025-09-29T16:24:10","guid":{"rendered":"https:\/\/www.europesays.com\/es\/146836\/"},"modified":"2025-09-29T16:24:10","modified_gmt":"2025-09-29T16:24:10","slug":"trump-se-dice-muy-confiado-sobre-su-plan-de-paz-para-gaza-al-recibir-a-netanyahu","status":"publish","type":"post","link":"https:\/\/www.europesays.com\/es\/146836\/","title":{"rendered":"Trump se dice \u00abmuy confiado\u00bb sobre su plan de paz para Gaza al recibir a Netanyahu"},"content":{"rendered":"<p>    <img src=\"https:\/\/www.europesays.com\/es\/wp-content\/uploads\/2025\/09\/1759163050_301_2025-09-29T093A363A36Z-90085060.jpg\" width=\"1024\" height=\"682\" alt=\"\" loading=\"eager\" decoding=\"sync\" fetchpriority=\"high\"\/><\/p>\n<p>            afp_tickers        <\/p>\n<p>        Este contenido fue publicado en    <\/p>\n<p>        29 septiembre 2025 &#8211; 17:46\n<\/p>\n<p>El presidente de Estados Unidos, Donald Trump, se declar\u00f3 este lunes \u00abmuy confiado\u00bb sobre el \u00e9xito de su plan para acabar con la guerra en Gaza al recibir en Washington al primer ministro israel\u00ed, Benjamin Netanyahu.<\/p>\n<p>Trump recibi\u00f3 personalmente a Netanyahu en la entrada de la Casa Blanca, para esta cuarta visita que lleva a cabo el mandatario israel\u00ed a Washington en lo que va de a\u00f1o.<\/p>\n<p>Es una reuni\u00f3n clave para intentar poner fin a un conflicto que arranc\u00f3 hace casi dos a\u00f1os y que ha causado m\u00e1s de 66.000 v\u00edctimas y devastado la Franja de Gaza.<\/p>\n<p>\u00abMuy confiado\u00bb, contest\u00f3 Trump a los periodistas al dar la bienvenida a su aliado, que se ha declarado por su parte muy reservado sobre el \u00e9xito de la negociaci\u00f3n.<\/p>\n<p>Netanyahu considera que a\u00fan queda por concluir \u00abel trabajo\u00bb en Gaza, es decir, eliminar la amenaza que representa el movimiento Ham\u00e1s y lograr el rescate de todos los rehenes, vivos o muertos.<\/p>\n<p>\u00abTenemos una oportunidad real de lograr algo grande en Oriente Medio\u00bb, public\u00f3 Trump el domingo en su plataforma Truth Social.\u00a0<\/p>\n<p>El plan de Trump consta de 21 puntos, y seg\u00fan The Times of Israel y Axios, propone un alto el fuego inmediato, la liberaci\u00f3n de todos los rehenes en 48 horas y una retirada gradual de las fuerzas israel\u00edes.<\/p>\n<p>A cambio Israel liberar\u00eda a m\u00e1s de 1.000 prisioneros palestinos, incluidos los que est\u00e1n condenados a cadena perpetua.<\/p>\n<p>Netanyahu afirm\u00f3 el viernes en un mensaje desafiante en la tribuna de la Asamblea General de Naciones Unidas que aceptar la creaci\u00f3n de un Estado palestino ser\u00eda un \u00absuicidio nacional\u00bb para su pa\u00eds, y asegur\u00f3 que quiere \u00abterminar el trabajo\u00bb en Gaza \u00ablo m\u00e1s r\u00e1pido posible\u00bb.<\/p>\n<p>El primer ministro tambi\u00e9n se muestra reacio a detener su ofensiva militar para tomar Ciudad de Gaza de donde cientos de miles de palestinos han tenido que huir en las \u00faltimas semanas.<\/p>\n<p>\u2013 Signos de frustraci\u00f3n \u2013<\/p>\n<p>Trump ha sido hasta ahora un f\u00e9rreo aliado de Netanyahu. Sin embargo recientemente muestra signos de frustraci\u00f3n ante una guerra que comenz\u00f3 hace casi dos a\u00f1os.<\/p>\n<p>El presidente estadounidense advirti\u00f3 a Netanyahu la semana pasada contra el plan de anexionar Cisjordania, como piden algunos miembros del gabinete del primer ministro israel\u00ed, y tambi\u00e9n se opuso al reciente ataque de Israel contra dirigentes de Ham\u00e1s en Catar, un aliado clave de Estados Unidos.<\/p>\n<p>Los ataques en la principal ciudad gazat\u00ed continuaban este lunes.<\/p>\n<p>Ambos mandatarios tienen prevista una rueda de prensa a las 13H15 locales (17H15 GMT).<\/p>\n<p>\u2013 \u00abSe necesitar\u00eda mucha presi\u00f3n\u00bb \u2013\u00a0<\/p>\n<p>Trump se mostr\u00f3 optimista la semana pasada sobre las perspectivas de un acuerdo tras reunirse con l\u00edderes \u00e1rabes al margen de la Asamblea General de la ONU.<\/p>\n<p>El ex primer ministro brit\u00e1nico Tony Blair fue mencionado en algunos reportes de medios como posible l\u00edder de una autoridad transitoria para Gaza, seg\u00fan las propuestas de Estados Unidos.<\/p>\n<p>El ente conocido como la \u00abAutoridad Internacional de Transici\u00f3n de Gaza\u00bb funcionar\u00eda con el apoyo de la ONU y pa\u00edses del Golfo antes de entregar eventualmente el control a una Autoridad Palestina (AP) reformada.<\/p>\n<p>Netanyahu reiter\u00f3 el domingo su escepticismo sobre la posibilidad de que la Autoridad Palestina pueda reformarse.<\/p>\n<p>\u00abCreo que la credibilidad o la probabilidad de (\u2026) una Autoridad Palestina reformada que cambie completamente sus lineamientos, que acepte un Estado jud\u00edo, que ense\u00f1e a sus hijos a abrazar la coexistencia y la amistad con el Estado jud\u00edo, en lugar de vivir para aniquilarlo (\u2026) bueno, buena suerte,\u00bb dijo a Fox News.<\/p>\n<p>\u2013 Cautela en Gaza \u2013<\/p>\n<p>En Gaza, la poblaci\u00f3n expresa una mezcla de esperanza, agotamiento y desconfianza antes de la reuni\u00f3n en la Casa Blanca.<\/p>\n<p>\u00abNo espero nada de Trump, porque Trump apoya a Netanyahu en la destrucci\u00f3n de la Franja de Gaza y en el desplazamiento de personas para llevar a cabo el proyecto Riviera\u00bb, dijo Mohammed Abu Rabee, de 34 a\u00f1os, en referencia a una propuesta de Trump de convertir el territorio palestino en la \u00abRiviera de Oriente Medio\u00bb.<\/p>\n<p>Otros manifestaron un optimismo cauteloso.<\/p>\n<p>\u00abEsperamos que el plan de Trump tenga \u00e9xito. Queremos que la guerra y las matanzas terminen\u2026 el ej\u00e9rcito ha destruido todo en Gaza, es inhabitable\u00bb, dijo Hossam Abd Rab, de 55 a\u00f1os.<\/p>\n<p>La guerra en Gaza estall\u00f3 tras el ataque de Ham\u00e1s el 7 de octubre de 2023 en Israel, que mat\u00f3 a 1.219 personas, en su mayor\u00eda civiles, seg\u00fan un recuento de AFP a partir de cifras oficiales israel\u00edes.<\/p>\n<p>De las 251 personas secuestradas durante el ataque, 47 siguen retenidas en Gaza, de las cuales 25 est\u00e1n consideradas muertas por el ej\u00e9rcito israel\u00ed.<\/p>\n<p>La ofensiva de Israel ha dejado m\u00e1s de 66.000 palestinos, tambi\u00e9n en su mayor\u00eda civiles, seg\u00fan cifras del Ministerio de Salud en el territorio gobernado por Ham\u00e1s, que la ONU considera fiables.<\/p>\n<p>dk-aue-jz\/mar<\/p>\n","protected":false},"excerpt":{"rendered":"afp_tickers Este contenido fue publicado en 29 septiembre 2025 &#8211; 17:46 El presidente de Estados Unidos, Donald Trump,&hellip;\n","protected":false},"author":2,"featured_media":146837,"comment_status":"","ping_status":"","sticky":false,"template":"","format":"standard","meta":{"footnotes":""},"categories":[42],"tags":[635,11642,17,18,636,11643,83,13,14,4437,11,20823,61,62,63,86,64,11895,19,20,7657,9,10,15,16,88,44965,39975,90,12,21,22,3191,65,66,67],"class_list":{"0":"post-146836","1":"post","2":"type-post","3":"status-publish","4":"format-standard","5":"has-post-thumbnail","7":"category-internacional","8":"tag-armed-conflict","9":"tag-armed-forces","10":"tag-breaking-news","11":"tag-breakingnews","12":"tag-conflict","13":"tag-defence","14":"tag-diplomacy","15":"tag-featured-news","16":"tag-featurednews","17":"tag-government","18":"tag-headlines","19":"tag-human-rights","20":"tag-internacional","21":"tag-international","22":"tag-international-news","23":"tag-international-relations","24":"tag-internationalnews","25":"tag-justice-and-rights","26":"tag-latest-news","27":"tag-latestnews","28":"tag-law-and-order","29":"tag-news","30":"tag-noticias","31":"tag-noticias-destacadas","32":"tag-noticiasdestacadas","33":"tag-politics","34":"tag-prisoners-and-detainees","35":"tag-refugee","36":"tag-ticker","37":"tag-titulares","38":"tag-ultimas-noticias","39":"tag-ultimasnoticias","40":"tag-war","41":"tag-world","42":"tag-world-news","43":"tag-worldnews"},"share_on_mastodon":{"url":"","error":""},"_links":{"self":[{"href":"https:\/\/www.europesays.com\/es\/wp-json\/wp\/v2\/posts\/146836","targetHints":{"allow":["GET"]}}],"collection":[{"href":"https:\/\/www.europesays.com\/es\/wp-json\/wp\/v2\/posts"}],"about":[{"href":"https:\/\/www.europesays.com\/es\/wp-json\/wp\/v2\/types\/post"}],"author":[{"embeddable":true,"href":"https:\/\/www.europesays.com\/es\/wp-json\/wp\/v2\/users\/2"}],"replies":[{"embeddable":true,"href":"https:\/\/www.europesays.com\/es\/wp-json\/wp\/v2\/comments?post=146836"}],"version-history":[{"count":0,"href":"https:\/\/www.europesays.com\/es\/wp-json\/wp\/v2\/posts\/146836\/revisions"}],"wp:featuredmedia":[{"embeddable":true,"href":"https:\/\/www.europesays.com\/es\/wp-json\/wp\/v2\/media\/146837"}],"wp:attachment":[{"href":"https:\/\/www.europesays.com\/es\/wp-json\/wp\/v2\/media?parent=146836"}],"wp:term":[{"taxonomy":"category","embeddable":true,"href":"https:\/\/www.europesays.com\/es\/wp-json\/wp\/v2\/categories?post=146836"},{"taxonomy":"post_tag","embeddable":true,"href":"https:\/\/www.europesays.com\/es\/wp-json\/wp\/v2\/tags?post=146836"}],"curies":[{"name":"wp","href":"https:\/\/api.w.org\/{rel}","templated":true}]}}