{"id":146838,"date":"2025-09-29T16:25:09","date_gmt":"2025-09-29T16:25:09","guid":{"rendered":"https:\/\/www.europesays.com\/es\/146838\/"},"modified":"2025-09-29T16:25:09","modified_gmt":"2025-09-29T16:25:09","slug":"la-uco-analiza-los-correos-que-acreditan-gestiones-de-alvarez-con-la-ucm","status":"publish","type":"post","link":"https:\/\/www.europesays.com\/es\/146838\/","title":{"rendered":"La UCO analiza los correos que acreditan \u201cgestiones\u201d de \u00c1lvarez con la UCM"},"content":{"rendered":"<p><strong>La Unidad Central Operativa (UCO) de la Guardia Civil<\/strong> ha remitido al juez Peinado un informe en el que analiza el contenido de los <strong>121 correos electr\u00f3nicos que se intercambiaron Cristina \u00c1lvarez y la Universidad Complutense de Madrid.<\/strong> En el escrito, la unidad policial ha acreditado \u00ab<strong>gestiones<\/strong>\u00bb entre la que fuera asesora de Bego\u00f1a G\u00f3mez en la Moncloa, y diferentes empresas con el prop\u00f3sito de buscar financiaci\u00f3n para la c\u00e1tedra de la mujer de Pedro S\u00e1nchez en la UCM. <\/p>\n<p>As\u00ed lo ha detallado la unidad policial en un informe de 34 p\u00e1ginas al que ha tenido acceso RTVE y que certificar\u00eda la participaci\u00f3n de <strong>\u00c1lvarez en acuerdos con la universidad p\u00fablica<\/strong>. La UCO ha analizado los correos intercambiados entre el 16 de abril de 2021 y el 12 de junio de 2024 que tratan \u00abfundamentalmente de <strong>asuntos vinculados a la c\u00e1tedra<\/strong>\u00bb de Transformaci\u00f3n Social Competitiva de G\u00f3mez en la Complutense. La asesora de G\u00f3mez envi\u00f3 gran parte de estos emails al entonces vicerrector de Relaciones Institucionales de la UCM, <strong>Juan Carlos Doadrio<\/strong>, aunque en la mayor\u00eda \u00abparticipan tambi\u00e9n otros interlocutores\u00bb como representantes de empresas como Reale Seguros o La Caixa.<\/p>\n<p>De hecho, en uno de los correos que tiene a Bego\u00f1a G\u00f3mez en copia, \u00c1lvarez solicita a una empleada de la Complutense que revise el documento para que <strong>ella misma \u00abpueda hac\u00e9rselo llegar<\/strong> para que pueda firmar la Universidad, Reale y Fundaci\u00f3n La Caixa\u00bb. Estos contactos con empresas se enmarcan principalmente a firmas de convenio o adendas de adscripci\u00f3n, como es el caso de Mercadona, Indra o Deloitte, entre otras. <\/p>\n<p>Contactos con \u00abinstituciones\u00bb que colaboran con la c\u00e1tedra<\/p>\n<p>En este sentido, el informe ha se\u00f1alado que \u00ablas diferentes gestiones en las que  interceder\u00eda \u00c1lvarez y que se observan en los correos, cabe destacar los contactos mantenidos con <strong>diferentes instituciones que  colaborar\u00edan con la c\u00e1tedra<\/strong>\u00ab. Entre otras cosas, la UCO ha recogido un mail en el que la asesora aporta a Doadrio un \u00abborrador de acuerdo\u00bb con la empresa Mindway, haciendo \u00abhincapi\u00e9 en la intenci\u00f3n de establecer cl\u00e1usulas\u00bb. <\/p>\n<p>Otro ejemplo es cuando la asesora hace de intermediaria entre <strong>Google<\/strong>, que colabor\u00f3 en la plataforma digital de la c\u00e1tedra y la UCM. \u00c1lvarez busc\u00f3 una persona de contacto entre ambas entidades y envi\u00f3 al vicerrector un escrito para pedir una <strong>colaboraci\u00f3n anual de 40.000 euros a esta empresa tecnol\u00f3gica<\/strong>. Despu\u00e9s, Doadrio habr\u00eda enviado a la compa\u00f1\u00eda esta petici\u00f3n a trav\u00e9s de una carta en papel y con su firma.<\/p>\n<p>El informe incluye un apartado <strong>denominado \u00abotras gestiones\u00bb<\/strong> en el que la Guardia Civil ha destacado un correo de \u00c1lvarez enviado al entonces vicerrector para informarle de la necesidad de contratar a varios proveedores para celebrar el segundo congreso de la c\u00e1tedra en el recinto del Caixa F\u00f3rum en Madrid, y le dice que va a ser <strong>informada de los costes definitivos<\/strong>.<\/p>\n<p>El Gobierno defiende a G\u00f3mez: \u00abLa verdad se terminar\u00e1 imponiendo\u00bb<\/p>\n<p>El ministro de la Presidencia y Justicia, <strong>F\u00e9lix Bola\u00f1os<\/strong>, ha restado importancia a que G\u00f3mez no acudiese a comparecer este s\u00e1bado ante el juez Peinado, pese a que estuviese citada junto a Francisco Mart\u00edn, Delegado del Gobierno en Madrid, quien tampoco acudi\u00f3: \u00abSe produjeron las comparecencias. <strong>Las partes estuvieron personadas por sus abogados, como la ley permite<\/strong>\u00ab. <\/p>\n<p>Por su parte, la vicepresidenta y ministra de Hacienda, <strong>Mar\u00eda Jes\u00fas Montero<\/strong>, ha defendido la inocencia de Bego\u00f1a G\u00f3mez tras ser preguntada por el presunto fraude de ley que ha detectado la Intervenci\u00f3n General de la Administraci\u00f3n del Estado en los contratos adjudicados al empresario Juan Carlos Barrab\u00e9s, que inclu\u00edan cartas de recomendaci\u00f3n de G\u00f3mez. <\/p>\n<p>Montero se ha mostrado tranquila con el proceso judicial, pese a que \u00abhay singularidades\u00bb que le llaman la atenci\u00f3n: \u00abDesde el Gobierno estamos convencidos de que al final la <strong>luz se arrojara sobre todas las sospechas<\/strong>\u00ab. Adem\u00e1s, ha desviado la atenci\u00f3n y ha acusado a la oposici\u00f3n por arrojar sospechas sobre el entorno del presidente del Gobierno de \u00ab<strong>manera electoralista, mentirosa e interesada<\/strong>\u00ab. En palabras de Montero, G\u00f3mez es \u00abinocente\u00bb y al final se \u00abhar\u00e1 la luz y la verdad se terminar\u00e1 imponiendo\u00bb. <\/p>\n","protected":false},"excerpt":{"rendered":"La Unidad Central Operativa (UCO) de la Guardia Civil ha remitido al juez Peinado un informe en el&hellip;\n","protected":false},"author":2,"featured_media":146839,"comment_status":"","ping_status":"","sticky":false,"template":"","format":"standard","meta":{"footnotes":""},"categories":[8],"tags":[17,18,25,24,13,14,11,19,20,9,10,15,16,23,12,21,22],"class_list":{"0":"post-146838","1":"post","2":"type-post","3":"status-publish","4":"format-standard","5":"has-post-thumbnail","7":"category-espana","8":"tag-breaking-news","9":"tag-breakingnews","10":"tag-es","11":"tag-espana","12":"tag-featured-news","13":"tag-featurednews","14":"tag-headlines","15":"tag-latest-news","16":"tag-latestnews","17":"tag-news","18":"tag-noticias","19":"tag-noticias-destacadas","20":"tag-noticiasdestacadas","21":"tag-spain","22":"tag-titulares","23":"tag-ultimas-noticias","24":"tag-ultimasnoticias"},"share_on_mastodon":{"url":"","error":""},"_links":{"self":[{"href":"https:\/\/www.europesays.com\/es\/wp-json\/wp\/v2\/posts\/146838","targetHints":{"allow":["GET"]}}],"collection":[{"href":"https:\/\/www.europesays.com\/es\/wp-json\/wp\/v2\/posts"}],"about":[{"href":"https:\/\/www.europesays.com\/es\/wp-json\/wp\/v2\/types\/post"}],"author":[{"embeddable":true,"href":"https:\/\/www.europesays.com\/es\/wp-json\/wp\/v2\/users\/2"}],"replies":[{"embeddable":true,"href":"https:\/\/www.europesays.com\/es\/wp-json\/wp\/v2\/comments?post=146838"}],"version-history":[{"count":0,"href":"https:\/\/www.europesays.com\/es\/wp-json\/wp\/v2\/posts\/146838\/revisions"}],"wp:featuredmedia":[{"embeddable":true,"href":"https:\/\/www.europesays.com\/es\/wp-json\/wp\/v2\/media\/146839"}],"wp:attachment":[{"href":"https:\/\/www.europesays.com\/es\/wp-json\/wp\/v2\/media?parent=146838"}],"wp:term":[{"taxonomy":"category","embeddable":true,"href":"https:\/\/www.europesays.com\/es\/wp-json\/wp\/v2\/categories?post=146838"},{"taxonomy":"post_tag","embeddable":true,"href":"https:\/\/www.europesays.com\/es\/wp-json\/wp\/v2\/tags?post=146838"}],"curies":[{"name":"wp","href":"https:\/\/api.w.org\/{rel}","templated":true}]}}