{"id":146842,"date":"2025-09-29T16:33:08","date_gmt":"2025-09-29T16:33:08","guid":{"rendered":"https:\/\/www.europesays.com\/es\/146842\/"},"modified":"2025-09-29T16:33:08","modified_gmt":"2025-09-29T16:33:08","slug":"luis-vilches-fin-a-su-etapa-como-director-artistico-de-carlos-tirado","status":"publish","type":"post","link":"https:\/\/www.europesays.com\/es\/146842\/","title":{"rendered":"Luis Vilches, fin a su etapa como director art\u00edstico de Carlos Tirado"},"content":{"rendered":"<p>El maestro <strong>Luis Vilches<\/strong> ha anunciado el fin de su etapa como director art\u00edstico del novillero con picadores<strong> Carlos Tirado,<\/strong> natural de <strong>Ayamonte<\/strong>. Durante dos intensas temporadas, <strong>Vilches<\/strong> ha estado al frente de la carrera del joven torero, gui\u00e1ndolo en su evoluci\u00f3n dentro del escalaf\u00f3n novilleril.<\/p>\n<p><strong>\u00abHan sido dos a\u00f1os muy bonitos, en los que Carlos ha dado pasos agigantados en la profesi\u00f3n\u00bb,<\/strong> ha declarado <strong>Vilches<\/strong>, quien no ha escatimado en elogios hacia el que hasta ahora ha sido su dirigido. <strong>\u00abTirado es un novillero con unas extraordinarias condiciones para ser torero, y, sobre todo, lo demuestra por su amor y compromiso con esta profesi\u00f3n\u00bb.<\/strong><\/p>\n<p>El diestro de <strong>Utrera<\/strong> tambi\u00e9n ha valorado la temporada 2025 de Tirado, destacando su consagraci\u00f3n en una de las plazas m\u00e1s importantes del circuito:<strong> \u00abCarlos ha realizado una gran temporada. Su triunfo en la Real Maestranza, donde se proclam\u00f3 ganador del VI Circuito de Novilladas de la Junta de Andaluc\u00eda, lo ha consolidado como una aut\u00e9ntica revelaci\u00f3n del escalaf\u00f3n\u00bb.<\/strong><\/p>\n<p><strong>Luis Vilches<\/strong> ha querido cerrar esta etapa con palabras de afecto hacia el joven novillero y dejando claro que la relaci\u00f3n personal permanece integra:<strong> \u00abLe tengo un gran cari\u00f1o, y nuestra amistad continuar\u00e1 al margen de esta vinculaci\u00f3n profesional. Le deseo toda la suerte del mundo. Estoy seguro de que alcanzar\u00e1 todos los objetivos que se proponga\u00bb,<\/strong> concluy\u00f3.<\/p>\n","protected":false},"excerpt":{"rendered":"El maestro Luis Vilches ha anunciado el fin de su etapa como director art\u00edstico del novillero con picadores&hellip;\n","protected":false},"author":2,"featured_media":146843,"comment_status":"","ping_status":"","sticky":false,"template":"","format":"standard","meta":{"footnotes":""},"categories":[277],"tags":[45,373,44248,168,25,24,45064,1226,1227,23,167,374],"class_list":{"0":"post-146842","1":"post","2":"type-post","3":"status-publish","4":"format-standard","5":"has-post-thumbnail","7":"category-toreo","8":"tag-45","9":"tag-bullfighting","10":"tag-carlos-tirado","11":"tag-deportes","12":"tag-es","13":"tag-espana","14":"tag-luis-vilches","15":"tag-noticias-de-toros","16":"tag-noticias-taurinas","17":"tag-spain","18":"tag-sports","19":"tag-toreo"},"share_on_mastodon":{"url":"","error":""},"_links":{"self":[{"href":"https:\/\/www.europesays.com\/es\/wp-json\/wp\/v2\/posts\/146842","targetHints":{"allow":["GET"]}}],"collection":[{"href":"https:\/\/www.europesays.com\/es\/wp-json\/wp\/v2\/posts"}],"about":[{"href":"https:\/\/www.europesays.com\/es\/wp-json\/wp\/v2\/types\/post"}],"author":[{"embeddable":true,"href":"https:\/\/www.europesays.com\/es\/wp-json\/wp\/v2\/users\/2"}],"replies":[{"embeddable":true,"href":"https:\/\/www.europesays.com\/es\/wp-json\/wp\/v2\/comments?post=146842"}],"version-history":[{"count":0,"href":"https:\/\/www.europesays.com\/es\/wp-json\/wp\/v2\/posts\/146842\/revisions"}],"wp:featuredmedia":[{"embeddable":true,"href":"https:\/\/www.europesays.com\/es\/wp-json\/wp\/v2\/media\/146843"}],"wp:attachment":[{"href":"https:\/\/www.europesays.com\/es\/wp-json\/wp\/v2\/media?parent=146842"}],"wp:term":[{"taxonomy":"category","embeddable":true,"href":"https:\/\/www.europesays.com\/es\/wp-json\/wp\/v2\/categories?post=146842"},{"taxonomy":"post_tag","embeddable":true,"href":"https:\/\/www.europesays.com\/es\/wp-json\/wp\/v2\/tags?post=146842"}],"curies":[{"name":"wp","href":"https:\/\/api.w.org\/{rel}","templated":true}]}}