{"id":146848,"date":"2025-09-29T16:38:09","date_gmt":"2025-09-29T16:38:09","guid":{"rendered":"https:\/\/www.europesays.com\/es\/146848\/"},"modified":"2025-09-29T16:38:09","modified_gmt":"2025-09-29T16:38:09","slug":"exdueno-de-un-equipo-de-formula-1-enzo-osella-muere-a-los-86-anos-noticia-de-f1","status":"publish","type":"post","link":"https:\/\/www.europesays.com\/es\/146848\/","title":{"rendered":"Exdue\u00f1o de un equipo de F\u00f3rmula 1, Enzo Osella muere a los 86 a\u00f1os &#8211; Noticia de F1"},"content":{"rendered":"<p>\n                Enzo Osella muri\u00f3 a los 86 a\u00f1os. (Foto: Osella Engineering)\n              <\/p>\n<p><strong>Enzo Osella<\/strong>, expropietario de un equipo que compiti\u00f3 en la <strong>F\u00f3rmula 1 <\/strong>durante varias temporadas en la d\u00e9cada de 1980, falleci\u00f3 el pasado s\u00e1bado a los 86 a\u00f1os por causas no reveladas.<\/p>\n<p>Nacido el 26 de agosto de 1939, Osella se enamor\u00f3 de los coches y del mundo de las carreras desde muy temprana edad, cuando trabajaba con su padre, <strong>Luigi,<\/strong> en un taller familiar en el centro de Tur\u00edn. Uno de los clientes era un piloto de rally amateur, que llam\u00f3 al joven Vincenzo \u2014su nombre de pila\u2014 para que se convirtiera en copiloto. A partir de 1957, particip\u00f3 en varias pruebas de la modalidad y cambi\u00f3 de asiento cuando pas\u00f3 a competir con un Fiat 600 de su hermana.<\/p>\n<p>En la d\u00e9cada de 1960, Osella conoci\u00f3 a <strong>Carlo Abarth <\/strong>y se uni\u00f3 al equipo del notable preparador de Tur\u00edn, ocupando varios puestos dentro de la estructura, desde mec\u00e1nico hasta piloto de pruebas. Cuando FIAT compr\u00f3 Abarth, Enzo decidi\u00f3 independizarse y fund\u00f3 Osella Corse, iniciativa por la que se hizo m\u00e1s conocido.<\/p>\n<p>Osella alcanz\u00f3 cierto renombre en Europa, con t\u00edtulos en turismos y campeonatos de carreras de monta\u00f1a, hasta que decidi\u00f3 dar un paso ambicioso en la d\u00e9cada de 1980, cuando entr\u00f3 en la F1.<\/p>\n<p>El paso de Osella por la categor\u00eda m\u00e1s popular del planeta qued\u00f3 en segundo plano detr\u00e1s de <strong>Lotus, McLaren, Ferrari, Williams, Brabham <\/strong>y otros equipos de renombre de la \u00e9poca. El debut fue en el <strong>GP de Argentina de 1980<\/strong>, y uno de los primeros pilotos en su alineaci\u00f3n fue el argentino <strong>Miguel Angel Guerra,<\/strong> que solo pudo coimpetir en una sola competencia en la categor\u00eda. <\/p>\n<p>El mejor resultado del equipo en la F1 lleg\u00f3 en 1982, cuando<strong> Jean-Pierre Jarier <\/strong>complet\u00f3 el <strong>GP de San Marino<\/strong> en cuarta posici\u00f3n. No obstante, ese mismo a\u00f1o, Osella vivi\u00f3 su cap\u00edtulo m\u00e1s tr\u00e1gico en la F1. El compa\u00f1ero de Jarier,<strong> Ricardo Paletti,<\/strong> se clasific\u00f3 para disputar el segundo Gran Premio de su carrera en Canad\u00e1. Sin embargo, el poleman Didier Peroni qued\u00f3 detenido con su Ferrari en la largada y fue golpeado por el italiano, que ven\u00eda a fondo.<\/p>\n<p><img fetchpriority=\"high\" decoding=\"async\" width=\"1024\" height=\"683\" data-attachment-id=\"366713\" data-permalink=\"https:\/\/grandepremio.com\/es\/f1\/enzo-osella-muere-86-anos-formula-1\/attachment\/480593428_3985537331714017_7147780543029077592_n\/\" data-orig-file=\"https:\/\/grandepremio.com\/cdn-cgi\/image\/width=893,height=558,fit=contain,gravity=0.5x0.5,quality=75,format=webp\/es\/wp-content\/uploads\/2025\/09\/480593428_3985537331714017_7147780543029077592_n.jpg\" data-orig-size=\"1200,800\" data-comments-opened=\"1\" data-image-meta=\"{\" aperture=\"\" data-image-title=\"480593428_3985537331714017_7147780543029077592_n\" data-image-description=\"\" data-image-caption=\"&lt;p&gt;Miguel \u00c1ngel Guerra como piloto de Osella. (Foto: Reproducci\u00f3n)&lt;\/p&gt;&#10;\" data-medium-file=\"https:\/\/grandepremio.com\/cdn-cgi\/image\/width=893,height=558,fit=contain,gravity=0.5x0.5,quality=75,format=webp\/es\/wp-content\/uploads\/2025\/09\/480593428_3985537331714017_7147780543029077592_n-300x200.jpg\" data-large-file=\"https:\/\/grandepremio.com\/cdn-cgi\/image\/width=893,height=558,fit=contain,gravity=0.5x0.5,quality=75,format=webp\/es\/wp-content\/uploads\/2025\/09\/480593428_3985537331714017_7147780543029077592_n-1024x683.jpg\" src=\"https:\/\/www.europesays.com\/es\/wp-content\/uploads\/2025\/09\/480593428_3985537331714017_7147780543029077592_n-1024x683.jpg\" alt=\"\" class=\"wp-image-366713\"  \/>Miguel \u00c1ngel Guerra como piloto de Osella. (Foto: Reproducci\u00f3n)<\/p>\n<p>Los servicios de rescate acudieron r\u00e1pidamente en ayuda de Paletti, pero la fuga de combustible provoc\u00f3 que el Osella n.\u00ba 31 se incendiara. Una vez extinguido el fuego, los servicios de rescate tardaron unos 25 minutos en sacarlo de forma segura y trasladarlo al Royal Victoria Hospital, donde falleci\u00f3 poco despu\u00e9s.<\/p>\n<p>Osella abandon\u00f3 la F1 al final de la temporada de 1990, cuando la estructura fue adquirida por <strong>Fondmetal.<\/strong> En 132 participaciones, el equipo termin\u00f3 tres veces entre los seis primeros, la zona de puntuaci\u00f3n de la \u00e9poca, con cinco puntos registrados.<\/p>\n<p>Tras su paso por la F1, Osella se dedic\u00f3 a la creaci\u00f3n de prototipos para carreras de monta\u00f1a, que ocuparon un lugar destacado en el panorama del automovilismo italiano en la d\u00e9cada de 1990.<\/p>\n<p><strong>La F1 retorna del 3 al 5 de octubre para disputar el GP de Singapur.<\/strong><\/p>\n","protected":false},"excerpt":{"rendered":"Enzo Osella muri\u00f3 a los 86 a\u00f1os. (Foto: Osella Engineering) Enzo Osella, expropietario de un equipo que compiti\u00f3&hellip;\n","protected":false},"author":2,"featured_media":146849,"comment_status":"","ping_status":"","sticky":false,"template":"","format":"standard","meta":{"footnotes":""},"categories":[270],"tags":[168,25,24,306,271,272,23,167],"class_list":{"0":"post-146848","1":"post","2":"type-post","3":"status-publish","4":"format-standard","5":"has-post-thumbnail","7":"category-formula-1","8":"tag-deportes","9":"tag-es","10":"tag-espana","11":"tag-f1","12":"tag-formula-1","13":"tag-formula1","14":"tag-spain","15":"tag-sports"},"share_on_mastodon":{"url":"","error":""},"_links":{"self":[{"href":"https:\/\/www.europesays.com\/es\/wp-json\/wp\/v2\/posts\/146848","targetHints":{"allow":["GET"]}}],"collection":[{"href":"https:\/\/www.europesays.com\/es\/wp-json\/wp\/v2\/posts"}],"about":[{"href":"https:\/\/www.europesays.com\/es\/wp-json\/wp\/v2\/types\/post"}],"author":[{"embeddable":true,"href":"https:\/\/www.europesays.com\/es\/wp-json\/wp\/v2\/users\/2"}],"replies":[{"embeddable":true,"href":"https:\/\/www.europesays.com\/es\/wp-json\/wp\/v2\/comments?post=146848"}],"version-history":[{"count":0,"href":"https:\/\/www.europesays.com\/es\/wp-json\/wp\/v2\/posts\/146848\/revisions"}],"wp:featuredmedia":[{"embeddable":true,"href":"https:\/\/www.europesays.com\/es\/wp-json\/wp\/v2\/media\/146849"}],"wp:attachment":[{"href":"https:\/\/www.europesays.com\/es\/wp-json\/wp\/v2\/media?parent=146848"}],"wp:term":[{"taxonomy":"category","embeddable":true,"href":"https:\/\/www.europesays.com\/es\/wp-json\/wp\/v2\/categories?post=146848"},{"taxonomy":"post_tag","embeddable":true,"href":"https:\/\/www.europesays.com\/es\/wp-json\/wp\/v2\/tags?post=146848"}],"curies":[{"name":"wp","href":"https:\/\/api.w.org\/{rel}","templated":true}]}}