{"id":146854,"date":"2025-09-29T16:41:08","date_gmt":"2025-09-29T16:41:08","guid":{"rendered":"https:\/\/www.europesays.com\/es\/146854\/"},"modified":"2025-09-29T16:41:08","modified_gmt":"2025-09-29T16:41:08","slug":"david-y-cruz-beckham-lo-dan-todo-cantando-oasis-y-harper-reacciona-como-lo-haria-cualquier-adolescente","status":"publish","type":"post","link":"https:\/\/www.europesays.com\/es\/146854\/","title":{"rendered":"David y Cruz Beckham lo dan todo cantando Oasis y Harper reacciona como lo har\u00eda cualquier adolescente"},"content":{"rendered":"<p id=\"elIcYlVflb\" data-wc=\"162\">Los Beckham se han unido a la lista de celebridades que no han querido perder la oportunidad de ver el regreso de Oasis sobre los escenarios. <strong>David y Victoria han acudido a uno de sus conciertos en el estadio Wembley, en Londres, y sus v\u00eddeos han revolucionado a sus fans<\/strong>. No solo porque en ellos Victoria ha etiquetado a sus excompa\u00f1eras de las Spice Girls -desatando todo tipo de rumores-, sino porque muestran tambi\u00e9n la faceta m\u00e1s divertida de la pareja y sus hijos. Acudieron con <strong>Harper, Romeo y Cruz<\/strong>, este \u00faltimo acompa\u00f1ado por su chica, Jackie Apostel. En las publicaciones de la dise\u00f1adora podemos ver c\u00f3mo lo dieron todo en el concierto. Adem\u00e1s, ha publicado un v\u00eddeo en el que se ve c\u00f3mo iban en el coche calentando motores camino del estadio, cantando a Harper el tema Supersonic&#8230; mientras ella reaccionaba como lo har\u00eda cualquier adolescente. M\u00e1s tarde, todos disfrutaron en familia, con la \u00fanica y esperada ausencia de Brooklyn Beckham.<\/p>\n","protected":false},"excerpt":{"rendered":"Los Beckham se han unido a la lista de celebridades que no han querido perder la oportunidad de&hellip;\n","protected":false},"author":2,"featured_media":146855,"comment_status":"","ping_status":"","sticky":false,"template":"","format":"standard","meta":{"footnotes":""},"categories":[174],"tags":[517,255,3062,146,147,25,24,256,19281,23,3063],"class_list":{"0":"post-146854","1":"post","2":"type-post","3":"status-publish","4":"format-standard","5":"has-post-thumbnail","7":"category-famosos","8":"tag-actualidad","9":"tag-celebrities","10":"tag-david-beckham","11":"tag-entertainment","12":"tag-entretenimiento","13":"tag-es","14":"tag-espana","15":"tag-famosos","16":"tag-harper-beckham","17":"tag-spain","18":"tag-victoria-beckham"},"share_on_mastodon":{"url":"","error":""},"_links":{"self":[{"href":"https:\/\/www.europesays.com\/es\/wp-json\/wp\/v2\/posts\/146854","targetHints":{"allow":["GET"]}}],"collection":[{"href":"https:\/\/www.europesays.com\/es\/wp-json\/wp\/v2\/posts"}],"about":[{"href":"https:\/\/www.europesays.com\/es\/wp-json\/wp\/v2\/types\/post"}],"author":[{"embeddable":true,"href":"https:\/\/www.europesays.com\/es\/wp-json\/wp\/v2\/users\/2"}],"replies":[{"embeddable":true,"href":"https:\/\/www.europesays.com\/es\/wp-json\/wp\/v2\/comments?post=146854"}],"version-history":[{"count":0,"href":"https:\/\/www.europesays.com\/es\/wp-json\/wp\/v2\/posts\/146854\/revisions"}],"wp:featuredmedia":[{"embeddable":true,"href":"https:\/\/www.europesays.com\/es\/wp-json\/wp\/v2\/media\/146855"}],"wp:attachment":[{"href":"https:\/\/www.europesays.com\/es\/wp-json\/wp\/v2\/media?parent=146854"}],"wp:term":[{"taxonomy":"category","embeddable":true,"href":"https:\/\/www.europesays.com\/es\/wp-json\/wp\/v2\/categories?post=146854"},{"taxonomy":"post_tag","embeddable":true,"href":"https:\/\/www.europesays.com\/es\/wp-json\/wp\/v2\/tags?post=146854"}],"curies":[{"name":"wp","href":"https:\/\/api.w.org\/{rel}","templated":true}]}}