{"id":146856,"date":"2025-09-29T16:42:16","date_gmt":"2025-09-29T16:42:16","guid":{"rendered":"https:\/\/www.europesays.com\/es\/146856\/"},"modified":"2025-09-29T16:42:16","modified_gmt":"2025-09-29T16:42:16","slug":"la-formacion-artistica-se-afianza-en-castilla-y-leon","status":"publish","type":"post","link":"https:\/\/www.europesays.com\/es\/146856\/","title":{"rendered":"La formaci\u00f3n art\u00edstica se afianza en Castilla y Le\u00f3n"},"content":{"rendered":"<p>Castilla y Le\u00f3n reafirma su apuesta por la formaci\u00f3n art\u00edstica y vuelve a abrir por octavo a\u00f1o el periodo de inscripciones hasta el 6 de noviembre del M\u00e1ster Oficial en Pensamiento y Creaci\u00f3n Esc\u00e9nica Contempor\u00e1nea, impartido por la Escuela Superior de Arte Dram\u00e1tico de Castilla y Le\u00f3n (Esadcyl), \u00fanico t\u00edtulo oficial de posgrado que imparte una escuela de arte dram\u00e1tico en Espa\u00f1a.<\/p>\n<p>Un programa de posgrado con una gran acogida, que cuenta con una oferta de quince plazas y car\u00e1cter presencial, que se desarrollar\u00e1 entre enero y noviembre del pr\u00f3ximo a\u00f1o en las instalaciones del Centro Cultural Miguel Delibes de Valladolid.<\/p>\n<p>Este M\u00e1ster oficial tiene como objetivo fundamental formar a futuros artistas en el desarrollo de metodolog\u00edas y formas personales de concebir la escena.<\/p>\n<p>Adem\u00e1s, ha consolidado un equipo docente heterog\u00e9neo que re\u00fane a profesionales de acreditada proyecci\u00f3n como las core\u00f3grafas Luz Arcas, Mar\u00eda Cabeza de Vaca y Paz Rojo; el dramaturgo y te\u00f3rico de la danza Roberto Fratini; la poeta \u00c1ngela Segovia; el autor teatral italiano Davide Carnevali; el poeta, hebra\u00edsta y traductor Manuel Forcano; el escritor, ensayista y fil\u00f3sofo Santiago Alba Rico; el fil\u00f3sofo Jos\u00e9 Manuel Chill\u00f3n; el cr\u00edtico de arte Fernando Castro Fl\u00f3rez; la artista mexicana Shaday Larios; el compositor musical Fran Cabeza de Vaca; y los creadores Tanya Beyeler y Pablo Gisbert, fundadores del proyecto esc\u00e9nico El Conde de Torrefiel.<\/p>\n<p>Completan la n\u00f3mina de docentes el dramaturgo Javier Hernando, componente de Los B\u00e1rbaros; el m\u00fasico Nilo Gallego; el creador sonoro \u00d3scar Bueno; la antrop\u00f3loga, ingeniera y especialista en ecolog\u00eda y econom\u00eda social Yayo Herrero; la directora de escena Luc\u00eda Carballal; la artista, docente e investigadora en Bellas Artes Carla Boserman; el arquitecto y escultor Alberto Od\u00e9riz; el artista Rafael S\u00e1nchez-Mateos; y la escen\u00f3grafa Elisabet Castells.<\/p>\n<p>Seminarios y masterclass<\/p>\n<p>El programa se estructura en seminarios y sesiones magistrales, ofrece un completo m\u00f3dulo de pr\u00e1cticas externas y brinda al alumnado la oportunidad de participar en una residencia art\u00edstica. Esta experiencia, concebida en formato de laboratorio, se celebra cada curso en un municipio del medio rural de Castilla y Le\u00f3n.<\/p>\n<p>Como pr\u00f3logo, las instalaciones de la Esadcyl acoger\u00e1n los d\u00edas 28 y 29 de octubre el seminario \u00abDramaturgias del color\u00bb, a cargo de la escen\u00f3grafa Marta Pazos, que compartir\u00e1 con los asistentes su metodolog\u00eda.<\/p>\n","protected":false},"excerpt":{"rendered":"Castilla y Le\u00f3n reafirma su apuesta por la formaci\u00f3n art\u00edstica y vuelve a abrir por octavo a\u00f1o el&hellip;\n","protected":false},"author":2,"featured_media":146857,"comment_status":"","ping_status":"","sticky":false,"template":"","format":"standard","meta":{"footnotes":""},"categories":[173],"tags":[229,233,231,230,232,234,146,147,25,24,23],"class_list":{"0":"post-146856","1":"post","2":"type-post","3":"status-publish","4":"format-standard","5":"has-post-thumbnail","7":"category-arte-y-diseno","8":"tag-arte","9":"tag-arte-y-diseno","10":"tag-arts","11":"tag-arts-and-design","12":"tag-design","13":"tag-diseno","14":"tag-entertainment","15":"tag-entretenimiento","16":"tag-es","17":"tag-espana","18":"tag-spain"},"share_on_mastodon":{"url":"","error":""},"_links":{"self":[{"href":"https:\/\/www.europesays.com\/es\/wp-json\/wp\/v2\/posts\/146856","targetHints":{"allow":["GET"]}}],"collection":[{"href":"https:\/\/www.europesays.com\/es\/wp-json\/wp\/v2\/posts"}],"about":[{"href":"https:\/\/www.europesays.com\/es\/wp-json\/wp\/v2\/types\/post"}],"author":[{"embeddable":true,"href":"https:\/\/www.europesays.com\/es\/wp-json\/wp\/v2\/users\/2"}],"replies":[{"embeddable":true,"href":"https:\/\/www.europesays.com\/es\/wp-json\/wp\/v2\/comments?post=146856"}],"version-history":[{"count":0,"href":"https:\/\/www.europesays.com\/es\/wp-json\/wp\/v2\/posts\/146856\/revisions"}],"wp:featuredmedia":[{"embeddable":true,"href":"https:\/\/www.europesays.com\/es\/wp-json\/wp\/v2\/media\/146857"}],"wp:attachment":[{"href":"https:\/\/www.europesays.com\/es\/wp-json\/wp\/v2\/media?parent=146856"}],"wp:term":[{"taxonomy":"category","embeddable":true,"href":"https:\/\/www.europesays.com\/es\/wp-json\/wp\/v2\/categories?post=146856"},{"taxonomy":"post_tag","embeddable":true,"href":"https:\/\/www.europesays.com\/es\/wp-json\/wp\/v2\/tags?post=146856"}],"curies":[{"name":"wp","href":"https:\/\/api.w.org\/{rel}","templated":true}]}}