{"id":146860,"date":"2025-09-29T16:44:08","date_gmt":"2025-09-29T16:44:08","guid":{"rendered":"https:\/\/www.europesays.com\/es\/146860\/"},"modified":"2025-09-29T16:44:08","modified_gmt":"2025-09-29T16:44:08","slug":"pocos-cantantes-tienen-esta-fuerza","status":"publish","type":"post","link":"https:\/\/www.europesays.com\/es\/146860\/","title":{"rendered":"Pocos cantantes tienen esta fuerza"},"content":{"rendered":"<p>La emoci\u00f3n contin\u00faa en <b>La Voz<\/b>. Este viernes llega una nueva gala de <b>Audiciones a ciegas<\/b>, una noche en la que la <b>ilusi\u00f3n<\/b>, el <b>talento<\/b> y la <b>estrategia<\/b> volver\u00e1n a llenar el escenario del talent show m\u00e1s grande de la televisi\u00f3n.<\/p>\n<p>Los <b>coaches<\/b> est\u00e1n listos para luchar por las mejores voces y no dudan en mostrarlo con sus declaraciones. \u201cOjal\u00e1 te vengas a mi equipo\u201d, dice <b>Mika<\/b>, mientras <b><a title=\"Mal\u00fa\" href=\"https:\/\/www.antena3.com\/programas\/la-voz\/has-comido-neruda-malu-aprende-pablo-lopez-discurso-talents_2025092768d8262ff10d3f06781ac9ff.html\" target=\"_blank\" rel=\"nofollow noopener\">Mal\u00fa<\/a><\/b>bromea con su car\u00e1cter <b>competitivo<\/b>: \u201cC\u00f3mo os vay\u00e1is con otro yo os asesino\u201d.<\/p>\n<p>La expectaci\u00f3n es m\u00e1xima y todos reconocen que lo que se vive en <b>La Voz<\/b> es m\u00e1gico. Y es que en La Voz no solo se escucha, tambi\u00e9n se siente. As\u00ed lo resume uno de los comentarios m\u00e1s destacados de los coaches: \u201cPocos cantantes tienen esta fuerza\u201d.<\/p>\n<p>Con nuevos talentos dispuestos a cumplir su sue\u00f1o, bloqueos inesperados y giros de \u00faltimo momento, la pr\u00f3xima gala promete convertirse en una de las m\u00e1s emocionantes de la temporada. \u00a1Este viernes a las 22:00h en Antena 3!<\/p>\n<p>   <img decoding=\"async\" title=\"Mal\u00fa y Mika arrancan con fuerza: as\u00ed hemos vivido las primeras Audiciones de La Voz \" alt=\"Mal\u00fa y Mika arrancan con fuerza: as\u00ed hemos vivido las primeras Audiciones de La Voz \" width=\"480\" height=\"270\" src=\"https:\/\/www.europesays.com\/es\/wp-content\/uploads\/2025\/09\/malu-mika-arrancan-fuerza-asi-hemos-vivido-primeras-audiciones-voz_70.jpg\" loading=\"lazy\" class=\"lazy\"\/><\/p>\n","protected":false},"excerpt":{"rendered":"La emoci\u00f3n contin\u00faa en La Voz. Este viernes llega una nueva gala de Audiciones a ciegas, una noche&hellip;\n","protected":false},"author":2,"featured_media":146861,"comment_status":"","ping_status":"","sticky":false,"template":"","format":"standard","meta":{"footnotes":""},"categories":[171],"tags":[146,147,25,24,23,214],"class_list":{"0":"post-146860","1":"post","2":"type-post","3":"status-publish","4":"format-standard","5":"has-post-thumbnail","7":"category-tv","8":"tag-entertainment","9":"tag-entretenimiento","10":"tag-es","11":"tag-espana","12":"tag-spain","13":"tag-tv"},"share_on_mastodon":{"url":"","error":""},"_links":{"self":[{"href":"https:\/\/www.europesays.com\/es\/wp-json\/wp\/v2\/posts\/146860","targetHints":{"allow":["GET"]}}],"collection":[{"href":"https:\/\/www.europesays.com\/es\/wp-json\/wp\/v2\/posts"}],"about":[{"href":"https:\/\/www.europesays.com\/es\/wp-json\/wp\/v2\/types\/post"}],"author":[{"embeddable":true,"href":"https:\/\/www.europesays.com\/es\/wp-json\/wp\/v2\/users\/2"}],"replies":[{"embeddable":true,"href":"https:\/\/www.europesays.com\/es\/wp-json\/wp\/v2\/comments?post=146860"}],"version-history":[{"count":0,"href":"https:\/\/www.europesays.com\/es\/wp-json\/wp\/v2\/posts\/146860\/revisions"}],"wp:featuredmedia":[{"embeddable":true,"href":"https:\/\/www.europesays.com\/es\/wp-json\/wp\/v2\/media\/146861"}],"wp:attachment":[{"href":"https:\/\/www.europesays.com\/es\/wp-json\/wp\/v2\/media?parent=146860"}],"wp:term":[{"taxonomy":"category","embeddable":true,"href":"https:\/\/www.europesays.com\/es\/wp-json\/wp\/v2\/categories?post=146860"},{"taxonomy":"post_tag","embeddable":true,"href":"https:\/\/www.europesays.com\/es\/wp-json\/wp\/v2\/tags?post=146860"}],"curies":[{"name":"wp","href":"https:\/\/api.w.org\/{rel}","templated":true}]}}