{"id":146862,"date":"2025-09-29T16:45:08","date_gmt":"2025-09-29T16:45:08","guid":{"rendered":"https:\/\/www.europesays.com\/es\/146862\/"},"modified":"2025-09-29T16:45:08","modified_gmt":"2025-09-29T16:45:08","slug":"la-confesion-de-brian-may-sobre-su-distanciamiento-del-bajista-de-queen-john-deacon","status":"publish","type":"post","link":"https:\/\/www.europesays.com\/es\/146862\/","title":{"rendered":"La confesi\u00f3n de Brian May sobre su distanciamiento del bajista de Queen, John Deacon"},"content":{"rendered":"<p class=\"com-paragraph  --capital --s\">A pesar de que hace a\u00f1os que la banda brit\u00e1nica <strong>Queen<\/strong> se separ\u00f3, algunos de sus integrantes todav\u00eda siguen junt\u00e1ndose para tocar de vez en cuando y complacer a los miles de fan\u00e1ticos del grupo que estuvo liderado por el gran <strong>Freddie Mercury<\/strong>. <\/p>\n<p class=\"com-paragraph   --s\">Sin embargo, uno de sus miembros originales, <strong>el bajista John Deacon, siempre se mostr\u00f3 esquivo a estos reencuentros.<\/strong> En los \u00faltimos d\u00edas, su compa\u00f1ero de banda <strong>Brian May habl\u00f3 al respecto durante una entrevista con Rolling Stone.<\/strong><\/p>\n<p class=\"com-paragraph   --s\">Deacon comenz\u00f3 a alejarse de la banda en 1991, tras la muerte de Mercury, y apareci\u00f3 por \u00faltima vez en p\u00fablico como miembro de Queen en 1997.<\/p>\n<p class=\"com-paragraph   --s\">\u201cCreo que tanto a Roger como a m\u00ed nos resulta bastante dif\u00edcil, pero \u00e9l no quiere y tenemos que respetarlo\u201d, explic\u00f3 May. \u201cQuiere estar separado. Sin embargo, sigue formando parte del destino de la banda. Si tenemos que tomar decisiones empresariales, siempre se le consulta, pero eso se hace a trav\u00e9s de nuestros administradores o de nuestro contador\u201d, continu\u00f3.<\/p>\n<p>John Deacon en una imagen de archivoArchivo<\/p>\n<p class=\"com-paragraph   --s\">\u201cNo hablamos, lo cual es una pena, pero sabemos que contamos con su bendici\u00f3n. Eso es importante\u201d, agreg\u00f3 el guitarrista.<\/p>\n<p class=\"com-paragraph   --s\">A comienzos de este a\u00f1o, durante una charla con Mojo4Music, May explic\u00f3 por qu\u00e9 Deacon sigue siendo consultado sobre las decisiones empresariales en torno a la marca y a la banda. \u201cJohn sigue teniendo voz y voto. Nos transmite que est\u00e1 contento con lo que hacemos, pero no quiere el estr\u00e9s de involucrarse creativamente, y lo respetamos\u201d, explic\u00f3.<\/p>\n<p class=\"com-paragraph   --s\">\u201cPor desgracia, no podemos hablar con Freddie. Pero los cuatro hemos trabajado juntos como equipo durante tanto tiempo que Roger y yo tenemos una idea bastante clara de lo que dir\u00edan nuestros compa\u00f1eros de Queen\u201d, sum\u00f3 May sobre el fallecido Mercury.<\/p>\n<p class=\"com-paragraph   --s\">Desde su retiro, el m\u00fasico ha permanecido en silencio p\u00fablico y no ha emitido declaraciones sobre sus contribuciones a la banda. Deacon no brinda una entrevista desde la d\u00e9cada del 90, prefiriendo una vida alejada de los medios y todos los murmullos p\u00fablicos.<\/p>\n<p class=\"com-paragraph   --s\">Su forma de tocar el bajo, persistente en la construcci\u00f3n del groove y en su fraseo de las l\u00edneas mel\u00f3dicas, lo ubic\u00f3 en el puesto 32 de los mejores bajistas de la historia del rock seg\u00fan la revista Rolling Stone. Su personalidad sin estridencias y su inter\u00e9s por la m\u00fasica pop sum\u00f3 al grupo un equilibrio necesario al sonido general de la banda. <\/p>\n<p class=\"com-paragraph   --s\">A pesar de su bajo perfil, <a href=\"https:\/\/www.lanacion.com.ar\/espectaculos\/personajes\/la-misteriosa-vida-john-deacon-bajista-fundamental-nid2225925\/\" target=\"_self\" title=\"Deacon result\u00f3 imprescindible en la trayectoria del legendario grupo\" class=\"com-link break-word\" data-mrf-recirculation=\"n_link_parrafo\" rel=\"nofollow noopener\">Deacon result\u00f3 imprescindible en la trayectoria del legendario grupo<\/a> y es el autor de hits como \u201cAnother One Bites the Dust\u201d, \u201cYou\u00b4re My Best Friend\u201d, \u201cI Want to Break Free\u201d, \u201cSpread Your Wings\u201d y la balada \u201cFriends Will Be Friends\u201d, esta \u00faltima en colaboraci\u00f3n con Mercury, entre otras. Tambi\u00e9n fue el creador de la famosa intro de bajo del tema \u201cUnder Pressure\u201d.<\/p>\n<p class=\"com-paragraph   --s\">Adem\u00e1s de las declaraciones del guitarrista, el baterista <strong>Roger Taylor<\/strong> tambi\u00e9n ha hablado sobre la distancia con su excompa\u00f1ero. \u201cEst\u00e1 completamente retirado de cualquier tipo de contacto social. Creo que es un poco fr\u00e1gil y simplemente no quer\u00eda saber nada sobre hablar con la gente en el negocio de la m\u00fasica, o lo que sea. Respetamos eso\u201d.<\/p>\n<p class=\"com-paragraph   --s\">Debido al alejamiento de Deacon, tanto May como Taylor sienten que Mercury est\u00e1 m\u00e1s presente en su d\u00eda a d\u00eda que Deacon. \u201cA menudo pensamos que est\u00e1 en la habitaci\u00f3n, en un rinc\u00f3n, porque sabemos exactamente lo que dir\u00eda y lo que pensar\u00eda. Aunque ya han pasado muchos a\u00f1os desde que lo perdimos\u201d, afirm\u00f3.<\/p>\n<p class=\"com-paragraph   --s\">May incluso admiti\u00f3 que ha visto a Mercury en sue\u00f1os, y a\u00f1adi\u00f3: \u201cSiempre es muy prosaico. Nunca me sorprende que est\u00e9 all\u00ed. No pienso: \u2018No deber\u00edas estar aqu\u00ed\u2019. Es como si formara parte de mi vida, como siempre lo ha hecho\u201d.<\/p>\n","protected":false},"excerpt":{"rendered":"A pesar de que hace a\u00f1os que la banda brit\u00e1nica Queen se separ\u00f3, algunos de sus integrantes todav\u00eda&hellip;\n","protected":false},"author":2,"featured_media":146863,"comment_status":"","ping_status":"","sticky":false,"template":"","format":"standard","meta":{"footnotes":""},"categories":[170],"tags":[146,147,25,24,184,185,23],"class_list":{"0":"post-146862","1":"post","2":"type-post","3":"status-publish","4":"format-standard","5":"has-post-thumbnail","7":"category-musica","8":"tag-entertainment","9":"tag-entretenimiento","10":"tag-es","11":"tag-espana","12":"tag-music","13":"tag-musica","14":"tag-spain"},"share_on_mastodon":{"url":"","error":""},"_links":{"self":[{"href":"https:\/\/www.europesays.com\/es\/wp-json\/wp\/v2\/posts\/146862","targetHints":{"allow":["GET"]}}],"collection":[{"href":"https:\/\/www.europesays.com\/es\/wp-json\/wp\/v2\/posts"}],"about":[{"href":"https:\/\/www.europesays.com\/es\/wp-json\/wp\/v2\/types\/post"}],"author":[{"embeddable":true,"href":"https:\/\/www.europesays.com\/es\/wp-json\/wp\/v2\/users\/2"}],"replies":[{"embeddable":true,"href":"https:\/\/www.europesays.com\/es\/wp-json\/wp\/v2\/comments?post=146862"}],"version-history":[{"count":0,"href":"https:\/\/www.europesays.com\/es\/wp-json\/wp\/v2\/posts\/146862\/revisions"}],"wp:featuredmedia":[{"embeddable":true,"href":"https:\/\/www.europesays.com\/es\/wp-json\/wp\/v2\/media\/146863"}],"wp:attachment":[{"href":"https:\/\/www.europesays.com\/es\/wp-json\/wp\/v2\/media?parent=146862"}],"wp:term":[{"taxonomy":"category","embeddable":true,"href":"https:\/\/www.europesays.com\/es\/wp-json\/wp\/v2\/categories?post=146862"},{"taxonomy":"post_tag","embeddable":true,"href":"https:\/\/www.europesays.com\/es\/wp-json\/wp\/v2\/tags?post=146862"}],"curies":[{"name":"wp","href":"https:\/\/api.w.org\/{rel}","templated":true}]}}