{"id":146864,"date":"2025-09-29T16:47:11","date_gmt":"2025-09-29T16:47:11","guid":{"rendered":"https:\/\/www.europesays.com\/es\/146864\/"},"modified":"2025-09-29T16:47:11","modified_gmt":"2025-09-29T16:47:11","slug":"un-juez-investiga-a-josep-maria-bartomeu-por-el-presunto-pago-de-comisiones-en-fichajes-del-fc-barcelona-futbol-deportes","status":"publish","type":"post","link":"https:\/\/www.europesays.com\/es\/146864\/","title":{"rendered":"Un juez investiga a Josep Maria Bartomeu por el presunto pago de comisiones en fichajes del FC Barcelona | F\u00fatbol | Deportes"},"content":{"rendered":"<p><img fetchpriority=\"high\" decoding=\"auto\" class=\"_re  a_m-h\" height=\"276\"  width=\"414\"  src=\"https:\/\/www.europesays.com\/es\/wp-content\/uploads\/2025\/09\/OPYZYVGTPRLQRIWDQ4FJTPSBAU.jpg\" loading=\"eager\"\/>El expresidente del FC Barcelona Josep Maria Bartomeu, tras declarar como investigado en el &#8216;caso Negreira&#8217;.Quique Garc\u00eda (EFE)<\/p>\n<p class=\"\">El expresidente del FC Barcelona <a href=\"https:\/\/elpais.com\/noticias\/josep-maria-bartomeu\/\" target=\"_self\" rel=\"nofollow noopener\" title=\"https:\/\/elpais.com\/noticias\/josep-maria-bartomeu\/\">Josep Maria Bartomeu<\/a> ha sido citado a declarar, como investigado, por el presunto pago de comisiones millonarias en fichajes, entre ellos los del franc\u00e9s Antoine Griezmann y el brasile\u00f1o Malcom. Seg\u00fan ha adelantado el diario El Mundo y ha confirmado EL PA\u00cdS, Bartomeu declarar\u00e1 el pr\u00f3ximo mes de octubre junto a otras dos personas: el CEO del club durante su mandato, \u00d2scar Grau, y el abogado Jos\u00e9 \u00c1ngel Gonz\u00e1lez Franco, que intervino en el fichaje del delantero franc\u00e9s por el club azulgrana.<\/p>\n<p class=\"\">Este nuevo frente judicial contra Bartomeu fue impulsado por <a href=\"https:\/\/elpais.com\/noticias\/joan-laporta\/\" target=\"_self\" rel=\"nofollow noopener\" title=\"https:\/\/elpais.com\/noticias\/joan-laporta\/\">el actual presidente del Bar\u00e7a, Joan Laporta<\/a>, tras un informe econ\u00f3mico que encarg\u00f3 a una agencia de detectives al volver al poder. El documento conclu\u00eda que Bartomeu hab\u00eda causado un perjuicio de unos 30 millones de euros con diversas operaciones irregulares; entre ellas, el pago de comisiones de hasta el 33% en los fichajes. La junta de Laporta elev\u00f3 el caso a la Fiscal\u00eda de delitos econ\u00f3micos de Barcelona por los presuntos delitos de apropiaci\u00f3n indebida, administraci\u00f3n desleal y falsedad contable.<\/p>\n<p class=\"\">El caso recay\u00f3 en el juzgado de instrucci\u00f3n n\u00famero 16 de Barcelona que, tras abrir diligencias, ha citado a declarar a tres investigados. Bartomeu y Grau lo har\u00e1n el 24 de octubre, mientras que Gonz\u00e1lez Franco, un abogado penalista que ha defendido a clientes VIP del mundo econ\u00f3mico, lo har\u00e1 el 4 de diciembre.<\/p>\n<p class=\"\">Las operaciones bajo sospecha incluyen dos fichajes. Uno de ellos es el del brasile\u00f1o Malcom, fichado en 2018 por 41 millones de euros. El Bar\u00e7a abon\u00f3, supuestamente, una comisi\u00f3n de diez millones de euros en un contrato que se firm\u00f3 con posterioridad a que el fichaje se hubiera cerrado.<\/p>\n<p class=\"\">La investigaci\u00f3n tambi\u00e9n apunta al presunto pago de comisiones al abogado Gonz\u00e1lez Franco en el fichaje de Griezmann, que milit\u00f3 en el Bar\u00e7a tres temporadas, de 2019 a 2022. Fuentes cercanas al letrado aseguran que Gonz\u00e1lez Franco, que hab\u00eda defendido al delantero en un asunto de fraude fiscal, se limit\u00f3 a hacer de intermediario para acercar posiciones entre el jugador y el FC Barcelona; agregan esas mismas fuentes que el dinero por ese trabajo fue abonado por Griezmann y en ning\u00fan caso por el club. <\/p>\n<p class=\"\">La denuncia de Laporta incluye tambi\u00e9n el pago de 1,7 millones de euros, supuestamente indebidos a ese mismo abogado por cerrar un acuerdo de conformidad por <a href=\"https:\/\/elpais.com\/deportes\/2016\/12\/14\/actualidad\/1481727069_350638.html\" target=\"_self\" rel=\"nofollow noopener\" title=\"https:\/\/elpais.com\/deportes\/2016\/12\/14\/actualidad\/1481727069_350638.html\">fraude fiscal en el caso Neymar<\/a>, en el que el Bar\u00e7a acab\u00f3 aceptando su responsabilidad como persona jur\u00eddica. Las mismas fuentes se\u00f1alan que se trat\u00f3 de un sucess fee, una remuneraci\u00f3n por el \u00e9xito obtenido en aquella causa: <a href=\"https:\/\/elpais.com\/deportes\/2016\/12\/14\/actualidad\/1481727069_350638.html\" target=\"_self\" rel=\"nofollow noopener\" title=\"https:\/\/elpais.com\/deportes\/2016\/12\/14\/actualidad\/1481727069_350638.html\">el club acab\u00f3 aceptando dos delitos fiscales<\/a> y pagando una multa de 5,5 millones de euros.<\/p>\n<p class=\"\">Bartomeu est\u00e1 investigado en otros dos procedimientos vinculados a su gesti\u00f3n al frente del Bar\u00e7a. <\/p>\n","protected":false},"excerpt":{"rendered":"El expresidente del FC Barcelona Josep Maria Bartomeu, tras declarar como investigado en el &#8216;caso Negreira&#8217;.Quique Garc\u00eda (EFE)&hellip;\n","protected":false},"author":2,"featured_media":146865,"comment_status":"","ping_status":"","sticky":false,"template":"","format":"standard","meta":{"footnotes":""},"categories":[93],"tags":[1540,168,1539,25,24,881,282,1538,4467,45067,1210,23,167],"class_list":{"0":"post-146864","1":"post","2":"type-post","3":"status-publish","4":"format-standard","5":"has-post-thumbnail","7":"category-deportes","8":"tag-competiciones","9":"tag-deportes","10":"tag-entrenadores","11":"tag-es","12":"tag-espana","13":"tag-fc-barcelona","14":"tag-futbol","15":"tag-futbolistas","16":"tag-joan-laporta","17":"tag-josep-maria-bartomeu","18":"tag-laliga-ea-sports","19":"tag-spain","20":"tag-sports"},"share_on_mastodon":{"url":"","error":""},"_links":{"self":[{"href":"https:\/\/www.europesays.com\/es\/wp-json\/wp\/v2\/posts\/146864","targetHints":{"allow":["GET"]}}],"collection":[{"href":"https:\/\/www.europesays.com\/es\/wp-json\/wp\/v2\/posts"}],"about":[{"href":"https:\/\/www.europesays.com\/es\/wp-json\/wp\/v2\/types\/post"}],"author":[{"embeddable":true,"href":"https:\/\/www.europesays.com\/es\/wp-json\/wp\/v2\/users\/2"}],"replies":[{"embeddable":true,"href":"https:\/\/www.europesays.com\/es\/wp-json\/wp\/v2\/comments?post=146864"}],"version-history":[{"count":0,"href":"https:\/\/www.europesays.com\/es\/wp-json\/wp\/v2\/posts\/146864\/revisions"}],"wp:featuredmedia":[{"embeddable":true,"href":"https:\/\/www.europesays.com\/es\/wp-json\/wp\/v2\/media\/146865"}],"wp:attachment":[{"href":"https:\/\/www.europesays.com\/es\/wp-json\/wp\/v2\/media?parent=146864"}],"wp:term":[{"taxonomy":"category","embeddable":true,"href":"https:\/\/www.europesays.com\/es\/wp-json\/wp\/v2\/categories?post=146864"},{"taxonomy":"post_tag","embeddable":true,"href":"https:\/\/www.europesays.com\/es\/wp-json\/wp\/v2\/tags?post=146864"}],"curies":[{"name":"wp","href":"https:\/\/api.w.org\/{rel}","templated":true}]}}