{"id":146868,"date":"2025-09-29T16:49:14","date_gmt":"2025-09-29T16:49:14","guid":{"rendered":"https:\/\/www.europesays.com\/es\/146868\/"},"modified":"2025-09-29T16:49:14","modified_gmt":"2025-09-29T16:49:14","slug":"cuando-yo-empece-en-la-tele-no-existia-la-medicion-de-audiencias-llego-a-mediados-de-los-90-y-era-una-referencia-que-nos-evaluaba-mensualmente","status":"publish","type":"post","link":"https:\/\/www.europesays.com\/es\/146868\/","title":{"rendered":"Cuando yo empec\u00e9 en la tele no exist\u00eda la medici\u00f3n de audiencias. Lleg\u00f3 a mediados de los 90 y era una referencia que nos evaluaba mensualmente"},"content":{"rendered":"<p><a href=\"https:\/\/www.lecturas.com\/actualidad\/jordi-gonzalez-reaparece-tras-su-dura-experiencia-borde-muerte-he-estado-seis-semanas-uci-tres-coma_177352\" target=\"_self\" rel=\"nofollow noopener\">Jordi Gonz\u00e1lez<\/a> (63 a\u00f1os) ha dado un giro radical a su vida.\u00a0El periodista permaneci\u00f3 <a href=\"https:\/\/www.lecturas.com\/actualidad\/jordi-gonzalez-reaparece-tras-su-dura-experiencia-borde-muerte-he-estado-seis-semanas-uci-tres-coma_177352\" target=\"_self\" rel=\"nofollow noopener\">varias semanas en la UCI, tres de ellas en coma<\/a>, a principios de este a\u00f1o. Ahora, totalmente recuperado, regresa a la televisi\u00f3n. \u00abNueve mil veinticinco noches despu\u00e9s, en mi idioma y en TV3, te digo: &#8216;Buenas noches'\u00bb, dec\u00eda el pasado s\u00e1bado 27 de septiembre. El catal\u00e1n <strong>se ha puesto al frente de\u00a0&#8216;Col\u00b7lapse&#8217; <\/strong>en TV3. Coge el testigo de Ricard Ustrell al frente de ese h\u00edbrido entre talk show y late night que se puede ver los s\u00e1bados por la noche en la televisi\u00f3n auton\u00f3mica de Catalu\u00f1a.<\/p>\n<p>\u00abDespu\u00e9s de 40 a\u00f1os haciendo televisi\u00f3n y teniendo en cuenta que tengo m\u00e1s pasado que futuro y que tengo dinero, pens\u00e9: &#8216;Voy a dejar de trabajar y voy a vivir a lo loco lo que me queda de vida&#8217;. Pero lleg\u00f3 esta propuesta y me flech\u00f3 completamente el proyecto'\u00bb, expone en una entrevista con &#8216;El Pa\u00eds&#8217;.\u00a0Su incorporaci\u00f3n no es la \u00fanica novedad que presenta el formato.\u00a0&#8216;Col\u00b7lapse&#8217; tambi\u00e9n ha contado con\u00a0una nueva banda, liderada por <strong>Manu Guix<\/strong>,\u00a0subdirector de la <a href=\"https:\/\/www.lecturas.com\/television\/emocion-chenoa-estreno-ot-2025-mensaje-oculto-su-outfit-su-dedicatoria-pleno-directo_181256\" target=\"_self\" rel=\"nofollow noopener\">Academia de &#8216;OT 2025&#8217;<\/a>. Mientras que Marta Torn\u00e9 ha ejercido de madrina del nuevo programa.\u00a0<\/p>\n<p>Ricard Ustrell\u00a0le fich\u00f3 con libertad total: \u00abSin condicionar ni los contenidos ni el esquema del programa. Confianza total\u00bb. Reconoce que le asombra que\u00a0TV3 haya recuperado a un t\u00edo \u00abque se fue hace 27 a\u00f1os\u00bb, pero est\u00e1 convencido de que contaron con \u00e9l por su experiencia y por su entusiasmo. \u00abNos conocemos. Sabe lo que siento y lo que presiento del medio. Ese plus de entusiasmo creo que le pareci\u00f3 suficiente para que alguien que le dobla la edad se haga cargo de su programa\u00bb, apunta sobre Ustrell.\u00a0<\/p>\n<p>El reto al que se enfrenta Jordi Gonz\u00e1lez<\/p>\n<p>Jordi Gonz\u00e1lez ha vuelto a la televisi\u00f3n, a los datos de audiencias y a los an\u00e1lisis de sus palabras. \u00abCuando yo empec\u00e9 en la tele <strong>no exist\u00eda la medici\u00f3n de audiencias<\/strong>. Lleg\u00f3 a mediados de los 90 y era una referencia que nos evaluaba mensualmente. Luego ya fue a diario para posteriormente pasar a valorar lo que aportas a la cuota del canal. (&#8230;) Luego ya pasamos a la audiencia diaria.\u00a0Llegamos al minuto a minuto que es cuando nos observan con microscopio y eso es lo que marca en nuestro pa\u00eds el presente y el destino de los programas\u00bb, reflexiona en el citado peri\u00f3dico.<\/p>\n<p>No siente la presi\u00f3n que ha sentido con otros proyectos:\u00a0\u00abTV3 es l\u00edder en Catalu\u00f1a y el programa asumo que es l\u00edder en su franja. Son todo ventajas. <strong>Mi mayor reto es mantenerlo<\/strong>\u00ab. \u00abNo vengo a salvar ninguna vida ni ninguna televisi\u00f3n sino a mantener una audiencia fiel a un canal y a un programa. Hay un dicho: si no est\u00e1 estropeado, no lo arregles'\u00bb, a\u00f1ade tajante.<\/p>\n<p>Las secuelas que a\u00fan sufre Jordi Gonz\u00e1lez<\/p>\n<p>Jordi Gonz\u00e1lez vuelve a la rutina televisiva tras <a href=\"https:\/\/www.lecturas.com\/actualidad\/jordi-gonzalez-reaparece-tras-su-dura-experiencia-borde-muerte-he-estado-seis-semanas-uci-tres-coma_177352\" target=\"_self\" rel=\"nofollow noopener\">haber pasado varias semanas en la UCI<\/a> y una dif\u00edcil recuperaci\u00f3n. \u00abEstuve tres semanas en coma inducido y las posibilidades de sobrevivir eran un 3%. Ten\u00eda miedo a quedarme sin voz. En Colombia, a principios de a\u00f1o, hubo una pandemia de una bacteria que no se conoc\u00eda e infect\u00f3 a muchas personas. A m\u00ed me atac\u00f3 el aparato respiratorio, me provoc\u00f3 una bronconeumon\u00eda bilateral, lo que mat\u00f3\u00a0al Papa\u00bb, explica.<\/p>\n<p>\u00abEn la UCI de Medell\u00edn, en la que estuve ingresado, hab\u00eda ocho personas y fui el \u00fanico que sobrevivi\u00f3 y todos eran m\u00e1s j\u00f3venes que yo. Cuando me estabilizaron, llevaba nueve semanas en la UCI\u00bb, recuerda. La recuperaci\u00f3n no fue f\u00e1cil y a\u00fan sufre secuelas: \u00abTuve que aprender a caminar, a comer&#8230; la voz no la voy a recuperar del todo hasta un a\u00f1o despu\u00e9s, que ser\u00e1 en abril\u00bb.\u00a0<\/p>\n<p>La \u00faltima pol\u00e9mica de Jordi Gonz\u00e1lez<\/p>\n<p>De momento, solo ha presentado una entrega de\u00a0<strong>&#8216;Col\u00b7lapse&#8217;<\/strong> y ya ha protagonizado un sinf\u00edn de titulares. Esta vez no solo presenta, tambi\u00e9n dirige el formato. Esta realidad ha dado pie a que Jordi Gonz\u00e1lez criticase proyectos anteriores, concretamente &#8216;Supervivientes&#8217;. \u00abSi tienes en el pinganillo a alguien que sabe de televisi\u00f3n, y m\u00e1s que yo, <strong>lo agradeces porque vas m\u00e1s tranquilo<\/strong>, como me ocurri\u00f3 con Joan Ram\u00f3n Mainat o Pedro Rodr\u00edguez\u00bb, adelantaba en\u00a0una entrevista a &#8216;Versi\u00f3 RAC1&#8217;.<\/p>\n<p><img loading=\"lazy\" decoding=\"async\"   src=\"https:\/\/www.europesays.com\/es\/wp-content\/uploads\/2025\/09\/jordi-gonzalez_033055e9_250929143610_1200x669.webp.webp\" alt=\"Jordi Gonz\u00e1lez\" class=\"lazyload\" width=\"1200\" height=\"669\" data-aspectratio=\"1200\/669\"\/><\/p>\n<p>Jordi Gonz\u00e1lez regresa a TV3 tras 27 a\u00f1os<\/p>\n<p>&#13;TV3<\/p>\n<p>Sin embargo, la situaci\u00f3n cambi\u00f3: \u00abCon el tiempo, las empresas redujeron los presupuestos. Las productoras tienen menos dinero, aquellos directores de categor\u00eda ya no est\u00e1n, empiezan a contratar a personas con menos experiencia y llega un d\u00eda en que tienes becarios o gente que lleva solo seis meses en la televisi\u00f3n dirigi\u00e9ndote\u00bb. Esto sucedi\u00f3 cuando\u00a0presentaba &#8216;Supervivientes&#8217; en Telecinco.\u00a0<\/p>\n<p>El catal\u00e1n criticaba que\u00a0el equipo preparaba la escaleta sin tener en cuenta las pausas publicitarias. \u00abLleg\u00f3 un punto en el que <strong>no pod\u00eda m\u00e1s<\/strong>, me hac\u00edan cortar una prueba para ir a publicidad. Dejas a la gente sin saber qu\u00e9 pasar\u00e1\u00bb, lamentaba.<\/p>\n","protected":false},"excerpt":{"rendered":"Jordi Gonz\u00e1lez (63 a\u00f1os) ha dado un giro radical a su vida.\u00a0El periodista permaneci\u00f3 varias semanas en la&hellip;\n","protected":false},"author":2,"featured_media":146869,"comment_status":"","ping_status":"","sticky":false,"template":"","format":"standard","meta":{"footnotes":""},"categories":[91],"tags":[146,147,25,24,23],"class_list":{"0":"post-146868","1":"post","2":"type-post","3":"status-publish","4":"format-standard","5":"has-post-thumbnail","7":"category-entretenimiento","8":"tag-entertainment","9":"tag-entretenimiento","10":"tag-es","11":"tag-espana","12":"tag-spain"},"share_on_mastodon":{"url":"","error":""},"_links":{"self":[{"href":"https:\/\/www.europesays.com\/es\/wp-json\/wp\/v2\/posts\/146868","targetHints":{"allow":["GET"]}}],"collection":[{"href":"https:\/\/www.europesays.com\/es\/wp-json\/wp\/v2\/posts"}],"about":[{"href":"https:\/\/www.europesays.com\/es\/wp-json\/wp\/v2\/types\/post"}],"author":[{"embeddable":true,"href":"https:\/\/www.europesays.com\/es\/wp-json\/wp\/v2\/users\/2"}],"replies":[{"embeddable":true,"href":"https:\/\/www.europesays.com\/es\/wp-json\/wp\/v2\/comments?post=146868"}],"version-history":[{"count":0,"href":"https:\/\/www.europesays.com\/es\/wp-json\/wp\/v2\/posts\/146868\/revisions"}],"wp:featuredmedia":[{"embeddable":true,"href":"https:\/\/www.europesays.com\/es\/wp-json\/wp\/v2\/media\/146869"}],"wp:attachment":[{"href":"https:\/\/www.europesays.com\/es\/wp-json\/wp\/v2\/media?parent=146868"}],"wp:term":[{"taxonomy":"category","embeddable":true,"href":"https:\/\/www.europesays.com\/es\/wp-json\/wp\/v2\/categories?post=146868"},{"taxonomy":"post_tag","embeddable":true,"href":"https:\/\/www.europesays.com\/es\/wp-json\/wp\/v2\/tags?post=146868"}],"curies":[{"name":"wp","href":"https:\/\/api.w.org\/{rel}","templated":true}]}}