{"id":146878,"date":"2025-09-29T16:54:36","date_gmt":"2025-09-29T16:54:36","guid":{"rendered":"https:\/\/www.europesays.com\/es\/146878\/"},"modified":"2025-09-29T16:54:36","modified_gmt":"2025-09-29T16:54:36","slug":"el-ayuntamiento-felicita-al-equipo-amigos-de-pajara-campeon-de-las-neuromajo-2025-ayuntamiento-de-pajara","status":"publish","type":"post","link":"https:\/\/www.europesays.com\/es\/146878\/","title":{"rendered":"El Ayuntamiento felicita al equipo Amigos de P\u00e1jara campe\u00f3n de las Neuromajo 2025 \u2013 Ayuntamiento de P\u00e1jara"},"content":{"rendered":"<p><b>El grupo representar\u00e1 a Fuerteventura en la final regional de Maspalomas en diciembre\u00a0<\/b><\/p>\n<p>La Concejal\u00eda de la Tercera Edad del Ayuntamiento de P\u00e1jara felicita al equipo Amigos de P\u00e1jara, que se proclam\u00f3 campe\u00f3n en las Olimpiadas Neuromajo 2025, celebradas este pasado fin de semana en la Granja Experimental de Pozo Negro. Gracias a esta victoria, el conjunto representar\u00e1 a Fuerteventura en la final regional que se disputar\u00e1 en diciembre en Maspalomas.\u00a0<\/p>\n<p>Un total de 74 personas mayores y 9 entrenadores del municipio participaron en esta nueva edici\u00f3n, demostrando energ\u00eda, entusiasmo y esp\u00edritu de convivencia en cada una de las pruebas. En la final insular estuvieron presentes el alcalde de P\u00e1jara, Alejandro Jorge, el primer teniente de alcalde, Alexis Alonso, y la concejala de la Tercera Edad, \u00c1ngeles Acosta, acompa\u00f1ando y apoyando a los equipos del municipio.\u00a0<\/p>\n<p>La concejala \u00c1ngeles Acosta dio la enhorabuena al grupo ganador y a todas las personas mayores que participaron en la jornada. \u201cNuestros mayores han dado una lecci\u00f3n de vitalidad, ilusi\u00f3n y compa\u00f1erismo. Felicitamos especialmente al equipo Amigos de P\u00e1jara por este gran logro, que nos llena de orgullo como municipio\u201d.\u00a0<\/p>\n<p>Adem\u00e1s, la concejala a\u00f1adi\u00f3 que \u201cdesde el Ayuntamiento seguiremos trabajando para ofrecerles espacios de ocio, deporte y bienestar\u201d.\u00a0<\/p>\n<p>Por su parte, el alcalde Alejandro Jorge tambi\u00e9n quiso felicitar a todos los participantes y subray\u00f3 que \u201chan dado un ejemplo de constancia, alegr\u00eda y trabajo en equipo\u201d. Asimismo, se\u00f1al\u00f3 que \u201cel \u00e9xito de este encuentro demuestra que promover un envejecimiento activo y saludable es una prioridad para la isla de Fuerteventura. Desde el Consistorio nos comprometemos a continuar con estas acciones que favorecen a nuestros mayores\u201d.\u00a0<\/p>\n<p>El Ayuntamiento de P\u00e1jara agradece al Cabildo de Fuerteventura, al Club del Mayor y a los ayuntamientos que participaron su implicaci\u00f3n para hacer posible esta edici\u00f3n, y traslada su felicitaci\u00f3n m\u00e1s especial al equipo Amigos de P\u00e1jara, que llevar\u00e1 con orgullo el nombre del municipio y de la isla a la final regional.<\/p>\n<p>\u00a0<\/p>\n","protected":false},"excerpt":{"rendered":"El grupo representar\u00e1 a Fuerteventura en la final regional de Maspalomas en diciembre\u00a0 La Concejal\u00eda de la Tercera&hellip;\n","protected":false},"author":2,"featured_media":146879,"comment_status":"","ping_status":"","sticky":false,"template":"","format":"standard","meta":{"footnotes":""},"categories":[5],"tags":[17,18,25,24,13,14,11,19,20,9,10,15,16,23,12,21,22],"class_list":{"0":"post-146878","1":"post","2":"type-post","3":"status-publish","4":"format-standard","5":"has-post-thumbnail","7":"category-titulares","8":"tag-breaking-news","9":"tag-breakingnews","10":"tag-es","11":"tag-espana","12":"tag-featured-news","13":"tag-featurednews","14":"tag-headlines","15":"tag-latest-news","16":"tag-latestnews","17":"tag-news","18":"tag-noticias","19":"tag-noticias-destacadas","20":"tag-noticiasdestacadas","21":"tag-spain","22":"tag-titulares","23":"tag-ultimas-noticias","24":"tag-ultimasnoticias"},"share_on_mastodon":{"url":"","error":""},"_links":{"self":[{"href":"https:\/\/www.europesays.com\/es\/wp-json\/wp\/v2\/posts\/146878","targetHints":{"allow":["GET"]}}],"collection":[{"href":"https:\/\/www.europesays.com\/es\/wp-json\/wp\/v2\/posts"}],"about":[{"href":"https:\/\/www.europesays.com\/es\/wp-json\/wp\/v2\/types\/post"}],"author":[{"embeddable":true,"href":"https:\/\/www.europesays.com\/es\/wp-json\/wp\/v2\/users\/2"}],"replies":[{"embeddable":true,"href":"https:\/\/www.europesays.com\/es\/wp-json\/wp\/v2\/comments?post=146878"}],"version-history":[{"count":0,"href":"https:\/\/www.europesays.com\/es\/wp-json\/wp\/v2\/posts\/146878\/revisions"}],"wp:featuredmedia":[{"embeddable":true,"href":"https:\/\/www.europesays.com\/es\/wp-json\/wp\/v2\/media\/146879"}],"wp:attachment":[{"href":"https:\/\/www.europesays.com\/es\/wp-json\/wp\/v2\/media?parent=146878"}],"wp:term":[{"taxonomy":"category","embeddable":true,"href":"https:\/\/www.europesays.com\/es\/wp-json\/wp\/v2\/categories?post=146878"},{"taxonomy":"post_tag","embeddable":true,"href":"https:\/\/www.europesays.com\/es\/wp-json\/wp\/v2\/tags?post=146878"}],"curies":[{"name":"wp","href":"https:\/\/api.w.org\/{rel}","templated":true}]}}