{"id":146882,"date":"2025-09-29T16:56:20","date_gmt":"2025-09-29T16:56:20","guid":{"rendered":"https:\/\/www.europesays.com\/es\/146882\/"},"modified":"2025-09-29T16:56:20","modified_gmt":"2025-09-29T16:56:20","slug":"sevilla-2a-de-san-miguel-justicia-para-luque-e-injusticia-con-borja","status":"publish","type":"post","link":"https:\/\/www.europesays.com\/es\/146882\/","title":{"rendered":"Sevilla: 2\u00aa de San Miguel \u2013 Justicia para Luque e injusticia con Borja"},"content":{"rendered":"<p style=\"text-align: justify\"><strong><img data-recalc-dims=\"1\" fetchpriority=\"high\" decoding=\"async\" data-attachment-id=\"239897\" data-permalink=\"https:\/\/sevillatoro.es\/sevilla-2a-de-san-miguel-justicia-para-luque-e-injusticia-con-borja\/_rjo8476\/\" data-orig-file=\"https:\/\/i0.wp.com\/sevillatoro.es\/wp-content\/uploads\/RJO8476-scaled.jpg?fit=2880%2C2438&amp;ssl=1\" data-orig-size=\"2880,2438\" data-comments-opened=\"0\" data-image-meta=\"{&quot;aperture&quot;:&quot;5&quot;,&quot;credit&quot;:&quot;JOAQUIN ARJONA&quot;,&quot;camera&quot;:&quot;Canon EOS-1D X Mark III&quot;,&quot;caption&quot;:&quot;&quot;,&quot;created_timestamp&quot;:&quot;1759000065&quot;,&quot;copyright&quot;:&quot;ARJONA&quot;,&quot;focal_length&quot;:&quot;278&quot;,&quot;iso&quot;:&quot;1250&quot;,&quot;shutter_speed&quot;:&quot;0.002&quot;,&quot;title&quot;:&quot;&quot;,&quot;orientation&quot;:&quot;1&quot;}\" data-image-title=\"_RJO8476\" data-image-description=\"\" data-image-caption=\"\" data-medium-file=\"https:\/\/i0.wp.com\/sevillatoro.es\/wp-content\/uploads\/RJO8476-scaled.jpg?fit=300%2C254&amp;ssl=1\" data-large-file=\"https:\/\/i0.wp.com\/sevillatoro.es\/wp-content\/uploads\/RJO8476-scaled.jpg?fit=1024%2C867&amp;ssl=1\" class=\"aligncenter wp-image-239897 size-large\" src=\"https:\/\/www.europesays.com\/es\/wp-content\/uploads\/2025\/09\/RJO8476.jpg\" alt=\"\" width=\"1024\" height=\"867\"  \/>Carlos Crivell.<\/strong>\u2013 El palco presidencial asumi\u00f3 un protagonismo cuestionable en la corrida, lo que no quiere decir que se equivocara en exceso, sino que tom\u00f3 decisiones que pueden ser pol\u00e9micas. Pudo mandar a los corrales por su endeblez manifiesta al primero y al quinto, pero los mantuvo en el ruedo. La corrida de Garcigrande mereci\u00f3 el borr\u00f3n de un toro devuelto porque fue mala en conjunto. Pero el palco no quiso castigar a la ganader\u00eda. Castig\u00f3 a Talavante y premi\u00f3 a Daniel Luque. Esa decisi\u00f3n de no devolver al quinto la quiso justificar con la oreja, no pedida por la mayor\u00eda, pero que era como decirle a la plaza: \u201cMe hab\u00e9is pedido que devuelva al toro, lo he mantenido y Luque le ha cortado una oreja\u201d. Fue una oreja de palco, porque no hab\u00eda mayor\u00eda de pa\u00f1uelos. M\u00e1s solicitud tuvo la faena de Borja al tercero, pero en este caso se neg\u00f3 a concederla. Acert\u00f3 en el quinto, porque, aunque la plaza no tom\u00f3 en consideraci\u00f3n al toro porque era una miseria, no se sac\u00f3 por mayor\u00eda el pa\u00f1uelo. La labor de Luque, paciente y poderosa, merec\u00eda el premio.<\/p>\n<p style=\"text-align: justify\">La corrida de Garcigrande vali\u00f3 poco. Inv\u00e1lido el primero; exigente y con casta (en mi opini\u00f3n, el mejor), el segundo; desigual y desconcertante, el tercero; lastimado con nobleza, el cuarto; el mencionado quinto, manso y flojo, pero con bondad por la izquierda, y el bruto y duro sexto.<\/p>\n<p style=\"text-align: justify\">El epicentro de la corrida fueron las dos faenas de Daniel Luque. Le cort\u00f3 la oreja al quinto, pero con el que demostr\u00f3 su poder\u00edo y suficiencia fue con el segundo, un toro encastado que ped\u00eda sitio, distancia y mano baja. Y lo encontr\u00f3 en la muleta del torero de Gerena. Tras los dos quites despu\u00e9s del segundo puyazo, uno de Luque por tafalleras y las chicuelinas de Borja, la faena comenz\u00f3 con buenos doblones rodilla en tierra. A continuaci\u00f3n, dos tandas de redondos, primero llevando a media altura al toro y luego bajando la mano. Se la puso por la izquierda y el toro se mostr\u00f3 esquivo con medio viaje. De vueltas a la derecha, le baj\u00f3 la mano con se\u00f1or\u00edo, se gust\u00f3 y remat\u00f3 con el obligado de pecho. No pod\u00edan faltar las luquesinas, que cuando las interpreta su creador son distintas y mejores. Una estocada imperfecta, dos golpes de verduguillo, el aviso, en fin, que perdi\u00f3 la oreja.<\/p>\n<p style=\"text-align: justify\">Lo del quinto fue otra historia. El toro manse\u00f3, dobl\u00f3 las manos, se desentendi\u00f3 de los enga\u00f1os, no hab\u00eda por d\u00f3nde meterle mano. Pero Luque se la meti\u00f3 con la muleta en la mano izquierda. Muy cerca de las tablas, se volvi\u00f3 a colocar en el sitio justo, le puso vaselina a sus mu\u00f1ecas y dibuj\u00f3 cuatro tandas de naturales, algunos m\u00e1s ligados y otros sin posible unidad, pero con toda la paciencia del mundo, poni\u00e9ndole al toro lo que no ten\u00eda, la faena tom\u00f3 importancia, la misma que no ten\u00eda el toro. Tal vez esa condici\u00f3n del animal les dej\u00f3 el pa\u00f1uelo en el bolsillo a muchos. Al palco no le import\u00f3 la petici\u00f3n poco clamorosa. Sac\u00f3 su pa\u00f1uelo y pienso que acert\u00f3.<\/p>\n<p><img loading=\"lazy\" data-recalc-dims=\"1\" decoding=\"async\" data-attachment-id=\"239898\" data-permalink=\"https:\/\/sevillatoro.es\/sevilla-2a-de-san-miguel-justicia-para-luque-e-injusticia-con-borja\/2552961f-3153-4b3e-bbe4-f9dddb287b88\/\" data-orig-file=\"https:\/\/i0.wp.com\/sevillatoro.es\/wp-content\/uploads\/2552961f-3153-4b3e-bbe4-f9dddb287b88.jpg?fit=1104%2C738&amp;ssl=1\" data-orig-size=\"1104,738\" data-comments-opened=\"0\" data-image-meta=\"{&quot;aperture&quot;:&quot;0&quot;,&quot;credit&quot;:&quot;&quot;,&quot;camera&quot;:&quot;&quot;,&quot;caption&quot;:&quot;&quot;,&quot;created_timestamp&quot;:&quot;0&quot;,&quot;copyright&quot;:&quot;&quot;,&quot;focal_length&quot;:&quot;0&quot;,&quot;iso&quot;:&quot;0&quot;,&quot;shutter_speed&quot;:&quot;0&quot;,&quot;title&quot;:&quot;&quot;,&quot;orientation&quot;:&quot;0&quot;}\" data-image-title=\"2552961f-3153-4b3e-bbe4-f9dddb287b88\" data-image-description=\"\" data-image-caption=\"\" data-medium-file=\"https:\/\/i0.wp.com\/sevillatoro.es\/wp-content\/uploads\/2552961f-3153-4b3e-bbe4-f9dddb287b88.jpg?fit=300%2C201&amp;ssl=1\" data-large-file=\"https:\/\/i0.wp.com\/sevillatoro.es\/wp-content\/uploads\/2552961f-3153-4b3e-bbe4-f9dddb287b88.jpg?fit=1024%2C685&amp;ssl=1\" class=\"aligncenter wp-image-239898 size-large\" src=\"https:\/\/www.europesays.com\/es\/wp-content\/uploads\/2025\/09\/2552961f-3153-4b3e-bbe4-f9dddb287b88.jpg\" alt=\"\" width=\"1024\" height=\"685\"  \/><\/p>\n<p style=\"text-align: justify\">El otro torero de la tarde fue Borja Jim\u00e9nez. Dej\u00f3 sin picar al tercero. Pag\u00f3 las consecuencias. Ese toro con un buen puyazo hubiera sido mejor colaborador. Pronto y en la mano, Borja se lo pas\u00f3 dos veces por la espalda y lig\u00f3 una tanda de naturales. Con la derecha, el toro comenz\u00f3 a mostrar una manifiesta falta de ritmo, embest\u00eda como a saltos, pero Borja le baj\u00f3 la mano, lo mismo que en otra tanda de naturales, todo muy exigido por la falta de continuidad del Garcigrande. La faena fue un quiero y casi no puedo, tuvo momentos le lucimiento y otras de amontonamiento, pero lo mat\u00f3 bien y se pidi\u00f3 la oreja, que se pod\u00eda haber concedido, pero que no lleg\u00f3 a las manos del torero de Espartinas. Nadie hubiera protestado si se la concede, pero era d\u00eda de un palco con notoriedad.<\/p>\n<p style=\"text-align: justify\">El sexto fue muy malo por bruto y falta de calidad. Borja mostr\u00f3 oficio para sacarle pases cerca de las tablas. Tal vez debi\u00f3 sacarlo afuera. Qui\u00e9n sabe.<\/p>\n<p style=\"text-align: justify\">El primer espada, Alejandro Talavante, tropez\u00f3 en primer lugar con un inv\u00e1lido, con el que se limit\u00f3 a intentarlo a sabiendas de que era imposible. El cuarto ten\u00eda bondad, pero se lastim\u00f3 una mano durante la lidia, de forma que su poder y duraci\u00f3n qued\u00f3 limitada. Cuando meti\u00f3 la cara, Talavante peg\u00f3 derechazos despegados irrelevantes. Tarde en blanco.<\/p>\n<p style=\"text-align: justify\">Plaza de toros de Sevilla, 27 de septiembre de 2025. Segunda de San Miguel. No hay billetes. Seis toros de Garcigrande, desiguales de presentaci\u00f3n y de pobre juego en conjunto. Destac\u00f3 el encastado segundo.<\/p>\n<p style=\"text-align: justify\">Alejandro Talavante, de verde oliva y oro con remates negros. Estocada desprendida (silencio). En el cuarto, estocada trasera y tendida (silencio).<\/p>\n<p style=\"text-align: justify\">Daniel Luque, de azul marino y oro. Estocada trasera y dos descabellos (saludos tras aviso). En el quinto, estocada corta (una oreja).<\/p>\n<p style=\"text-align: justify\">Borja Jim\u00e9nez, de vis\u00f3n y plata. Estocada (vuelta al ruedo). En el sexto, estocada (silencio).<\/p>\n<p style=\"text-align: justify\">Salud\u00f3 en banderillas Ra\u00fal Caricol. Buenos puyazos de Miguel \u00c1ngel Mu\u00f1oz al cuarto. Minuto de Silencio por Rafael Peralta (ya se hab\u00eda guardado el 10 de julio).<\/p>\n<p>Me gusta esto:<\/p>\n<p>Me gusta Cargando&#8230;<\/p>\n<p><a class=\"sd-link-color\"\/><\/p>\n<p>\n\tRelacionado<\/p>\n","protected":false},"excerpt":{"rendered":"Carlos Crivell.\u2013 El palco presidencial asumi\u00f3 un protagonismo cuestionable en la corrida, lo que no quiere decir que&hellip;\n","protected":false},"author":2,"featured_media":146883,"comment_status":"","ping_status":"","sticky":false,"template":"","format":"standard","meta":{"footnotes":""},"categories":[277],"tags":[373,168,25,24,23,167,374],"class_list":{"0":"post-146882","1":"post","2":"type-post","3":"status-publish","4":"format-standard","5":"has-post-thumbnail","7":"category-toreo","8":"tag-bullfighting","9":"tag-deportes","10":"tag-es","11":"tag-espana","12":"tag-spain","13":"tag-sports","14":"tag-toreo"},"share_on_mastodon":{"url":"","error":""},"_links":{"self":[{"href":"https:\/\/www.europesays.com\/es\/wp-json\/wp\/v2\/posts\/146882","targetHints":{"allow":["GET"]}}],"collection":[{"href":"https:\/\/www.europesays.com\/es\/wp-json\/wp\/v2\/posts"}],"about":[{"href":"https:\/\/www.europesays.com\/es\/wp-json\/wp\/v2\/types\/post"}],"author":[{"embeddable":true,"href":"https:\/\/www.europesays.com\/es\/wp-json\/wp\/v2\/users\/2"}],"replies":[{"embeddable":true,"href":"https:\/\/www.europesays.com\/es\/wp-json\/wp\/v2\/comments?post=146882"}],"version-history":[{"count":0,"href":"https:\/\/www.europesays.com\/es\/wp-json\/wp\/v2\/posts\/146882\/revisions"}],"wp:featuredmedia":[{"embeddable":true,"href":"https:\/\/www.europesays.com\/es\/wp-json\/wp\/v2\/media\/146883"}],"wp:attachment":[{"href":"https:\/\/www.europesays.com\/es\/wp-json\/wp\/v2\/media?parent=146882"}],"wp:term":[{"taxonomy":"category","embeddable":true,"href":"https:\/\/www.europesays.com\/es\/wp-json\/wp\/v2\/categories?post=146882"},{"taxonomy":"post_tag","embeddable":true,"href":"https:\/\/www.europesays.com\/es\/wp-json\/wp\/v2\/tags?post=146882"}],"curies":[{"name":"wp","href":"https:\/\/api.w.org\/{rel}","templated":true}]}}