{"id":146886,"date":"2025-09-29T17:00:10","date_gmt":"2025-09-29T17:00:10","guid":{"rendered":"https:\/\/www.europesays.com\/es\/146886\/"},"modified":"2025-09-29T17:00:10","modified_gmt":"2025-09-29T17:00:10","slug":"el-giro-dellemilia-deja-fuera-al-israel-por-razones-de-seguridad","status":"publish","type":"post","link":"https:\/\/www.europesays.com\/es\/146886\/","title":{"rendered":"El Giro dell\u2019Emilia deja fuera al Israel por razones de seguridad"},"content":{"rendered":"<p class=\"\"><b>El Giro dell\u2019Emilia,<\/b> una de las carreras que da el pistoletazo de salida a la temporada de las cl\u00e1sicas de oto\u00f1o en Italia, ha anunciado en las \u00faltimas horas una dr\u00e1stica medida que puede sentar precedente en el ciclismo:<b> la exclusi\u00f3n del equipo Israel &#8211; Premier Tech<\/b> para la carrera que se celebrar\u00e1 este s\u00e1bado 4 de octubre.<\/p>\n<p class=\"\">La organizaci\u00f3n de la carrera, que se celebra en las dur\u00edsimas rampas de la Bas\u00edlica de San Luca de Bolonia,<b> ha tomado esta decisi\u00f3n para garantizar la seguridad del pelot\u00f3n y evitar posibles incidentes<\/b> como los que tuvieron lugar durante la pasada Vuelta a Espa\u00f1a.<\/p>\n<p class=\"\">El ayuntamiento de Bolonia celebr\u00f3 la decisi\u00f3n de que el Israel no compita este s\u00e1bado en el Giro dell\u2019Emilia. \u201cCreemos que el deporte es una forma para mostrar los valores universaldes de compartir, competici\u00f3n justa y solidaridad entre los pueblos y <b>nos complace ver que la organizaci\u00f3n de la carrera comparte esta opini\u00f3n tras confirmar que el Israel no competir\u00e1 en el Giro dell\u2019Emilia\u201d<\/b>, destac\u00f3 la concejala Roberta Li Calzi.<\/p>\n<p>Noticias relacionadas<\/p>\n<p class=\"\">Sin embargo, la decisi\u00f3n del Giro dell\u2019Emilia podr\u00eda provocar que otras pruebas como la <b>Coppa Agostoni (5 octubre), la Copa Bernocchi (6 octubre), los Tres Valles Varesinos (7 octubre), el Gran Piamonte (9 octubre) y el Giro de Lombard\u00eda (11 octubre)<\/b> tomen la misma decisi\u00f3n para evitar que se produzcan los mismos incidentes que en la pasada Vuelta a Espa\u00f1a.<\/p>\n<p class=\"\"><b>\u00a1Tus opiniones importan!<\/b> Comenta en los art\u00edculos y suscr\u00edbete gratis a nuestra <a href=\"https:\/\/asfan.as.com\/newsletters\/\" target=\"_blank\" rel=\"nofollow noopener\" title=\"https:\/\/asfan.as.com\/newsletters\/\">newsletter<\/a> y a las alertas informativas en la <a href=\"https:\/\/as.com\/aplicacion-de-as-n\/\" target=\"_blank\" rel=\"nofollow noopener\" title=\"https:\/\/as.com\/aplicacion-de-as-n\/\">App<\/a> o el canal de <a href=\"https:\/\/www.whatsapp.com\/channel\/0029VaAasdA7j6g745nz9M10\" target=\"_blank\" rel=\"nofollow noopener\" title=\"https:\/\/www.whatsapp.com\/channel\/0029VaAasdA7j6g745nz9M10\">WhatsApp<\/a>. \u00bfBuscas licenciar contenido? Haz clic <a href=\"https:\/\/profesional.elpais.com\/soluciones-sindicacion?utm_medium=interno&amp;utm_source=crosslinking&amp;utm_campaign=sindicacion_as_pie_articulos\" target=\"_blank\" rel=\"nofollow noopener\" title=\"https:\/\/profesional.elpais.com\/soluciones-sindicacion?utm_medium=interno&amp;utm_source=crosslinking&amp;utm_campaign=sindicacion_as_pie_articulos\">aqu\u00ed<\/a><\/p>\n","protected":false},"excerpt":{"rendered":"El Giro dell\u2019Emilia, una de las carreras que da el pistoletazo de salida a la temporada de las&hellip;\n","protected":false},"author":2,"featured_media":146887,"comment_status":"","ping_status":"","sticky":false,"template":"","format":"standard","meta":{"footnotes":""},"categories":[273],"tags":[313,312,168,25,24,23,167],"class_list":{"0":"post-146886","1":"post","2":"type-post","3":"status-publish","4":"format-standard","5":"has-post-thumbnail","7":"category-ciclismo","8":"tag-ciclismo","9":"tag-cycling","10":"tag-deportes","11":"tag-es","12":"tag-espana","13":"tag-spain","14":"tag-sports"},"share_on_mastodon":{"url":"","error":""},"_links":{"self":[{"href":"https:\/\/www.europesays.com\/es\/wp-json\/wp\/v2\/posts\/146886","targetHints":{"allow":["GET"]}}],"collection":[{"href":"https:\/\/www.europesays.com\/es\/wp-json\/wp\/v2\/posts"}],"about":[{"href":"https:\/\/www.europesays.com\/es\/wp-json\/wp\/v2\/types\/post"}],"author":[{"embeddable":true,"href":"https:\/\/www.europesays.com\/es\/wp-json\/wp\/v2\/users\/2"}],"replies":[{"embeddable":true,"href":"https:\/\/www.europesays.com\/es\/wp-json\/wp\/v2\/comments?post=146886"}],"version-history":[{"count":0,"href":"https:\/\/www.europesays.com\/es\/wp-json\/wp\/v2\/posts\/146886\/revisions"}],"wp:featuredmedia":[{"embeddable":true,"href":"https:\/\/www.europesays.com\/es\/wp-json\/wp\/v2\/media\/146887"}],"wp:attachment":[{"href":"https:\/\/www.europesays.com\/es\/wp-json\/wp\/v2\/media?parent=146886"}],"wp:term":[{"taxonomy":"category","embeddable":true,"href":"https:\/\/www.europesays.com\/es\/wp-json\/wp\/v2\/categories?post=146886"},{"taxonomy":"post_tag","embeddable":true,"href":"https:\/\/www.europesays.com\/es\/wp-json\/wp\/v2\/tags?post=146886"}],"curies":[{"name":"wp","href":"https:\/\/api.w.org\/{rel}","templated":true}]}}