{"id":146888,"date":"2025-09-29T17:01:08","date_gmt":"2025-09-29T17:01:08","guid":{"rendered":"https:\/\/www.europesays.com\/es\/146888\/"},"modified":"2025-09-29T17:01:08","modified_gmt":"2025-09-29T17:01:08","slug":"muere-el-perro-de-hamilton-el-mas-famoso-de-la-f1","status":"publish","type":"post","link":"https:\/\/www.europesays.com\/es\/146888\/","title":{"rendered":"Muere el perro de Hamilton, el m\u00e1s famoso de la F1"},"content":{"rendered":"<p><img fetchpriority=\"high\" class=\"v-a-img\" src=\"https:\/\/www.europesays.com\/es\/wp-content\/uploads\/2025\/09\/muere-perro-hamilton-kEhE-U2303220262448UrE-1200x840@El Correo.JPG\" loading=\"eager\" decoding=\"async\" alt=\"Hamilton, junto a su perro.\"  width=\"1200\" height=\"840\"\/><\/p>\n<p>Hamilton, junto a su perro.          Instagram        <\/p>\n<p>El piloto se siente \u00abprofundamente agradecido y honrado de haber compartido mi vida con un alma tan hermosa, un \u00e1ngel y un verdadero amigo\u00bb<\/p>\n<p class=\"v-mdl-ath__p v-mdl-ath__p--6\">\nLunes, 29 de septiembre 2025, 17:15<\/p>\n<p>| Actualizado 17:32h.<\/p>\n<p class=\"v-p\">Las mascotas son mucho m\u00e1s que un animal de compa\u00f1\u00eda. En las familias son considerados un miembro m\u00e1s y para sus due\u00f1os un fiel amigo por lo que su muerte constituye un aut\u00e9ntico mazazo para sus corazones. Es lo que le ha pasado al campe\u00f3n de F\u00f3rmula Uno Lewis Hamilton tras la p\u00e9rdida de su bulldog, lo que ha sido definido por el piloto como \u00abuna de las experiencias m\u00e1s duras de mi vida\u00bb. El perro falleci\u00f3 tras permanecer varios d\u00edas ingresado.<\/p>\n<p class=\"v-p\">Fue el propio piloto brit\u00e1nico el encargado de dar la triste noticia a sus seguidores a trav\u00e9s de un emotivo mensaje en las redes sociales que se ha vuelto viral. \u00abDespu\u00e9s de cuatro d\u00edas con soporte vital, luchando con cada pizca de fuerza que ten\u00eda, tuve que tomar la decisi\u00f3n m\u00e1s dif\u00edcil de mi vida y despedirme de Roscoe\u00bb, escrib\u00eda el piloto de Ferrari. <\/p>\n<p class=\"v-p\">El perro le acompa\u00f1aba al piloto en todas las carreras. Era uno m\u00e1s del padock en la F\u00f3rmula Uno. Hamilton, que est\u00e1 totalmente devastado por la p\u00e9rdida, se siente \u00abprofundamente agradecido y honrado de haber compartido mi vida con un alma tan hermosa, un \u00e1ngel y un verdadero amigo\u00bb. Para el piloto, \u00abtraer a Roscoe a mi vida fue la mejor decisi\u00f3n que he tomado jam\u00e1s, y siempre atesorar\u00e9 los recuerdos que creamos juntos\u00bb.<\/p>\n<p class=\"v-p\">El perro, que estaba en coma despu\u00e9s de sufrir complicaciones al contraer neumon\u00eda, muri\u00f3 en los brazos del piloto tras varios d\u00edas ingresado. La muerte de Roscoe, de 13 a\u00f1os, se produce d\u00edas antes de que Hamilton tenga que viajar a Singapur para disputar un GP de F\u00f3rmula Uno. <\/p>\n<p class=\"v-p\">Para Hamilton era mucho m\u00e1s que una mascota. Le acompa\u00f1\u00f3 por medio mundo a bordo de su jet y se hizo tan popular en la F\u00f3rmula 1 que incluso particip\u00f3 en spots publicitarios.<\/p>\n<p>Comenta<\/p>\n<p>Reporta un error<\/p>\n","protected":false},"excerpt":{"rendered":"Hamilton, junto a su perro. Instagram El piloto se siente \u00abprofundamente agradecido y honrado de haber compartido mi&hellip;\n","protected":false},"author":2,"featured_media":146889,"comment_status":"","ping_status":"","sticky":false,"template":"","format":"standard","meta":{"footnotes":""},"categories":[270],"tags":[168,5634,24374,25,24,15984,306,271,272,3688,4920,8515,45068,23,167,2606],"class_list":{"0":"post-146888","1":"post","2":"type-post","3":"status-publish","4":"format-standard","5":"has-post-thumbnail","7":"category-formula-1","8":"tag-deportes","9":"tag-destrozado","10":"tag-duras","11":"tag-es","12":"tag-espana","13":"tag-experiencias","14":"tag-f1","15":"tag-formula-1","16":"tag-formula1","17":"tag-hamilton","18":"tag-muerte","19":"tag-perro","20":"tag-roscoe","21":"tag-spain","22":"tag-sports","23":"tag-vida"},"share_on_mastodon":{"url":"","error":""},"_links":{"self":[{"href":"https:\/\/www.europesays.com\/es\/wp-json\/wp\/v2\/posts\/146888","targetHints":{"allow":["GET"]}}],"collection":[{"href":"https:\/\/www.europesays.com\/es\/wp-json\/wp\/v2\/posts"}],"about":[{"href":"https:\/\/www.europesays.com\/es\/wp-json\/wp\/v2\/types\/post"}],"author":[{"embeddable":true,"href":"https:\/\/www.europesays.com\/es\/wp-json\/wp\/v2\/users\/2"}],"replies":[{"embeddable":true,"href":"https:\/\/www.europesays.com\/es\/wp-json\/wp\/v2\/comments?post=146888"}],"version-history":[{"count":0,"href":"https:\/\/www.europesays.com\/es\/wp-json\/wp\/v2\/posts\/146888\/revisions"}],"wp:featuredmedia":[{"embeddable":true,"href":"https:\/\/www.europesays.com\/es\/wp-json\/wp\/v2\/media\/146889"}],"wp:attachment":[{"href":"https:\/\/www.europesays.com\/es\/wp-json\/wp\/v2\/media?parent=146888"}],"wp:term":[{"taxonomy":"category","embeddable":true,"href":"https:\/\/www.europesays.com\/es\/wp-json\/wp\/v2\/categories?post=146888"},{"taxonomy":"post_tag","embeddable":true,"href":"https:\/\/www.europesays.com\/es\/wp-json\/wp\/v2\/tags?post=146888"}],"curies":[{"name":"wp","href":"https:\/\/api.w.org\/{rel}","templated":true}]}}