{"id":146890,"date":"2025-09-29T17:02:08","date_gmt":"2025-09-29T17:02:08","guid":{"rendered":"https:\/\/www.europesays.com\/es\/146890\/"},"modified":"2025-09-29T17:02:08","modified_gmt":"2025-09-29T17:02:08","slug":"el-bilbao-basket-tiene-todo-listo-para-el-debut-en-acb-el-club-ha-hecho-un-esfuerzo-y-tenemos-que-dar-un-paso-mas","status":"publish","type":"post","link":"https:\/\/www.europesays.com\/es\/146890\/","title":{"rendered":"El Bilbao Basket tiene todo listo para el debut en ACB: \u00abEl club ha hecho un esfuerzo y tenemos que dar un paso m\u00e1s\u00bb"},"content":{"rendered":"<p>La semana marcada en rojo en el calendario activa su contador a cero en Artxanda, en la espectacular pista levantada hace dos a\u00f1os. Un nuevo  &#8230; Bilbao Basket echa a andar, aunque de nuevo como tal tiene poco. Por cuarta temporada consecutiva cuenta con Jaume Ponsarnau a los mandos y una base s\u00f3lida compuesta por varios de los jugadores que obraron la proeza de convertirse en los primeros hombres de negro en ser campeones de Europa. El s\u00e1bado (18 horas) se sube por fin el tel\u00f3n del curso -el del Surne ser\u00e1 el primer partido de la Liga- y la primera visita es de v\u00e9rtigo: en el Mart\u00edn Carpena de M\u00e1laga ante el Unicaja, uno de los equipos m\u00e1s poderosos que hace una semana revalid\u00f3 su t\u00edtulo de la Copa Intercontinental, aunque despu\u00e9s tropez\u00f3 en la Supercopa ante el a la postre campe\u00f3n Valencia.<\/p>\n<p class=\"v-p\">Este lunes, a cinco d\u00edas del estreno, la franquicia de Miribilla recibe en Artxanda a la prensa vizca\u00edna en el tradicional &#8216;media day&#8217; de principio de curso, incluida una sesi\u00f3n de fotos con la nueva equipaci\u00f3n, la del lobo, un dise\u00f1o rompedor. Algunos jugadores como el esloveno Martin Krampelj, uno de los refuerzos, atienden a explicaciones de un ayudante de Ponsarnau sobre la Euskal Kopa ante el Baskonia. Antes de romper a sudar en la monta\u00f1a bilba\u00edna jugadores y cuerpo t\u00e9cnico atienden a los medios. Todos coinciden en el \u00abesfuerzo\u00bb que ha hecho la directiva del Surne para \u00absubir el nivel\u00bb competitivo. El curso pasado fue el de la conquista de la FIBE Europe Cup, s\u00ed, pero tambi\u00e9n el del sufrimiento en ACB. El Bilbao Basket fue decimosexto, y aunque no tuvo que esperar hasta el final para certificar la permanencia, ocup\u00f3 la \u00faltima plaza de los que hoy siguen en la \u00e9lite. El vestuario habla incluso de aspirar a competir en la Copa. \u00ab\u00bfPor qu\u00e9 no?\u00bb Para ello hay que finalizar la primera vuelta en el top-8. Otro reto may\u00fasculo en una temporada \u00abilusionante\u00bb.<\/p>\n<ol class=\"v-cmp-u-b__u\">\n<li class=\"v-cmp-u-b__l\">\n<p>\nJaume Ponsarnau &#8211; Entrenador\n<\/p>\n<p>\u00abPodemos mejorar en rebote, correr y triples\u00bb<\/p>\n<\/li>\n<\/ol>\n<p class=\"v-p\">\u00abEstoy ilusionado de lo que tenemos entre manos. Hay talento, ganas, muy buena mentalidad de trabajo. Hemos demostrado que podemos jugar bien, defender bien\u00bb, desarrolla el entrenador. \u00abEntre Eurobasket y Afrobasket, lesiones&#8230; A\u00fan no hemos crecido todo lo que me gustar\u00eda antes de la competici\u00f3n, pero muchos de nuestros rivales estar\u00e1n en las mismas circunstancias\u00bb, ampl\u00eda el t\u00e9cnico catal\u00e1n. Respecto al debut ante Unicaja, dice que \u00abes un gran equipo, muy bien trabajado, que ha demostrado estar a un nivel muy alto\u00bb.<\/p>\n<p class=\"v-p\">\u00ab\u00bfLos objetivos? El club ha encontrado la forma de hacer un esfuerzo mayor, nos ha dado la posibilidad de sumar m\u00e1s talento, as\u00ed que tenemos que hacerlo mejor, especialmente en liga, la competici\u00f3n m\u00e1s importante. Todo el mundo ha mejorado e invertido m\u00e1s dinero, pero nosotros tambi\u00e9n\u00bb, afirma rotundo Ponsarnau, que se siente en deuda con la directiva que encabeza Isabel Iturbe y quiere responder en la pista.<\/p>\n<p class=\"v-p\">\u00abRebote, correr y encontrar triples. En estas tres facetas podemos mejorar y a eso nos vamos a agarrar\u00bb, enumera el m\u00edster, que confirma que Bassala Bagayoko no llega al s\u00e1bado. El p\u00edvot maliense de 19 a\u00f1os sufre una subluxaci\u00f3n en el hombro derecho. \u00abLe quedan unas semanas. El resto est\u00e1 bien. Darrun (Hilliard) ha pasado un proceso v\u00edrico, hoy vuelve a entrar con el equipo y esperemos que lleguemos todos bien al partido, Lazarevic hab\u00eda tenido una lesi\u00f3n y ya est\u00e1 bien\u00bb, explica.<\/p>\n<p class=\"v-p\">Por \u00faltimo, el de T\u00e1rrega habla de la adaptaci\u00f3n de los fichajes. \u00abHay muy buenos valores, ganas de convivir juntos, jugar juntos, como nuestro lema &#8216;batera&#8217;. En la pista hay camino por recorrer, identificar roles de juego, descubrir nuestras identidades&#8230; Pero hay continuidad. Hay dos posiciones claves que marcan much\u00edsimo el c\u00f3mo defiendes y muchas veces el c\u00f3mo atacas: los bases y los cincos. Todos siguen y eso es una ventaja. Si en alguna posici\u00f3n hubiese podido elegir continuidad hubiesen sido estas\u00bb, valora el patr\u00f3n de la nave.<\/p>\n<ol class=\"v-cmp-u-b__u\">\n<li class=\"v-cmp-u-b__l\">\n<p>\nTryggvi Hlinason &#8211; Capit\u00e1n\n<\/p>\n<p>\u00abQuiero llegar a la Copa\u00bb<\/p>\n<\/li>\n<\/ol>\n<p class=\"v-p\">Tercera temporada del gigante island\u00e9s en Bilbao. El peso de la experiencia le convierte en capit\u00e1n. \u00abSufro un poco en este aspecto, pero estoy muy contento. Lo ponen f\u00e1cil, no hace falta motivarlos\u00bb, dice sobre sus compa\u00f1eros. \u00abAhora tenemos jugadores con m\u00e1s puntos, el nivel ha subido. Tienen muchas ganas de hacerlo bien y para ello trabajan duro\u00bb, a\u00f1ade el l\u00edder del vestuario, que cuenta las horas para la competici\u00f3n. \u00abYa por fin, todos los a\u00f1os el principio es muy ilusionante. Ser\u00e1 un partido muy duro, Unicaja tiene un equipazo\u00bb.<\/p>\n<p class=\"v-p\">El p\u00edvot internacional viene de cuajar una actuaci\u00f3n excepcional en el Eurobasket. Promedi\u00f3 14.6 puntos, 10.6 rebotes y 23.8 de valoraci\u00f3n. \u00abMe siento muy bien, he tenido un problema en el gemelo que ha sido un poco frustrante, pero el cuerpo m\u00e9dico y los fisios me cuidan mucho, as\u00ed que estoy preparado\u00bb, lanza Hlinason, con sus 215 cent\u00edmetros. \u00abEl objetivo siempre es mantenerse en ACB, hace falta que Bilbao est\u00e9 en ACB, pero yo soy ambicioso y quiero llegar a Copa del Rey, en el Roig Arena de Valencia. Ser\u00e1 un evento muy especial y quiero estar ah\u00ed con ellos. Y respecto a la FIBA Europe Cup, estar otra vez en la lucha\u00bb, analiza sobre los deberes del curso.<\/p>\n<ol class=\"v-cmp-u-b__u\">\n<li class=\"v-cmp-u-b__l\">\n<p>\nHarald Frey &#8211; Segundo capit\u00e1n\n<\/p>\n<p>\u00abTenemos mucho talento\u00bb<\/p>\n<\/li>\n<\/ol>\n<p class=\"v-p\">\u00abQueremos crecer, por supuesto. Pelear por el t\u00edtulo de FIBA Europe Cup y subir un pelda\u00f1o en ACB\u00bb, lanza Frey. El base noruego volver\u00e1 a llevar la manija del equipo. \u00abTenemos mucho talento, jugadores con diferentes cualidades y por qu\u00e9 no vamos a pelear por estar en el top-8 la primera vuelta y jugar la Copa. Jaume (Ponsarnau) sabe sacar lo mejor de nosotros y estamos preparados\u00bb, analiza el n\u00f3rdico. \u00abEstoy impaciente de empezar ya. Seguimos mejorando en la qu\u00edmica con los nuevos fichajes. Como capit\u00e1n trato de conocerlos r\u00e1pido, estar pendiente de que todos estemos en la misma l\u00ednea para ser un equipo\u00bb, apunta.<\/p>\n<ol class=\"v-cmp-u-b__u\">\n<li class=\"v-cmp-u-b__l\">\n<p>\nMelwin Pantzar\n<\/p>\n<p>\u00abMe queda un a\u00f1o en Bilbao y quiero acabar bien\u00bb<\/p>\n<\/li>\n<\/ol>\n<p class=\"v-p\">El estreno m\u00e1s raro que se recuerda lo tendr\u00e1 Pantzar. El pr\u00f3ximo a\u00f1o jugar\u00e1 para el Unicaja, club que le deja cedido un a\u00f1o en Miribilla. \u00abEs un poco raro debutar como cedido contra el que ser\u00e1 mi equipo, nunca lo he hecho antes, pero yo no pienso mucho en eso. Me queda un a\u00f1o en Bilbao y quiero acabar bien para devolver la oportunidad que me dieron\u00bb, afirma con seguridad el base sueco, que afronta su tercer curso en la capital vizca\u00edna. \u00abTenemos mucha ilusi\u00f3n de empezar la temporada con nuevos compa\u00f1eros, mismo staff&#8230; El a\u00f1o pasado fue incre\u00edble, va a ser dif\u00edcil mejorarlo pero siempre se puede, todas las personas pueden mejorar en algo. Tenemos el equipo para ello\u00bb, dice el organizador, que tambi\u00e9n se apunta al objetivo de la Copa. \u00ab\u00bfPor qu\u00e9 no?\u00bb.<\/p>\n<ol class=\"v-cmp-u-b__u\">\n<li class=\"v-cmp-u-b__l\">\n<p>\nJustin Jaworski\n<\/p>\n<p>\u00abEstoy encantado de volver a Euskadi\u00bb<\/p>\n<\/li>\n<\/ol>\n<p class=\"v-p\">El tirador estadounidense regresa a Euskadi. Jug\u00f3 en la temporada 2022-23 en el Gipuzkoa Basket, en LEB Oro, y ahora llega a la \u00e9lite tras su paso por N\u00e1poles, Heidelberg y Oldenburg. \u00abEstoy encantado de volver a Euskadi, pas\u00e9 un gran tiempo en San Sebasti\u00e1n\u00bb, dice el escolta, que dice \u00absaber los n\u00fameros en euskera\u00bb y \u00abno haber olvidado el tiempo del Pa\u00eds Vasco, pero de momento se est\u00e1 muy bien\u00bb. \u00abMe encanta la gastronom\u00eda y pasear por Bilbao. Es una ciudad muy bonita\u00bb. El de Pensilvania desea tener \u00abuna temporada muy exitosa\u00bb y no siente presi\u00f3n al tener la etiqueta de anotador. \u00abEstoy preparado para el reto. Trabajo muy duro para eso\u00bb.<\/p>\n","protected":false},"excerpt":{"rendered":"La semana marcada en rojo en el calendario activa su contador a cero en Artxanda, en la espectacular&hellip;\n","protected":false},"author":2,"featured_media":146891,"comment_status":"","ping_status":"","sticky":false,"template":"","format":"standard","meta":{"footnotes":""},"categories":[269],"tags":[302,299,1918,298,2601,1798,2527,5437,168,25,3580,24,2983,4191,23,167],"class_list":{"0":"post-146890","1":"post","2":"type-post","3":"status-publish","4":"format-standard","5":"has-post-thumbnail","7":"category-baloncesto","8":"tag-acb","9":"tag-baloncesto","10":"tag-basket","11":"tag-basketball","12":"tag-bilbao","13":"tag-club","14":"tag-dar","15":"tag-debut","16":"tag-deportes","17":"tag-es","18":"tag-esfuerzo","19":"tag-espana","20":"tag-listo","21":"tag-paso","22":"tag-spain","23":"tag-sports"},"share_on_mastodon":{"url":"","error":""},"_links":{"self":[{"href":"https:\/\/www.europesays.com\/es\/wp-json\/wp\/v2\/posts\/146890","targetHints":{"allow":["GET"]}}],"collection":[{"href":"https:\/\/www.europesays.com\/es\/wp-json\/wp\/v2\/posts"}],"about":[{"href":"https:\/\/www.europesays.com\/es\/wp-json\/wp\/v2\/types\/post"}],"author":[{"embeddable":true,"href":"https:\/\/www.europesays.com\/es\/wp-json\/wp\/v2\/users\/2"}],"replies":[{"embeddable":true,"href":"https:\/\/www.europesays.com\/es\/wp-json\/wp\/v2\/comments?post=146890"}],"version-history":[{"count":0,"href":"https:\/\/www.europesays.com\/es\/wp-json\/wp\/v2\/posts\/146890\/revisions"}],"wp:featuredmedia":[{"embeddable":true,"href":"https:\/\/www.europesays.com\/es\/wp-json\/wp\/v2\/media\/146891"}],"wp:attachment":[{"href":"https:\/\/www.europesays.com\/es\/wp-json\/wp\/v2\/media?parent=146890"}],"wp:term":[{"taxonomy":"category","embeddable":true,"href":"https:\/\/www.europesays.com\/es\/wp-json\/wp\/v2\/categories?post=146890"},{"taxonomy":"post_tag","embeddable":true,"href":"https:\/\/www.europesays.com\/es\/wp-json\/wp\/v2\/tags?post=146890"}],"curies":[{"name":"wp","href":"https:\/\/api.w.org\/{rel}","templated":true}]}}