{"id":146892,"date":"2025-09-29T17:03:08","date_gmt":"2025-09-29T17:03:08","guid":{"rendered":"https:\/\/www.europesays.com\/es\/146892\/"},"modified":"2025-09-29T17:03:08","modified_gmt":"2025-09-29T17:03:08","slug":"borja-iglesias-a-la-altura-de-kane-y-haaland","status":"publish","type":"post","link":"https:\/\/www.europesays.com\/es\/146892\/","title":{"rendered":"Borja Iglesias, a la altura de Kane y Haaland"},"content":{"rendered":"<p data-gtm-element-container=\"modulo-texto-link\" class=\"paragraph\">El <strong>Celta <\/strong>no est\u00e1 teniendo su mejor arranque de temporada, en ocho partidos cuenta con cinco empates y tres derrotas, pero pese a estos resultados, se pueden extraer algunas buenas noticias: <strong>Borja Iglesias<\/strong> est\u00e1 que se sale. El gallego ha marcado cinco goles en los \u00faltimos cinco partidos, cuatro en liga y uno en <strong>Europa League<\/strong>.\u00a0<\/p>\n<p data-gtm-element-container=\"modulo-texto-link\" class=\"paragraph\">Con estos n\u00fameros ha registrado la mejor racha de su carrera en cuanto a partidos seguidos marcando. Adem\u00e1s, la suma de sus goles representa un 71% de los goles del conjunto gallego (5 de 7), unas cifras que le permiten ponerse a la altura de los grandes goleadores de Europa: <strong>Harry Kane <\/strong>(50%), <strong>Erling Haaland <\/strong>(50%) o <strong>Kylian Mbapp\u00e9 <\/strong>(55,6%). En <strong>LaLiga <\/strong>le sigue de cerca <strong>Vedat<\/strong> <strong>Muriqi<\/strong>, delantero del <strong>RCD Mallorca <\/strong>que suma el 66,7% de los goles de su equipo.\u00a0<\/p>\n<p>    Lee tambi\u00e9n<\/p>\n<p data-gtm-element-container=\"modulo-texto-link\" class=\"paragraph\">La temporada pasada el &#8216;<strong>Panda<\/strong>&#8216; marc\u00f3 once goles en 38 jornadas con el Celta, cedido por el <strong>Betis<\/strong>. El t\u00e9cnico del conjunto gallego no dud\u00f3 en pedir su fichaje desde el primer d\u00eda. Ahora bien, para llegar a su mejor registro goleador todav\u00eda le queda; en la temporada 18\/19 con el <strong>Real Zaragoza <\/strong>(<strong>Segunda<\/strong>) anot\u00f3 veintitr\u00e9s dianas, y, en la temporada 19\/20, veinte con el <strong>Espanyol<\/strong>, su r\u00e9cord en <strong>Primera Divisi\u00f3n<\/strong>.\u00a0<\/p>\n<p data-gtm-element-container=\"modulo-texto-link\" class=\"paragraph\">Antes del par\u00f3n de selecciones, el conjunto de <strong>Gir\u00e1ldez <\/strong>se enfrenta a dos partidos clave: El\u00a0 jueves (21h) se medir\u00e1n ante el <strong>PAOK<\/strong> en la segunda jornada de la Europa League, y el domingo (21h) se ver\u00e1n las caras con el <strong>Atl\u00e9tico de Madrid.<\/strong>\u00a0<\/p>\n","protected":false},"excerpt":{"rendered":"El Celta no est\u00e1 teniendo su mejor arranque de temporada, en ocho partidos cuenta con cinco empates y&hellip;\n","protected":false},"author":2,"featured_media":146893,"comment_status":"","ping_status":"","sticky":false,"template":"","format":"standard","meta":{"footnotes":""},"categories":[268],"tags":[168,25,24,280,282,281,23,167],"class_list":{"0":"post-146892","1":"post","2":"type-post","3":"status-publish","4":"format-standard","5":"has-post-thumbnail","7":"category-futbol","8":"tag-deportes","9":"tag-es","10":"tag-espana","11":"tag-football","12":"tag-futbol","13":"tag-soccer","14":"tag-spain","15":"tag-sports"},"share_on_mastodon":{"url":"","error":""},"_links":{"self":[{"href":"https:\/\/www.europesays.com\/es\/wp-json\/wp\/v2\/posts\/146892","targetHints":{"allow":["GET"]}}],"collection":[{"href":"https:\/\/www.europesays.com\/es\/wp-json\/wp\/v2\/posts"}],"about":[{"href":"https:\/\/www.europesays.com\/es\/wp-json\/wp\/v2\/types\/post"}],"author":[{"embeddable":true,"href":"https:\/\/www.europesays.com\/es\/wp-json\/wp\/v2\/users\/2"}],"replies":[{"embeddable":true,"href":"https:\/\/www.europesays.com\/es\/wp-json\/wp\/v2\/comments?post=146892"}],"version-history":[{"count":0,"href":"https:\/\/www.europesays.com\/es\/wp-json\/wp\/v2\/posts\/146892\/revisions"}],"wp:featuredmedia":[{"embeddable":true,"href":"https:\/\/www.europesays.com\/es\/wp-json\/wp\/v2\/media\/146893"}],"wp:attachment":[{"href":"https:\/\/www.europesays.com\/es\/wp-json\/wp\/v2\/media?parent=146892"}],"wp:term":[{"taxonomy":"category","embeddable":true,"href":"https:\/\/www.europesays.com\/es\/wp-json\/wp\/v2\/categories?post=146892"},{"taxonomy":"post_tag","embeddable":true,"href":"https:\/\/www.europesays.com\/es\/wp-json\/wp\/v2\/tags?post=146892"}],"curies":[{"name":"wp","href":"https:\/\/api.w.org\/{rel}","templated":true}]}}