{"id":146894,"date":"2025-09-29T17:04:15","date_gmt":"2025-09-29T17:04:15","guid":{"rendered":"https:\/\/www.europesays.com\/es\/146894\/"},"modified":"2025-09-29T17:04:15","modified_gmt":"2025-09-29T17:04:15","slug":"carlos-sobera-explica-el-motivo-de-su-reciente-viaje-a-miami-junto-a-su-mujer-patricia","status":"publish","type":"post","link":"https:\/\/www.europesays.com\/es\/146894\/","title":{"rendered":"Carlos Sobera explica el motivo de su reciente viaje a Miami junto a su mujer Patricia"},"content":{"rendered":"<p>No hay duda de que se trata de uno de los presentadores m\u00e1s queridos del panorama nacional. Desde hace ya muchos a\u00f1os Carlos Sobera (65 a\u00f1os) se cuela en nuestras casas <a href=\"https:\/\/www.lecturas.com\/television\/carlos-sobera-obligado-interrumpir-cita-first-dates-repente-desapareciste_181577\" rel=\"nofollow noopener\" target=\"_blank\">cada noche con \u2018First Dates\u2019<\/a>, ese programa de citas tan extra\u00f1as como divertidas, adem\u00e1s de estar al frente de una de las galas semanales de concursos como \u2018Supervivientes\u2019 o \u2018Gran Hermano\u2019. El vasco no tiene l\u00edmites y el trabajo no le falta, intentando sacar siempre un hueco para sus seres queridos, habi\u00e9ndole visto <a href=\"https:\/\/www.lecturas.com\/actualidad\/carlos-sobera-hace-paron-supervivientes-y-abre-album-su-idilico-viaje-a-malasia-junto-a-su-mujer-patricia-y-su-hija_174368\" rel=\"nofollow noopener\" target=\"_blank\">irse de viaje junto a su mujer y su hija<\/a> en el pasado, algo que <strong>ha repetido esta vez s\u00f3lo con su esposa y en compa\u00f1\u00eda de unos amigos, una escapada que esconde un motivo de lo m\u00e1s especial.<\/strong><\/p>\n<p>El viaje a Miami de Carlos Sobera<\/p>\n<p>A trav\u00e9s de su cuenta oficial de Instagram, Carlos nos ha dejado ver su \u00faltimo gran viaje, una aventura en compa\u00f1\u00eda de su gente m\u00e1s cercana que ha disfrutado al m\u00e1ximo. \u201c<strong>Un placer acompa\u00f1ar a los amigos en las aventuras transoce\u00e1nicas.<\/strong> Suerte @sandrosilvaparaguas y Marta\u201d, escrib\u00eda en este post, donde nos mostraba parte de este viaje, que ha realizado para acudir a la inauguraci\u00f3n de un restaurante en Miami.<\/p>\n<blockquote class=\"instagram-media\" data-instgrm-captioned=\"\" data-instgrm-permalink=\"https:\/\/www.instagram.com\/p\/DPKPD5YjWVz\/?utm_source=ig_embed&amp;utm_campaign=loading\" data-instgrm-version=\"14\" style=\" background:#FFF; border:0; border-radius:3px; box-shadow:0 0 1px 0 rgba(0,0,0,0.5),0 1px 10px 0 rgba(0,0,0,0.15); margin: 1px; max-width:540px; min-width:326px; padding:0; width:99.375%; width:-webkit-calc(100% - 2px); width:calc(100% - 2px);\"\/>\n<p>Sus amigos han abierto <strong>la primera sucursal en Estados Unidos del restaurante &#8216;Amaz\u00f3nico&#8217;<\/strong>, que ha llegado por fin a Brickell Avenue, en Miami. Fue el pasado 26 de septiembre cuando se celebr\u00f3 la apertura de este restaurante, bar y lounge que ahora se abre paso en Am\u00e9rica tras probar suerte tambi\u00e9n en lugares como Madrid, Londres, Dubai y Monte-Carlo.<\/p>\n<p><img loading=\"lazy\" decoding=\"async\"   src=\"https:\/\/www.europesays.com\/es\/wp-content\/uploads\/2025\/09\/carlos-sobera_f1880fca_250929114839_1200x1600.webp.webp\" alt=\"Carlos Sobera\" class=\"lazyload\" width=\"1200\" height=\"1600\" data-aspectratio=\"1200\/1600\"\/><\/p>\n<p>Carlos Sobera ha viajado a Miami a la inauguraci\u00f3n del restaurante de unos grandes amigos.<\/p>\n<p>&#13;Instagram @carlossobera<\/p>\n<p>El local ofrece comida, c\u00f3cteles, m\u00fasica en vivo, DJs y un interior nada discreto con tem\u00e1tica de jungla, siendo un bar que el propio Sobera pudo disfrutar durante su estancia all\u00ed, recorriendo las tres plantas y la azotea con las que cuenta. \u201c<strong>Miami era el siguiente paso natural<\/strong>\u00ab, explicaron los amigos de Carlos y cofundadores del restaurante, Sandro Silva y Marta Seco, en un comunicado. \u201cSiempre hemos pensado que Amaz\u00f3nico estaba hecho para esta ciudad. La energ\u00eda cultural, la gente, el ritmo de vida, todo se alinea perfectamente con lo que hemos construido\u201d.<\/p>\n<p><img decoding=\"async\" src=\"https:\/\/www.europesays.com\/es\/wp-content\/uploads\/2025\/09\/alessandro-lequio_00000000_14e386f6_250929144522_800x800.webp.webp\" alt=\"Alessandro Lequio\" class=\"image lazyload\"\/><img loading=\"lazy\" decoding=\"async\" src=\"https:\/\/www.europesays.com\/es\/wp-content\/uploads\/2025\/09\/alessandro-lequio_00000000_14e386f6_250929144526_1280x720.webp.webp\" alt=\"Alessandro Lequio responde a su ex, Sonia Moldes, tras su pol\u00e9mica entrevista: \u201cHoy voy a hacer algo muy raro en m\u00ed\u201d\" class=\"image lazyload\" width=\"1280\" height=\"720\" data-aspectratio=\"1280\/720\"\/>El nuevo proyecto televisivo de Sobera<\/p>\n<p>Justo antes de poner rumbo a las Am\u00e9ricas, Carlos comenzaba el rodaje de su nuevo reto profesional. Si no ten\u00eda bastante con los mencionados programas, ahora el comunicador ha comenzado a grabar\u00a0<strong>\u2018Los 200: uno contra la masa\u2019, nuevo concurso que\u00a0Telecinco <\/strong>que adem\u00e1s es la\u00a0primera adaptaci\u00f3n internacional\u00a0del formato \u2018Wisdom of the Crowd\u2019, originario de Reino Unido, donde est\u00e1 previsto que se emita en BBC One, que ser\u00e1 producida en colaboraci\u00f3n con Brutal Media, parte de BBC Studios Global Productions.<\/p>\n<p><img loading=\"lazy\" decoding=\"async\"   src=\"https:\/\/www.europesays.com\/es\/wp-content\/uploads\/2025\/09\/carlos-sobera_db5dcad4_250929132606_1200x672.webp.webp\" alt=\"Carlos Sobera\" class=\"lazyload\" width=\"1200\" height=\"672\" data-aspectratio=\"1200\/672\"\/><\/p>\n<p>Sobera ya rueda su nuevo proyecto para Mediaset, el programa\u00a0\u2018Los 200: uno contra la masa\u2019.<\/p>\n<p>&#13;Telecinco<\/p>\n<p>Tal y como podemos leer en la web de Telecinco, en cada programa tendremos a\u00a0<strong>cuatro concursantes<\/strong>\u00a0que se enfrentar\u00e1n de manera individual a\u00a0<strong>un grupo de 200 personas\u00a0presentes en plat\u00f3<\/strong>. \u00abTodos responden a preguntas con respuesta num\u00e9ricas, divertidas y curiosas, pero\u00a0\u00bfser\u00e1n capaces de superar el promedio de la multitud?\u00bb, explican en la citada web. Tras participar, si el concursante gana, se lleva un premio en met\u00e1lico; si pierde,\u00a0el dinero se acumula en <strong>un bote com\u00fan que se repartir\u00e1 entre los 200 integrantes<\/strong>\u00a0de \u2018la masa\u2019 que da t\u00edtulo al programa\u00a0al final de la temporada, siendo una manera en la que consiguen que el propio p\u00fablico sean\u00a0jugadores activos\u00a0y en\u00a0potenciales ganadores del concurso.\u00a0<\/p>\n<p>De hecho, definen este espacio como un \u00ab\u2018David contra Goliat\u2019\u00a0llevado al terreno del game show\u00bb, donde cada ronda ser\u00e1 una llena de tensi\u00f3n para todos los presentes. <strong>Una respuesta acertada puede llegar a dar un premio de 10.000 euros<\/strong>\u00a0y quienes logren alcanzar la gran final optan a llevarse\u00a0a casa un lingote de oro valorado en 100.000 euros, una cifra bastante alta que podr\u00eda cambiar la vida al afortunado que logre vencer a esa masa compuesta por 200 personas.\u00a0<\/p>\n<p><img loading=\"lazy\" decoding=\"async\"   src=\"https:\/\/www.europesays.com\/es\/wp-content\/uploads\/2025\/09\/carlos-sobera_0aa3c773_250929132616_1200x667.webp.webp\" alt=\"Carlos Sobera\" class=\"lazyload\" width=\"1200\" height=\"667\" data-aspectratio=\"1200\/667\"\/><\/p>\n<p>Un imparable Carlos estrenaba el pasado mes de julio el programa\u2018Todos por ti&#8217; en Telecinco.<\/p>\n<p>&#13;Telecinco<br \/>\n<img decoding=\"async\" src=\"https:\/\/www.europesays.com\/es\/wp-content\/uploads\/2025\/09\/tamara-hermana-de-michu_4bb67571_250929125809_800x800.webp.webp\" alt=\"Tamara, hermana de Michu \" class=\"image lazyload\"\/><img loading=\"lazy\" decoding=\"async\" src=\"https:\/\/www.europesays.com\/es\/wp-content\/uploads\/2025\/09\/tamara-hermana-de-michu_4bb67571_250929125814_1280x720.webp.webp\" alt=\"La decisi\u00f3n de la hermana de Michu sobre la custodia de su sobrina: \u201cHemos contratado abogados para reclamar el r\u00e9gimen de visitas\u201d\" class=\"image lazyload\" width=\"1280\" height=\"720\" data-aspectratio=\"1280\/720\"\/><\/p>\n<p>Este reto llega poco despu\u00e9s de que <strong>Carlos estrenase en julio el programa<\/strong><strong>\u2018Todos por ti\u2019<\/strong>, uno en el que ve\u00edamos a un concursante enfrent\u00e1ndose a diferentes preguntas para lograr llevarse a casa el dinero con\u00a0ayuda de sus familiares y amigos, una muestra de lo querido y necesario que es Sobera en Mediaset, donde los proyectos se le acumulan.\u00a0<\/p>\n<p><script async src=\"\/\/www.instagram.com\/embed.js\"><\/script><\/p>\n","protected":false},"excerpt":{"rendered":"No hay duda de que se trata de uno de los presentadores m\u00e1s queridos del panorama nacional. Desde&hellip;\n","protected":false},"author":2,"featured_media":146895,"comment_status":"","ping_status":"","sticky":false,"template":"","format":"standard","meta":{"footnotes":""},"categories":[174],"tags":[255,146,147,25,24,256,23],"class_list":{"0":"post-146894","1":"post","2":"type-post","3":"status-publish","4":"format-standard","5":"has-post-thumbnail","7":"category-famosos","8":"tag-celebrities","9":"tag-entertainment","10":"tag-entretenimiento","11":"tag-es","12":"tag-espana","13":"tag-famosos","14":"tag-spain"},"share_on_mastodon":{"url":"","error":""},"_links":{"self":[{"href":"https:\/\/www.europesays.com\/es\/wp-json\/wp\/v2\/posts\/146894","targetHints":{"allow":["GET"]}}],"collection":[{"href":"https:\/\/www.europesays.com\/es\/wp-json\/wp\/v2\/posts"}],"about":[{"href":"https:\/\/www.europesays.com\/es\/wp-json\/wp\/v2\/types\/post"}],"author":[{"embeddable":true,"href":"https:\/\/www.europesays.com\/es\/wp-json\/wp\/v2\/users\/2"}],"replies":[{"embeddable":true,"href":"https:\/\/www.europesays.com\/es\/wp-json\/wp\/v2\/comments?post=146894"}],"version-history":[{"count":0,"href":"https:\/\/www.europesays.com\/es\/wp-json\/wp\/v2\/posts\/146894\/revisions"}],"wp:featuredmedia":[{"embeddable":true,"href":"https:\/\/www.europesays.com\/es\/wp-json\/wp\/v2\/media\/146895"}],"wp:attachment":[{"href":"https:\/\/www.europesays.com\/es\/wp-json\/wp\/v2\/media?parent=146894"}],"wp:term":[{"taxonomy":"category","embeddable":true,"href":"https:\/\/www.europesays.com\/es\/wp-json\/wp\/v2\/categories?post=146894"},{"taxonomy":"post_tag","embeddable":true,"href":"https:\/\/www.europesays.com\/es\/wp-json\/wp\/v2\/tags?post=146894"}],"curies":[{"name":"wp","href":"https:\/\/api.w.org\/{rel}","templated":true}]}}