{"id":146896,"date":"2025-09-29T17:11:13","date_gmt":"2025-09-29T17:11:13","guid":{"rendered":"https:\/\/www.europesays.com\/es\/146896\/"},"modified":"2025-09-29T17:11:13","modified_gmt":"2025-09-29T17:11:13","slug":"se-presentaron-en-la-filah-libros-universitarios-galardonados","status":"publish","type":"post","link":"https:\/\/www.europesays.com\/es\/146896\/","title":{"rendered":"Se presentaron en la FILAH libros universitarios galardonados"},"content":{"rendered":"<p>\t\t\t\t\t\t\t\t\t\t\t\t\t\t\t\t\t\t\t\t\t\tDistinguidos con el Premio Antonio Garc\u00eda Cubas<\/p>\n<p>    Libros UNAM &amp;nbsp &amp;nbsp<\/p>\n<p>\t\t\t\t<b>Sep 29, 2025<\/b>\n\t\t\t<\/p>\n<p><img fetchpriority=\"high\" decoding=\"async\" src=\"https:\/\/www.europesays.com\/es\/wp-content\/uploads\/2025\/09\/250929-cul3-des-f1-se-presentaron-en-FILAH-libros-universitarios-galardonados.jpg\" alt=\"\" width=\"990\" height=\"660\" class=\"size-full wp-image-169851\"  \/>Diego Alc\u00e1zar, Andrea Fuentes y Socorro Venegas. Foto: cortes\u00eda Libros UNAM. En el marco de la 36 Feria Internacional del Libro de Antropolog\u00eda e Historia (FILAH), se presentaron las publicaciones universitarias reconocidas con el Premio Antonio Garc\u00eda Cubas 2025: La rueda del hambriento y otros cuentos, de Rosario Castellanos, cuya edici\u00f3n y selecci\u00f3n estuvieron a cargo de Socorro Venegas y Andrea Fuentes; Tiempos de Inquisici\u00f3n: herejes, infieles, brujas y hechiceros, coordinado por Nuria Galland Camacho y Ver\u00f3nica Gonz\u00e1lez Illescas, y Urbe. S\u00faper-poema bolchevique en 5 cantos de Manuel Maples Arce, con pr\u00f3logo de Yanna Hadatty.<\/p>\n<p>As\u00ed, la amplia oferta editorial que la UNAM llev\u00f3 a la FILAH tambi\u00e9n abri\u00f3 oportunidades para acercarse a la narrativa de Rosario Castellanos, con motivo del centenario de su nacimiento; descubrir el bullicio, la velocidad y la energ\u00eda de la vida citadina retratada por Manuel Maples Arce, as\u00ed como discutir el papel de la Inquisici\u00f3n en la Nueva Espa\u00f1a.<\/p>\n<p>Socorro Venegas y Andrea Fuentes, con la moderaci\u00f3n de Diego Alc\u00e1zar, hablaron tanto del proceso de selecci\u00f3n y edici\u00f3n de La rueda del hambriento y otros cuentos \u2013t\u00edtulo de la colecci\u00f3n Hilo de Aracne que fue premiado en la categor\u00eda Obra juvenil\u2013 como de la relevancia de la obra de Castellanos y su inter\u00e9s por los pueblos originarios.<\/p>\n<p>Venegas apunt\u00f3: \u201cUn escritor no s\u00f3lo se forma con lo que lee, sino, en gran medida, con sus experiencias. Castellanos construye todo un imaginario de Chiapas y recupera universos de las comunidades ind\u00edgenas con una mirada poco com\u00fan, no condescendiente\u201d. Fuentes, por su parte, destac\u00f3 la forma en que la autora escribe: \u201cEs impresionante y doloroso releerla porque hay una vigencia en su visi\u00f3n, la cual es reveladora y aterradora. Lo que hace Castellanos es una disecci\u00f3n de la realidad, que analiza y nos pone frente a los ojos para evidenciar las enormes injusticias de una identidad nacional en construcci\u00f3n\u201d.<\/p>\n<p>Nuria Galland Camacho y Ver\u00f3nica Gonz\u00e1lez Illescas conversaron con Ana Carolina Sep\u00falveda, directora de la Facultad de Medicina, sobre Tiempos de Inquisici\u00f3n. Herejes, infieles, brujas y hechiceros, una compilaci\u00f3n de art\u00edculos que se enfoca en la Nueva Espa\u00f1a y que fue galardonada en la categor\u00eda Obra de divulgaci\u00f3n. \u201cNos pareci\u00f3 enriquecedor que, a trav\u00e9s del estudio de la Inquisici\u00f3n, pudi\u00e9ramos dedicarnos tambi\u00e9n al estudio de la sociedad virreinal. Nos tom\u00f3 cuatro a\u00f1os narrar la historia de la Inquisici\u00f3n tambi\u00e9n de forma ilustrada\u201d, se\u00f1al\u00f3 Galland Camacho.<\/p>\n<p>Sep\u00falveda, despu\u00e9s de precisar que siempre es posible hallar nueva informaci\u00f3n sobre el tema, explic\u00f3 cu\u00e1l es la finalidad de la obra: \u201cEste libro busca traer al centro a quienes rara vez han sido nombrados: la poblaci\u00f3n negra, la poblaci\u00f3n musulmana, los cient\u00edficos, las parteras, entre otros\u201d. Enseguida, invit\u00f3 a visitar el Palacio de la Escuela de Medicina, edificio que en otro tiempo fue sede del Santo Oficio.<\/p>\n<p>Editado por el Instituto de Investigaciones Bibliogr\u00e1ficas, la Biblioteca Nacional de M\u00e9xico y la Hemeroteca Nacional de M\u00e9xico, Urbe. S\u00faper-poema bolchevique en 5 cantos fue reconocido en la categor\u00eda Edici\u00f3n facsimilar. Publicado originalmente en 1924, este poemario de Maples Arce fue concebido como una obra integral de arte, pues incorpora xilograf\u00edas del artista franc\u00e9s Jean Charlot que dialogan con el texto y buscan dar una dimensi\u00f3n est\u00e9tica a la Revoluci\u00f3n.<\/p>\n<p>De acuerdo con Mar\u00eda Andrea Giovine, directora del Instituto de Investigaciones Bibliogr\u00e1ficas, el volumen va m\u00e1s all\u00e1 de la poes\u00eda: es un manifiesto est\u00e9tico y vital, una de las piedras angulares de un movimiento que surgi\u00f3 en el M\u00e9xico revolucionario, el estridentismo. Hilda Maldonado, jefa del Departamento Editorial del mismo Instituto, comparti\u00f3 que el objetivo del proyecto \u201cfue hacer una interpretaci\u00f3n, ofrecer una lectura contempor\u00e1nea de la obra, acercarla al presente sin que perdiera su esencia para comprenderla mejor y entender el contexto en el que fue publicada\u201d.<\/p>\n<p>Antonio Ruiz El Corcito. Montajes y escenas del M\u00e9xico Moderno, coedici\u00f3n del Instituto de Investigaciones Est\u00e9ticas y el Museo Amparo de Puebla, tambi\u00e9n estuvo presente en la FILAH y fue distinguida en la categor\u00eda Cat\u00e1logo del Premio Antonio Garc\u00eda Cubas. Coordinado por Dafne Cruz Porchini y Luis Vargas Santiago, el t\u00edtulo es testigo de c\u00f3mo el artista mexicano Antonio Ruiz, El Corcito, no se conform\u00f3 con la pintura de caballete y el muralismo, sino que particip\u00f3 activamente en el cine, el teatro, el dise\u00f1o de vestuario y la docencia.<\/p>\n","protected":false},"excerpt":{"rendered":"Distinguidos con el Premio Antonio Garc\u00eda Cubas Libros UNAM &amp;nbsp &amp;nbsp Sep 29, 2025 Diego Alc\u00e1zar, Andrea Fuentes&hellip;\n","protected":false},"author":2,"featured_media":146897,"comment_status":"","ping_status":"","sticky":false,"template":"","format":"standard","meta":{"footnotes":""},"categories":[172],"tags":[224,146,147,25,24,225,23],"class_list":{"0":"post-146896","1":"post","2":"type-post","3":"status-publish","4":"format-standard","5":"has-post-thumbnail","7":"category-libros","8":"tag-books","9":"tag-entertainment","10":"tag-entretenimiento","11":"tag-es","12":"tag-espana","13":"tag-libros","14":"tag-spain"},"share_on_mastodon":{"url":"","error":""},"_links":{"self":[{"href":"https:\/\/www.europesays.com\/es\/wp-json\/wp\/v2\/posts\/146896","targetHints":{"allow":["GET"]}}],"collection":[{"href":"https:\/\/www.europesays.com\/es\/wp-json\/wp\/v2\/posts"}],"about":[{"href":"https:\/\/www.europesays.com\/es\/wp-json\/wp\/v2\/types\/post"}],"author":[{"embeddable":true,"href":"https:\/\/www.europesays.com\/es\/wp-json\/wp\/v2\/users\/2"}],"replies":[{"embeddable":true,"href":"https:\/\/www.europesays.com\/es\/wp-json\/wp\/v2\/comments?post=146896"}],"version-history":[{"count":0,"href":"https:\/\/www.europesays.com\/es\/wp-json\/wp\/v2\/posts\/146896\/revisions"}],"wp:featuredmedia":[{"embeddable":true,"href":"https:\/\/www.europesays.com\/es\/wp-json\/wp\/v2\/media\/146897"}],"wp:attachment":[{"href":"https:\/\/www.europesays.com\/es\/wp-json\/wp\/v2\/media?parent=146896"}],"wp:term":[{"taxonomy":"category","embeddable":true,"href":"https:\/\/www.europesays.com\/es\/wp-json\/wp\/v2\/categories?post=146896"},{"taxonomy":"post_tag","embeddable":true,"href":"https:\/\/www.europesays.com\/es\/wp-json\/wp\/v2\/tags?post=146896"}],"curies":[{"name":"wp","href":"https:\/\/api.w.org\/{rel}","templated":true}]}}