{"id":146913,"date":"2025-09-29T17:20:05","date_gmt":"2025-09-29T17:20:05","guid":{"rendered":"https:\/\/www.europesays.com\/es\/146913\/"},"modified":"2025-09-29T17:20:05","modified_gmt":"2025-09-29T17:20:05","slug":"la-presidenta-de-moldavia-apela-a-la-unidad-del-pais-tras-la-mayoria-absoluta-del-bloque-europeista-en-las-elecciones-el-pais","status":"publish","type":"post","link":"https:\/\/www.europesays.com\/es\/146913\/","title":{"rendered":"La presidenta de Moldavia apela a la unidad del pa\u00eds tras la mayor\u00eda absoluta del bloque europe\u00edsta en las elecciones &#8211; EL PA\u00cdS"},"content":{"rendered":"<ol>\n<li><a href=\"https:\/\/news.google.com\/rss\/articles\/CBMi-gFBVV95cUxOVERpX1lyVlhVQUYzbEtBMERWRi14ZkZtbFlITEI1dnNncG15c2dkWTRHYU13ZVVzZzh0T1FwZVFUTmlBR2ZZRzVXd0h1ZHlvT00ybXI4czRCUHpmdlNHMkhoWmVaUEYwQWtld1J2ZjNBOU1VaGtPWW41SFZCUGtJdEN6SGd6MkhiUjhXaDJCcVlpQS1FT0VyeEtyLUlQX2pfNUR6Ti1jZWVmeFBNNUxjd0htQkFxRFg0R0hob3Bib3U2NDFPREg1T0hBb09mY2hUdVNkcE1uOGV0M1NVZXlvTzBUQnFuRm80ZGZYTkRYd043djVIbE53bFNB0gGOAkFVX3lxTE16SnYtOGpEcUxtdS1CV2xidURiV2pwSmZqaG5VaDRYSXVIVkctRWdTdTlTZW1hb2FTMTlZSl9TNUozaVliSm5QSWY5Vm1peTBIZzlfeWxEMXhXazNxa3czLTE2d3FWVGlGNmMxbTRPZndJRjMyRWl3aC1pOXlYWDloc0J0QU5DekVJdmhWX2dIYXVxejhjU3hsZy1yRDlvcHkwc3JrdG1iVEhEd0ZOeE0yX0lFM09OVTh6XzNtaWhkdDFoOFhQVUVacXJESlBwLS1fc0FPMFhFQXA5TDVoSnpSV1c3ekQyYm5tVzl6bFl0aGxlNHhuWmI1U1JFSXh6NnA1SElQdVROMGNPVWxGUQ?oc=5\" target=\"_blank\" rel=\"nofollow noopener\">La presidenta de Moldavia apela a la unidad del pa\u00eds tras la mayor\u00eda absoluta del bloque europe\u00edsta en las elecciones<\/a>&nbsp;&nbsp;EL PA\u00cdS<\/li>\n<li><a href=\"https:\/\/news.google.com\/rss\/articles\/CBMigwFBVV95cUxPMEJQeFJfRkRTQ2NMVnpLWUJXcGppbDVwSTdGTWJseVQ3R3ZNeE5vd0xudUU0czZhRUlKNl8ydV9hME5sU2JmOExJN0llUTFfdEdoa0RGaTlrY3h1Q2JQb0hYYlBEc0hEemQ2TGJEMEE4VkNlU0habzFGOUMtM2xJWUxwTdIBgwFBVV95cUxQVzVONWU1Qnd4dHlSQURfak9OZFVZWndTdEdXaU5oaDlTcm5RRXUtQ0FER1FUVlJVOEx0VEhNX0Y2dHplNFF1Nml2eFVZX2UxTTZlV3pab3ljamptazNBbUt0N3lKZHJndkw3cGtCbGNZWTQyZXB2MU1GNjVuVVdpTGM5bw?oc=5\" target=\"_blank\" rel=\"nofollow noopener\">Maia Sandu tras revalidar su partido la mayor\u00eda absoluta en Moldavia: \u00abRusia ha fracasado, no ha conseguido comprarnos\u00bb<\/a>&nbsp;&nbsp;El Mundo<\/li>\n<li><a href=\"https:\/\/news.google.com\/rss\/articles\/CBMivgFBVV95cUxOZFlfX1BkTUVPX1BHRElmbUo3X041RkFDQXJXeWRkcTVLcWozbWdmWE5TZEVuMVhfc1RVNWtpSjd5aUQzZU5ORjZGN09mZi1hX1psLURNaXJ1SHctWm4tREIydkFEbmp4QUdkODhDMlBiQlo0cmZkX2hRb3QyU3pxdUloT2xjU29pWUxSU2syMEx4TWhKNTYtc1A0V2xOSkJhclFVeHBvOURYRjctUERWVVpqdFdSYmRwU3ZXc1JR?oc=5\" target=\"_blank\" rel=\"nofollow noopener\">Alivio en Bruselas por la victoria proeuropea en Moldavia: \u00abEligieron democracia frente a la presi\u00f3n rusa\u00bb<\/a>&nbsp;&nbsp;ABC<\/li>\n<li><a href=\"https:\/\/news.google.com\/rss\/articles\/CBMi0wFBVV95cUxQU2pibFljVDllcXBlOWZzUmZGSGtkX0hVdzJ3c3ptaDFoMlZBOC0tNFdjcTQ5eTBzWWRVdV9BQjExYTNjdG5NaUo4SGF2eTg3Z1BNMFducll6dUZSZTFrb3hqV01OcnQtYlNISGpVdmVyR2htaUl1aGVhZE9pdlZpSHROMmpLN0hEbmxPbS1URUxrRFJMSVAwNzJuTzh4Z0NYS05rNHNYd3JCeVgwbUszQTN5dFNMY0pNQTJrLWIyVlMwdlRNaHJIa0FBR09iQlZqdjlF?oc=5\" target=\"_blank\" rel=\"nofollow noopener\">Los proeuropeos de la presidenta Sandu logran la mayor\u00eda absoluta en las elecciones moldavas<\/a>&nbsp;&nbsp;El Confidencial<\/li>\n<li><a href=\"https:\/\/news.google.com\/rss\/articles\/CBMiuwFBVV95cUxNV1pfdXI0dDNzbGFqTGpZTmlOeW9kYUYzcFFnMy1sWUU0TWN0TzN4eWdmVzJ3ZTBhVHJydV9tOGhfWlFTS3dBWTNVVXppVFNkRlVSbjI5cWFsVkVxVktzTDNFVlRPNFNEOHBOVEJVcGI2LUxhN3JERzlwN0tZVVJwVGd1aldyMlZ2eWpTYjlEUzdpSW5GWDI0MFBlOURsR2lrODV5MXc4NzYwd3RJZUxVdllaZ0pHNExjZ3Vj0gHXAUFVX3lxTE9LWDdVUVlyalhDWWJjUm9ZaWpRN3JoUzA5T0M1VndaYXZmZksxREN0dnJVUU9nM0V3b1hWX2FjZFJFbUQyYkhHR05PS0RnTmdfdmwyeDRvVG0tSVZacTV4bnR2bzFIR1MzU0ZoWV9rdlJTWFV5RWdqZEFYRGY3czltYlpKbTdjMndhd3JYcmxadWRYUDh6WW94M3Zja0tWb09jWkNnRUMtdWRuQVFXeVNnTGlBVTFjb3FjOERaUlBwNDd4NU5oemxJaFF0UURvSTJlaUxOcS13?oc=5\" target=\"_blank\" rel=\"nofollow noopener\">Moldavia apuesta por la v\u00eda europea<\/a>&nbsp;&nbsp;La Voz de Galicia<\/li>\n<\/ol>\n","protected":false},"excerpt":{"rendered":"La presidenta de Moldavia apela a la unidad del pa\u00eds tras la mayor\u00eda absoluta del bloque europe\u00edsta en&hellip;\n","protected":false},"author":2,"featured_media":146673,"comment_status":"","ping_status":"","sticky":false,"template":"","format":"standard","meta":{"footnotes":""},"categories":[42],"tags":[17,18,13,14,11,61,62,63,64,19,20,9,10,15,16,12,21,22,65,66,67],"class_list":{"0":"post-146913","1":"post","2":"type-post","3":"status-publish","4":"format-standard","5":"has-post-thumbnail","7":"category-internacional","8":"tag-breaking-news","9":"tag-breakingnews","10":"tag-featured-news","11":"tag-featurednews","12":"tag-headlines","13":"tag-internacional","14":"tag-international","15":"tag-international-news","16":"tag-internationalnews","17":"tag-latest-news","18":"tag-latestnews","19":"tag-news","20":"tag-noticias","21":"tag-noticias-destacadas","22":"tag-noticiasdestacadas","23":"tag-titulares","24":"tag-ultimas-noticias","25":"tag-ultimasnoticias","26":"tag-world","27":"tag-world-news","28":"tag-worldnews"},"share_on_mastodon":{"url":"","error":""},"_links":{"self":[{"href":"https:\/\/www.europesays.com\/es\/wp-json\/wp\/v2\/posts\/146913","targetHints":{"allow":["GET"]}}],"collection":[{"href":"https:\/\/www.europesays.com\/es\/wp-json\/wp\/v2\/posts"}],"about":[{"href":"https:\/\/www.europesays.com\/es\/wp-json\/wp\/v2\/types\/post"}],"author":[{"embeddable":true,"href":"https:\/\/www.europesays.com\/es\/wp-json\/wp\/v2\/users\/2"}],"replies":[{"embeddable":true,"href":"https:\/\/www.europesays.com\/es\/wp-json\/wp\/v2\/comments?post=146913"}],"version-history":[{"count":0,"href":"https:\/\/www.europesays.com\/es\/wp-json\/wp\/v2\/posts\/146913\/revisions"}],"wp:featuredmedia":[{"embeddable":true,"href":"https:\/\/www.europesays.com\/es\/wp-json\/wp\/v2\/media\/146673"}],"wp:attachment":[{"href":"https:\/\/www.europesays.com\/es\/wp-json\/wp\/v2\/media?parent=146913"}],"wp:term":[{"taxonomy":"category","embeddable":true,"href":"https:\/\/www.europesays.com\/es\/wp-json\/wp\/v2\/categories?post=146913"},{"taxonomy":"post_tag","embeddable":true,"href":"https:\/\/www.europesays.com\/es\/wp-json\/wp\/v2\/tags?post=146913"}],"curies":[{"name":"wp","href":"https:\/\/api.w.org\/{rel}","templated":true}]}}