{"id":146914,"date":"2025-09-29T17:21:11","date_gmt":"2025-09-29T17:21:11","guid":{"rendered":"https:\/\/www.europesays.com\/es\/146914\/"},"modified":"2025-09-29T17:21:11","modified_gmt":"2025-09-29T17:21:11","slug":"en-libertad-el-hombre-de-19-anos-detenido-en-vigo-por-una-supuesta-agresion-sexual-a-otra-joven-en-plena-calle","status":"publish","type":"post","link":"https:\/\/www.europesays.com\/es\/146914\/","title":{"rendered":"En\u00a0libertad el hombre de 19 a\u00f1os detenido en Vigo por una supuesta agresi\u00f3n sexual a otra joven en plena calle"},"content":{"rendered":"<p>\t\t\t \t\t \t\t\t\t\t\t\tImagen de archivo de un veh\u00edculo de la Polic\u00eda Nacional por Vigo <strong class=\"pd-l\">M.MORALEJO  <\/strong><\/p>\n<p>\t\t\t\t\t\tDos de los testigos relataron a la polic\u00eda que el hombre estaba encima de la mujer, con el pantal\u00f3n bajado y realizaba \u00abmovimientos pelvicos\u00bb<br \/>\n\t\t\t\t\t\t\t\t\t\t\t\t<strong>29 sep 2025<\/strong> . Actualizado a las 12:48 h.\t\t\t\t\t\t<\/p>\n<p class=\"first-paragraph txt\"><strong><a class=\"link-txt\" href=\"https:\/\/www.lavozdegalicia.es\/noticia\/vigo\/vigo\/2025\/09\/27\/detenido-agresion-sexual-joven-salida-after-vigo\/0003_202509202509271758962699461.htm\" rel=\"nofollow noopener\" target=\"_blank\">\u00a0El\u00a0hombre\u00a0de 19 a\u00f1os detenido el s\u00e1bado en Vigo como presunto autor de un delito de agresi\u00f3n sexual <\/a><\/strong>a una joven de madrugada en una c\u00e9ntrica calle de la ciudad ol\u00edvica ha quedado en libertad en las \u00faltimas horas, explica la\u00a0<a href=\"https:\/\/www.lavozdegalicia.es\/temas\/policia-nacional\" rel=\"nofollow noopener\" target=\"_blank\">Polic\u00eda Nacional<\/a>.\u00a0En concreto, dicho cuerpo de seguridad habr\u00eda dejado en libertad al hombre a la espera de que sea citado por el juzgado que se encargar\u00e1 del caso.<\/p>\n<p class=\"txt\">Los hechos ocurrieron\u00a0sobre las 7.10 horas del pasado s\u00e1bado, cuando una patrulla de la Polic\u00eda Local de Vigo que realizaba labores de vigilancia en la<strong> calle Joaqu\u00edn Loriga<\/strong> fue requerida por un grupo de cuatro j\u00f3venes. Los testigos alertaron de que una mujer se encontraba tendida en un banco y casi inconsciente. Ante esta situaci\u00f3n, los agentes se desplazaron hasta el lugar y solicitaron la <strong>intervenci\u00f3n del personal de Urxencias Sanitarias de Galicia-061.<\/strong><\/p>\n<p class=\"txt\">El grupo de j\u00f3venes indica que cuando salieron de una discoteca que hay en la zona vieron a la mujer tirada en el suelo con \u00abun var\u00f3n encima de ella\u00bb, al tiempo, detallan que el var\u00f3n se ausent\u00f3 del lugar y llevaba el pantal\u00f3n manchado de sangre.\u00a0Asimismo, seg\u00fan las mismas fuentes, dos de los testigos relatan que el hombre estaba encima de la mujer, con el pantal\u00f3n bajado y realizaba \u00abmovimientos pelvicos\u00bb.<\/p>\n<p class=\"txt\">Los agentes localizaron al hombre y comprobaron que la descripci\u00f3n ofrecida por los testigos concordaba. Adem\u00e1s, el var\u00f3n reconoci\u00f3 que, momentos antes, tuviera relaciones sexuales con una mujer. Los efectivos policiales procedieron a cachearlo y le localizaron un tel\u00e9fono m\u00f3vil que pertenec\u00eda a la joven.<\/p>\n<p class=\"txt\">Por todo ello, la Polic\u00eda Local activ\u00f3 el protocolo de agresi\u00f3n sexual y la joven fue trasladada por el personal sanitario al <a href=\"https:\/\/www.lavozdegalicia.es\/temas\/hospital-alvaro-cunqueiro\" rel=\"nofollow noopener\" target=\"_blank\">Hospital \u00c1lvaro Cunqueiro<\/a>.\u00a0El var\u00f3n fue detenido por un supuesto delito de agresi\u00f3n sexual, por lo que posteriormente fue trasladado a dependencias de la Polic\u00eda Nacional, siendo liberado horas despu\u00e9s.<\/p>\n<p>&#13;<br \/>\n\tArchivado en:&#13;<br \/>\n\t\t\t\t\t<a href=\"https:\/\/www.lavozdegalicia.es\/temas\/abusos-sexuales\/\" target=\"_blank\" class=\"mg-l\" rel=\"nofollow noopener\">Abusos sexuales<\/a>&#13;<br \/>\n\t\t\t\t\t<a href=\"https:\/\/www.lavozdegalicia.es\/temas\/vigo-ciudad\/\" target=\"_blank\" class=\"mg-l\" rel=\"nofollow noopener\">Vigo ciudad<\/a>&#13;<br \/>\n\t\t\t\t\t<a href=\"https:\/\/www.lavozdegalicia.es\/temas\/policia-nacional\/\" target=\"_blank\" class=\"mg-l\" rel=\"nofollow noopener\">Polic\u00eda Nacional<\/a>&#13;<br \/>\n\t\t\t\t\t<a href=\"https:\/\/www.lavozdegalicia.es\/temas\/hospital-alvaro-cunqueiro\/\" target=\"_blank\" class=\"mg-l\" rel=\"nofollow noopener\">Hospital \u00c1lvaro Cunqueiro<\/a>&#13;<br \/>\n\t&#13;<\/p>\n","protected":false},"excerpt":{"rendered":"Imagen de archivo de un veh\u00edculo de la Polic\u00eda Nacional por Vigo M.MORALEJO Dos de los testigos relataron&hellip;\n","protected":false},"author":2,"featured_media":146915,"comment_status":"","ping_status":"","sticky":false,"template":"","format":"standard","meta":{"footnotes":""},"categories":[8],"tags":[13810,17,18,25,24,13,14,11,19,20,9,10,15,16,11739,23,12,21,22,3518],"class_list":{"0":"post-146914","1":"post","2":"type-post","3":"status-publish","4":"format-standard","5":"has-post-thumbnail","7":"category-espana","8":"tag-abusos-sexuales","9":"tag-breaking-news","10":"tag-breakingnews","11":"tag-es","12":"tag-espana","13":"tag-featured-news","14":"tag-featurednews","15":"tag-headlines","16":"tag-latest-news","17":"tag-latestnews","18":"tag-news","19":"tag-noticias","20":"tag-noticias-destacadas","21":"tag-noticiasdestacadas","22":"tag-policia-nacional","23":"tag-spain","24":"tag-titulares","25":"tag-ultimas-noticias","26":"tag-ultimasnoticias","27":"tag-vigo-ciudad"},"share_on_mastodon":{"url":"","error":""},"_links":{"self":[{"href":"https:\/\/www.europesays.com\/es\/wp-json\/wp\/v2\/posts\/146914","targetHints":{"allow":["GET"]}}],"collection":[{"href":"https:\/\/www.europesays.com\/es\/wp-json\/wp\/v2\/posts"}],"about":[{"href":"https:\/\/www.europesays.com\/es\/wp-json\/wp\/v2\/types\/post"}],"author":[{"embeddable":true,"href":"https:\/\/www.europesays.com\/es\/wp-json\/wp\/v2\/users\/2"}],"replies":[{"embeddable":true,"href":"https:\/\/www.europesays.com\/es\/wp-json\/wp\/v2\/comments?post=146914"}],"version-history":[{"count":0,"href":"https:\/\/www.europesays.com\/es\/wp-json\/wp\/v2\/posts\/146914\/revisions"}],"wp:featuredmedia":[{"embeddable":true,"href":"https:\/\/www.europesays.com\/es\/wp-json\/wp\/v2\/media\/146915"}],"wp:attachment":[{"href":"https:\/\/www.europesays.com\/es\/wp-json\/wp\/v2\/media?parent=146914"}],"wp:term":[{"taxonomy":"category","embeddable":true,"href":"https:\/\/www.europesays.com\/es\/wp-json\/wp\/v2\/categories?post=146914"},{"taxonomy":"post_tag","embeddable":true,"href":"https:\/\/www.europesays.com\/es\/wp-json\/wp\/v2\/tags?post=146914"}],"curies":[{"name":"wp","href":"https:\/\/api.w.org\/{rel}","templated":true}]}}