{"id":146920,"date":"2025-09-29T17:24:09","date_gmt":"2025-09-29T17:24:09","guid":{"rendered":"https:\/\/www.europesays.com\/es\/146920\/"},"modified":"2025-09-29T17:24:09","modified_gmt":"2025-09-29T17:24:09","slug":"roca-rey-corta-la-temporada-avance-taurino","status":"publish","type":"post","link":"https:\/\/www.europesays.com\/es\/146920\/","title":{"rendered":"Roca Rey corta la temporada \u2013 Avance Taurino"},"content":{"rendered":"<p class=\"null\" data-end=\"655\" data-start=\"458\">Tras las diferentes lesiones que ha venido arrastrando durante todo el a\u00f1o.<\/p>\n<p>El matador de toros Andr\u00e9s Roca Rey ha remitido un comunicado en el que anuncia que se ve obligado a poner fin a su temporada tras las diferentes lesiones que ha venido arrastrando durante todo el a\u00f1o. La m\u00e1s preocupante, una hernia que padece desde 2019 y que requiere un tratamiento cr\u00f3nico y continuado, se reactiv\u00f3 tras la fuerte voltereta sufrida en Valladolid, provoc\u00e1ndole p\u00e9rdida de fuerza en el hombro y brazo izquierdo.<\/p>\n<p>A este diagn\u00f3stico se suman las lesiones acumuladas en el hombro, el tobillo, la fragilidad en el tend\u00f3n de Aquiles y las costillas derechas, que en los \u00faltimos meses le han obligado a torear infiltrado en repetidas ocasiones. El esfuerzo constante para cumplir con cada compromiso ha terminado por llevar a su cuerpo al l\u00edmite, motivo por el cual el diestro, muy a su pesar, ha tomado la decisi\u00f3n de detener su actividad para preservar su salud.<\/p>\n<p>Tras este obligado par\u00f3n, Roca Rey reaparecer\u00e1 el pr\u00f3ximo 2 de noviembre en Lima, en una cita hist\u00f3rica en la que lidiar\u00e1 seis toros en solitario con motivo de su d\u00e9cimo aniversario de alternativa.<\/p>\n","protected":false},"excerpt":{"rendered":"Tras las diferentes lesiones que ha venido arrastrando durante todo el a\u00f1o. El matador de toros Andr\u00e9s Roca&hellip;\n","protected":false},"author":2,"featured_media":146921,"comment_status":"","ping_status":"","sticky":false,"template":"","format":"standard","meta":{"footnotes":""},"categories":[277],"tags":[373,168,25,24,23,167,374],"class_list":{"0":"post-146920","1":"post","2":"type-post","3":"status-publish","4":"format-standard","5":"has-post-thumbnail","7":"category-toreo","8":"tag-bullfighting","9":"tag-deportes","10":"tag-es","11":"tag-espana","12":"tag-spain","13":"tag-sports","14":"tag-toreo"},"share_on_mastodon":{"url":"","error":""},"_links":{"self":[{"href":"https:\/\/www.europesays.com\/es\/wp-json\/wp\/v2\/posts\/146920","targetHints":{"allow":["GET"]}}],"collection":[{"href":"https:\/\/www.europesays.com\/es\/wp-json\/wp\/v2\/posts"}],"about":[{"href":"https:\/\/www.europesays.com\/es\/wp-json\/wp\/v2\/types\/post"}],"author":[{"embeddable":true,"href":"https:\/\/www.europesays.com\/es\/wp-json\/wp\/v2\/users\/2"}],"replies":[{"embeddable":true,"href":"https:\/\/www.europesays.com\/es\/wp-json\/wp\/v2\/comments?post=146920"}],"version-history":[{"count":0,"href":"https:\/\/www.europesays.com\/es\/wp-json\/wp\/v2\/posts\/146920\/revisions"}],"wp:featuredmedia":[{"embeddable":true,"href":"https:\/\/www.europesays.com\/es\/wp-json\/wp\/v2\/media\/146921"}],"wp:attachment":[{"href":"https:\/\/www.europesays.com\/es\/wp-json\/wp\/v2\/media?parent=146920"}],"wp:term":[{"taxonomy":"category","embeddable":true,"href":"https:\/\/www.europesays.com\/es\/wp-json\/wp\/v2\/categories?post=146920"},{"taxonomy":"post_tag","embeddable":true,"href":"https:\/\/www.europesays.com\/es\/wp-json\/wp\/v2\/tags?post=146920"}],"curies":[{"name":"wp","href":"https:\/\/api.w.org\/{rel}","templated":true}]}}