{"id":146927,"date":"2025-09-29T17:29:11","date_gmt":"2025-09-29T17:29:11","guid":{"rendered":"https:\/\/www.europesays.com\/es\/146927\/"},"modified":"2025-09-29T17:29:11","modified_gmt":"2025-09-29T17:29:11","slug":"no-entiendo-como-no-esta-en-la-f1","status":"publish","type":"post","link":"https:\/\/www.europesays.com\/es\/146927\/","title":{"rendered":"No entiendo como no est\u00e1 en la F1"},"content":{"rendered":"<p class=\"L6-news-detail__text\"><b>\u00c1lex Palou<\/b> es una de las grandes figuras del automovilismo mundial. El piloto espa\u00f1ol se coron\u00f3 hace unos meses en la <b>IndyCar<\/b> conquistando su cuarto mundial. Sus \u00e9xitos en la competici\u00f3n estadounidense ya situaron su nombre como uno de los posibles candidatos a ocupar un asiento en la <b><a title=\"F\u00f3rmula 1\" href=\"https:\/\/www.lasexta.com\/noticias\/deportes\/motor\/formula1\/alonso-revela-crucial-rol-que-desempena-aston-martin-2026-toda-informacion_2025092968da7be7f10d3f0678245948.html\" target=\"_blank\" rel=\"nofollow noopener\">F\u00f3rmula 1<\/a><\/b>.<\/p>\n<p class=\"L6-news-detail__text\">Sin embargo, es una situaci\u00f3n que no se ha dado y que incluso el propio <b>Palou<\/b> descart\u00f3 disimuladamente cuando gan\u00f3 su cuarto mundial. El rendimiento de algunos fichajes en el &#8216;Gran Circo&#8217; est\u00e1 muy lejos de lo que se debe esperar de un piloto de <b>F1<\/b>.<\/p>\n<p class=\"L6-news-detail__text\">Es por ello que <b>Jaques Villeneuve<\/b>, camp\u00e9on del mundo de F\u00f3rmula 1 en 1997, no se explica como se firman piloto de F\u00f3rmula 2 o de academias pudiendo contar con estrellas como Palou: \u00abPor el momento, no vemos ese <b>brillo en ning\u00fan piloto joven<\/b>. Es muy dif\u00edcil saber qu\u00e9 nos depara el futuro\u00bb.<\/p>\n<p class=\"L6-news-detail__text\">\u00abPor alguna raz\u00f3n, la F\u00f3rmula 1 no est\u00e1 prestando atenci\u00f3n a lo que est\u00e1 sucediendo en Estados Unidos, como en la IndyCar, y a qu\u00e9 pilotos podr\u00edan o no podr\u00edan ser potenciales pilotos de F\u00f3rmula 1. Creo que alguien como <b>Alex Palou, todav\u00eda no entiendo por qu\u00e9 no est\u00e1 en F\u00f3rmula 1. No tiene sentido<\/b>. \u00bfPor qu\u00e9 preferir\u00edas a un piloto de F\u00f3rmula 2?\u00bb, ha reconocido el canadiense en unas declaraciones para &#8216;GPBlog&#8217;.<\/p>\n<p class=\"L6-news-detail__text\">Es evidente que Palou podr\u00eda ser una de las grandes apuestas de la <b><a title=\"F\u00f3rmula 1\" href=\"https:\/\/www.lasexta.com\/noticias\/deportes\/motor\/formula1\/desprecio-briatore-excompanero-fernando-alonso_2025092968da4a843ce0ad1de88a02e3.html\" target=\"_blank\" rel=\"nofollow noopener\">F\u00f3rmula 1<\/a><\/b>. Sin embargo, debido a su edad y a lo consolidado que est\u00e1 en la <b>IndyCar<\/b>, su llegada al &#8216;Gran Circo&#8217; parece, por el momento, un supuesto poco probable.<\/p>\n<p class=\"L6-support-news-video__title\">Aficionado viral<\/p>\n<p>            <a href=\"https:\/\/www.lasexta.com\/noticias\/deportes\/futbol\/aficionado-united-que-prometio-cortarse-pelo-que-equipo-ganara-cinco-partidos-seguidos-habla-jugones_2025092668d6c70b16355c411da41380.html\" class=\"L6-news__link\" rel=\"nofollow noopener\" target=\"_blank\"><br \/>\n                El aficionado del United que prometi\u00f3 no cortarse el pelo hasta que su equipo ganara cinco partidos seguidos habla en &#8216;Jugones&#8217;<\/p>\n<p class=\"recirculation-video-desc\">Frank Ilett, aficionado del Manchester United, est\u00e1 pagando las consecuencias de la promesa que hizo hace m\u00e1s de un a\u00f1o: \u00abAhora no puedo parar&#8230;\u00bb.<\/p>\n<p>            <\/a><\/p>\n","protected":false},"excerpt":{"rendered":"\u00c1lex Palou es una de las grandes figuras del automovilismo mundial. El piloto espa\u00f1ol se coron\u00f3 hace unos&hellip;\n","protected":false},"author":2,"featured_media":146928,"comment_status":"","ping_status":"","sticky":false,"template":"","format":"standard","meta":{"footnotes":""},"categories":[270],"tags":[168,25,24,306,271,272,23,167],"class_list":{"0":"post-146927","1":"post","2":"type-post","3":"status-publish","4":"format-standard","5":"has-post-thumbnail","7":"category-formula-1","8":"tag-deportes","9":"tag-es","10":"tag-espana","11":"tag-f1","12":"tag-formula-1","13":"tag-formula1","14":"tag-spain","15":"tag-sports"},"share_on_mastodon":{"url":"","error":""},"_links":{"self":[{"href":"https:\/\/www.europesays.com\/es\/wp-json\/wp\/v2\/posts\/146927","targetHints":{"allow":["GET"]}}],"collection":[{"href":"https:\/\/www.europesays.com\/es\/wp-json\/wp\/v2\/posts"}],"about":[{"href":"https:\/\/www.europesays.com\/es\/wp-json\/wp\/v2\/types\/post"}],"author":[{"embeddable":true,"href":"https:\/\/www.europesays.com\/es\/wp-json\/wp\/v2\/users\/2"}],"replies":[{"embeddable":true,"href":"https:\/\/www.europesays.com\/es\/wp-json\/wp\/v2\/comments?post=146927"}],"version-history":[{"count":0,"href":"https:\/\/www.europesays.com\/es\/wp-json\/wp\/v2\/posts\/146927\/revisions"}],"wp:featuredmedia":[{"embeddable":true,"href":"https:\/\/www.europesays.com\/es\/wp-json\/wp\/v2\/media\/146928"}],"wp:attachment":[{"href":"https:\/\/www.europesays.com\/es\/wp-json\/wp\/v2\/media?parent=146927"}],"wp:term":[{"taxonomy":"category","embeddable":true,"href":"https:\/\/www.europesays.com\/es\/wp-json\/wp\/v2\/categories?post=146927"},{"taxonomy":"post_tag","embeddable":true,"href":"https:\/\/www.europesays.com\/es\/wp-json\/wp\/v2\/tags?post=146927"}],"curies":[{"name":"wp","href":"https:\/\/api.w.org\/{rel}","templated":true}]}}