{"id":146931,"date":"2025-09-29T17:31:09","date_gmt":"2025-09-29T17:31:09","guid":{"rendered":"https:\/\/www.europesays.com\/es\/146931\/"},"modified":"2025-09-29T17:31:09","modified_gmt":"2025-09-29T17:31:09","slug":"marc-bernal-renueva-con-el-fc-barcelona-hasta-el-2029","status":"publish","type":"post","link":"https:\/\/www.europesays.com\/es\/146931\/","title":{"rendered":"Marc Bernal renueva con el FC Barcelona hasta el 2029"},"content":{"rendered":"<p class=\"ft-text\"><strong>El FC Barcelona ha hecho oficial la renovaci\u00f3n de Marc Bernal hasta el 2029<\/strong>. El futbolista ha firmado su contrato, seg\u00fan ha anunciado el club en un comunicado oficial.<\/p>\n<p class=\"ft-text\">El jugador rubri\u00f3 el contrato en las oficinas del club <strong>con la presencia del presidente barcelonista, Joan Laporta, y de los responsables del \u00e1rea deportiva<\/strong>. Una vez estampado su contrato, el futbolista atendi\u00f3 a los medios en las dependencias de la entidad blaugrana.<\/p>\n<p class=\"ft-text\"><strong>Bernal, a sus 18 a\u00f1os, es uno de los jugadores con mayor proyecci\u00f3n de la cantera<\/strong>. Se lesion\u00f3 en Vallecas el 27 de agosto del 2024 y estuvo un a\u00f1o de baja. No reapareci\u00f3 hasta el encuentro frente al Valencia, cuando estuvo 9 minutos sobre el campo, y tambi\u00e9n pudo jugar un minuto frente al Oviedo.<\/p>\n<p class=\"ft-text\"><strong>Flick le dar\u00e1 entrada poco a poco ya se recupera de una lesi\u00f3n grave en la rodilla <\/strong>en la que es mejor optar por la prudencia. Bernal, de todos modos, est\u00e1 llamado a tener cada vez m\u00e1s participaci\u00f3n. La grave lesi\u00f3n de Gavi, de entre 4 y 5 meses, puede dejarle un hueco en la medular y gozar pronto de m\u00e1s minutos.<\/p>\n","protected":false},"excerpt":{"rendered":"El FC Barcelona ha hecho oficial la renovaci\u00f3n de Marc Bernal hasta el 2029. El futbolista ha firmado&hellip;\n","protected":false},"author":2,"featured_media":146932,"comment_status":"","ping_status":"","sticky":false,"template":"","format":"standard","meta":{"footnotes":""},"categories":[268],"tags":[2296,210,168,25,24,280,282,32380,281,23,167],"class_list":{"0":"post-146931","1":"post","2":"type-post","3":"status-publish","4":"format-standard","5":"has-post-thumbnail","7":"category-futbol","8":"tag-barca","9":"tag-barcelona","10":"tag-deportes","11":"tag-es","12":"tag-espana","13":"tag-football","14":"tag-futbol","15":"tag-marc-bernal","16":"tag-soccer","17":"tag-spain","18":"tag-sports"},"share_on_mastodon":{"url":"","error":""},"_links":{"self":[{"href":"https:\/\/www.europesays.com\/es\/wp-json\/wp\/v2\/posts\/146931","targetHints":{"allow":["GET"]}}],"collection":[{"href":"https:\/\/www.europesays.com\/es\/wp-json\/wp\/v2\/posts"}],"about":[{"href":"https:\/\/www.europesays.com\/es\/wp-json\/wp\/v2\/types\/post"}],"author":[{"embeddable":true,"href":"https:\/\/www.europesays.com\/es\/wp-json\/wp\/v2\/users\/2"}],"replies":[{"embeddable":true,"href":"https:\/\/www.europesays.com\/es\/wp-json\/wp\/v2\/comments?post=146931"}],"version-history":[{"count":0,"href":"https:\/\/www.europesays.com\/es\/wp-json\/wp\/v2\/posts\/146931\/revisions"}],"wp:featuredmedia":[{"embeddable":true,"href":"https:\/\/www.europesays.com\/es\/wp-json\/wp\/v2\/media\/146932"}],"wp:attachment":[{"href":"https:\/\/www.europesays.com\/es\/wp-json\/wp\/v2\/media?parent=146931"}],"wp:term":[{"taxonomy":"category","embeddable":true,"href":"https:\/\/www.europesays.com\/es\/wp-json\/wp\/v2\/categories?post=146931"},{"taxonomy":"post_tag","embeddable":true,"href":"https:\/\/www.europesays.com\/es\/wp-json\/wp\/v2\/tags?post=146931"}],"curies":[{"name":"wp","href":"https:\/\/api.w.org\/{rel}","templated":true}]}}