{"id":146933,"date":"2025-09-29T17:32:07","date_gmt":"2025-09-29T17:32:07","guid":{"rendered":"https:\/\/www.europesays.com\/es\/146933\/"},"modified":"2025-09-29T17:32:07","modified_gmt":"2025-09-29T17:32:07","slug":"no-tenia-ganas-de-levantarme-de-la-cama","status":"publish","type":"post","link":"https:\/\/www.europesays.com\/es\/146933\/","title":{"rendered":"No ten\u00eda ganas de levantarme de la cama"},"content":{"rendered":"<p id=\"em0irv5wOt\" data-wc=\"104\">Lola Moreno, m\u00e1s conocida como Lola Lolita, es una de las creadoras de contenido m\u00e1s conocidas de nuestro pa\u00eds y este domingo la joven ha subido un v\u00eddeo confesando que estos meses no han sido f\u00e1ciles para ella. <strong>La influencer ha querido sincerarse con sus seguidores\u00a0<\/strong>y ha contado que no lo ha estado pasando nada bien y que este a\u00f1o ha sido muy dif\u00edcil: <strong>\u201cSe muri\u00f3 mi Yayo en septiembre del a\u00f1o pasado (\u2026), <\/strong><a class=\"hm-link ho-link\" href=\"https:\/\/www.hola.com\/actualidad\/20250117741218\/lola-lolita-reina-redes-salta-television-mal-rollo-ex-isaak\/\" data-mrf-recirculation=\"article-body-link\" rel=\"nofollow noopener\" target=\"_blank\">m\u00e1s tarde lo dej\u00e9 con mi pareja<\/a><strong> y a m\u00ed como que se me hizo todo muy bola y yo no estaba bien\u201d\u00a0<\/strong>comentaba sin poder contener las l\u00e1grimas.<\/p>\n<p id=\"eDgZ58sZEOS\" data-wc=\"122\">El fallecimiento de su abuelo materno fue sin duda un mazado para la influencer as\u00ed como<strong>\u00a0la ruptura con Isaac Belk<\/strong>, su pareja durante varios a\u00f1os que tambi\u00e9n se dedica a crear contenido. Estos dos acontecimientos unidos a las<strong>\u00a0<\/strong><a class=\"hm-link ho-link\" href=\"https:\/\/www.hola.com\/actualidad\/20250706842154\/lola-lolita-entrevista-rainbow-party\/\" data-mrf-recirculation=\"article-body-link\" rel=\"nofollow noopener\" target=\"_blank\">cr\u00edticas que ha recibido en los \u00faltimos tiempos en redes sociales<\/a><strong>\u00a0<\/strong>han hecho que hayan sido unos meses bastante dif\u00edciles e incluso ha confesado que se preguntaba \u201c\u00bfRealmente soy todo esto?\u201d (refiri\u00e9ndose a los comentarios que recib\u00eda) y que <strong>la gran tristeza le hac\u00eda no tener \u201cganas de levantarse de la cama\u201d.\u00a0<\/strong>Ahora que se encuentra en un mejor momento <strong>ha querido contarlo y pedir perd\u00f3n a su audiencia<\/strong> por no haber podido ser ella misma a la vez que agradecer el apoyo. \u00a0<\/p>\n","protected":false},"excerpt":{"rendered":"Lola Moreno, m\u00e1s conocida como Lola Lolita, es una de las creadoras de contenido m\u00e1s conocidas de nuestro&hellip;\n","protected":false},"author":2,"featured_media":146934,"comment_status":"","ping_status":"","sticky":false,"template":"","format":"standard","meta":{"footnotes":""},"categories":[174],"tags":[517,255,146,147,25,24,256,45072,23],"class_list":{"0":"post-146933","1":"post","2":"type-post","3":"status-publish","4":"format-standard","5":"has-post-thumbnail","7":"category-famosos","8":"tag-actualidad","9":"tag-celebrities","10":"tag-entertainment","11":"tag-entretenimiento","12":"tag-es","13":"tag-espana","14":"tag-famosos","15":"tag-lola-lolita","16":"tag-spain"},"share_on_mastodon":{"url":"","error":""},"_links":{"self":[{"href":"https:\/\/www.europesays.com\/es\/wp-json\/wp\/v2\/posts\/146933","targetHints":{"allow":["GET"]}}],"collection":[{"href":"https:\/\/www.europesays.com\/es\/wp-json\/wp\/v2\/posts"}],"about":[{"href":"https:\/\/www.europesays.com\/es\/wp-json\/wp\/v2\/types\/post"}],"author":[{"embeddable":true,"href":"https:\/\/www.europesays.com\/es\/wp-json\/wp\/v2\/users\/2"}],"replies":[{"embeddable":true,"href":"https:\/\/www.europesays.com\/es\/wp-json\/wp\/v2\/comments?post=146933"}],"version-history":[{"count":0,"href":"https:\/\/www.europesays.com\/es\/wp-json\/wp\/v2\/posts\/146933\/revisions"}],"wp:featuredmedia":[{"embeddable":true,"href":"https:\/\/www.europesays.com\/es\/wp-json\/wp\/v2\/media\/146934"}],"wp:attachment":[{"href":"https:\/\/www.europesays.com\/es\/wp-json\/wp\/v2\/media?parent=146933"}],"wp:term":[{"taxonomy":"category","embeddable":true,"href":"https:\/\/www.europesays.com\/es\/wp-json\/wp\/v2\/categories?post=146933"},{"taxonomy":"post_tag","embeddable":true,"href":"https:\/\/www.europesays.com\/es\/wp-json\/wp\/v2\/tags?post=146933"}],"curies":[{"name":"wp","href":"https:\/\/api.w.org\/{rel}","templated":true}]}}