{"id":146935,"date":"2025-09-29T17:33:12","date_gmt":"2025-09-29T17:33:12","guid":{"rendered":"https:\/\/www.europesays.com\/es\/146935\/"},"modified":"2025-09-29T17:33:12","modified_gmt":"2025-09-29T17:33:12","slug":"asi-he-decorado-mi-salon-queria-un-punto-de-calidez-pero-sin-olvidarme-de-que-es-una-casa-con-ninos","status":"publish","type":"post","link":"https:\/\/www.europesays.com\/es\/146935\/","title":{"rendered":"As\u00ed he decorado mi sal\u00f3n. Quer\u00eda un punto de calidez, pero sin olvidarme de que es una casa con ni\u00f1os"},"content":{"rendered":"<p>El <strong>sal\u00f3n <\/strong>es, para muchas familias, el punto de <strong>encuentro entre todos los habitantes<\/strong> de un mismo hogar. All\u00ed se comparte tiempo, se recibe a los invitados y se organiza gran parte de la vida cotidiana. Pero \u00bfc\u00f3mo se <a href=\"https:\/\/www.revistainteriores.es\/decoracion\/como-modernizar-salon-muebles-clasicos-trucos_11473\" rel=\"nofollow noopener\" target=\"_blank\">transforma este espacio<\/a> cuando lo habitan siete ni\u00f1os? La creadora de contenido <a href=\"https:\/\/www.instagram.com\/nuevencasa\/?g=5\" rel=\"nofollow noopener\" target=\"_blank\">Mar\u00eda Mart\u00ednez, de @nuevencasa<\/a>, presume en sus redes sociales el d\u00eda a d\u00eda con <a href=\"https:\/\/www.revistainteriores.es\/casas\/reforma-integral-que-convirtio-este-piso-hogar-para-familia-numerosa-mucha-luz-materiales-nobles_9661\" rel=\"nofollow noopener\" target=\"_blank\">su familia numerosa.<\/a><\/p>\n<p>Por ese motivo, se ha convertido en todo<strong> un referente en orden y organizaci\u00f3n<\/strong>, y en este sentido, sabe bien c\u00f3mo hacer de su sal\u00f3n &#8211; convertido en el coraz\u00f3n de la casa &#8211; un proyecto que combina <strong>est\u00e9tica y funcionalidad a partes iguales<\/strong>. \u00abHoy por fin os ense\u00f1o c\u00f3mo ha quedado el sal\u00f3n, y no puedo estar m\u00e1s contenta. Ahora es m\u00e1s luminoso, elegante\u2026 y lo mejor es que es mucho m\u00e1s pr\u00e1ctico\u00bb, confiesa entusiasmada en una de sus \u00faltimas publicaciones. \u00a1Lo vemos!<\/p>\n<p>&#13;<\/p>\n<p>My Player placeholder<\/p>\n<p>\u00a1Haz clic en el v\u00eddeo y toma nota de estas elegantes ideas!<\/p>\n<p class=\"by\">RBA<\/p>\n<p>Ideas para decorar salones &#8211; comedores en pisos pequen\u0303os<a href=\"https:\/\/www.revistainteriores.es\/ideas-casa\/virginia-sanchez-interiorista-este-otono-primero-que-me-desharia-decorar-salon-es-mil-millones-adornos-que-pone-gente-mueble-television_12067\" data-ga4_event=\"custom_event\" data-ga4_event_name=\"click_intext\" data-ga4_link_url=\"https:\/\/www.revistainteriores.es\/ideas-casa\/virginia-sanchez-interiorista-este-otono-primero-que-me-desharia-decorar-salon-es-mil-millones-adornos-que-pone-gente-mueble-television_12067\" data-ga4_link_text=\"virginia_sanchez_interiorista_\u201clo_primero_que_tiraria_de_un_salon_son_los_mil_millones_de_adornos_que_pone_la_gente_en_el_mueble_de_la_television._adios_fotos_de_la_familia\u201d\" data-ga4_content_type=\"photo\" data-ga4_element=\"related\" rel=\"nofollow noopener\" target=\"_blank\">&#13;&#13;<img loading=\"lazy\" decoding=\"async\" src=\"https:\/\/www.europesays.com\/es\/wp-content\/uploads\/2025\/09\/salon-blanco-con-detalles-de-color_fa8d6722_250910164433_600x600.webp.webp\" alt=\"Sal\u00f3n blanco con detalles de color\" class=\"lazyload\" width=\"600\" height=\"600\" data-aspectratio=\"600\/600\"\/>&#13;&#13;<\/p>\n<p class=\"epigraph\">                    &#13;Noticia relacionada<\/p>\n<p class=\"title\">Virginia S\u00e1nchez, interiorista: \u201cLo primero que tirar\u00eda de un sal\u00f3n son los mil millones de adornos que pone la gente en el mueble de la televisi\u00f3n. Adi\u00f3s fotos de la familia\u201d<\/p>\n<p><\/a>Un sal\u00f3n para la vida real<\/p>\n<blockquote class=\"instagram-media\" data-instgrm-permalink=\"https:\/\/www.instagram.com\/reel\/DO33sdOCOXV\/?utm_source=ig_embed&amp;utm_campaign=loading\" data-instgrm-version=\"14\" style=\" background:#FFF; border:0; border-radius:3px; box-shadow:0 0 1px 0 rgba(0,0,0,0.5),0 1px 10px 0 rgba(0,0,0,0.15); margin: 1px; max-width:540px; min-width:326px; padding:0; width:99.375%; width:-webkit-calc(100% - 2px); width:calc(100% - 2px);\"\/>\n<p>\u00a0<\/p>\n<p>Mar\u00eda Mart\u00ednez ten\u00eda claro que no quer\u00eda un sal\u00f3n de revista que resultara imposible de mantener con una familia numerosa. Su prioridad era lograr un espacio que aportara calidez, pero que tambi\u00e9n resistiera el d\u00eda a d\u00eda con ni\u00f1os. \u00abQuer\u00eda darle <strong>un punto de calidez,<\/strong> pero <strong>sin olvidarme de que es una casa con ni\u00f1os<\/strong>\u00ab, explica.<\/p>\n<p>&#13;<img loading=\"lazy\" decoding=\"async\"   src=\"https:\/\/www.europesays.com\/es\/wp-content\/uploads\/2025\/09\/salon-maria-martinez_ad313e8a_b951984f6bfc_250929141755_1080x1920.webp.webp\" alt=\"Sal\u00f3n Mar\u00eda Mart\u00ednez\" class=\"lazyload\" width=\"1080\" height=\"1920\" data-aspectratio=\"1080\/1920\"\/><\/p>\n<p>&#13;&#13;Foto: @nuevencasa&#13;<\/p>\n<p>\u00a0<\/p>\n<p>La elecci\u00f3n de los materiales fue clave. Por ejemplo, se decidi\u00f3 por una<strong> alfombra de sisal sint\u00e9tico, resistente y f\u00e1cil de limpiar<\/strong>, pero al mismo tiempo acogedora. \u00abPor eso eleg\u00ed esta alfombra de sisal sint\u00e9tico: f\u00e1cil de limpiar y s\u00faperacogedora\u00bb, comenta. Un recurso que demuestra c\u00f3mo la practicidad puede convivir con la est\u00e9tica.<\/p>\n<p>Reordenar para ganar amplitud&#13;<img loading=\"lazy\" decoding=\"async\"   src=\"https:\/\/www.europesays.com\/es\/wp-content\/uploads\/2025\/09\/salon-maria-martinez_2bc1e728_f3158b7fa605_250929141850_1080x1920.webp.webp\" alt=\"Sal\u00f3n Mar\u00eda Mart\u00ednez\" class=\"lazyload\" width=\"1080\" height=\"1920\" data-aspectratio=\"1080\/1920\"\/><\/p>\n<p>&#13;&#13;Foto: @nuevencasa&#13;<\/p>\n<p>Uno de los cambios m\u00e1s significativos fue<strong> repensar la distribuci\u00f3n y el foco visual<\/strong> de la estancia. Como ocurre en muchos hogares, la televisi\u00f3n ocupaba el papel central del sal\u00f3n, algo con lo que Mar\u00eda no terminaba de sentirse c\u00f3moda. \u00abHace tiempo que llevaba pensando en un nuevo orden en mi sal\u00f3n. Quer\u00eda una zona de estar m\u00e1s acogedora donde la TV no fuera el centro\u00bb, explica.<\/p>\n<p>Para lograrlo, <strong>unific\u00f3 el almacenaje en una gran estanter\u00eda con vitrinas<\/strong>, que adem\u00e1s de aportar orden, ayuda a dar protagonismo a la zona de comedor. \u201cDespu\u00e9s de darle muchas vueltas hemos unificado el almacenaje en esta estanter\u00eda\/vitrina convirtiendo as\u00ed<strong> tambi\u00e9n el comedor en un espacio m\u00e1s c\u00f3modo, pr\u00e1ctico y funcional\u201d.<\/strong><\/p>\n<p>Soluciones low cost con estilo<\/p>\n<blockquote class=\"instagram-media\" data-instgrm-permalink=\"https:\/\/www.instagram.com\/reel\/DObgx-MCIcL\/?utm_source=ig_embed&amp;utm_campaign=loading\" data-instgrm-version=\"14\" style=\" background:#FFF; border:0; border-radius:3px; box-shadow:0 0 1px 0 rgba(0,0,0,0.5),0 1px 10px 0 rgba(0,0,0,0.15); margin: 1px; max-width:540px; min-width:326px; padding:0; width:99.375%; width:-webkit-calc(100% - 2px); width:calc(100% - 2px);\"\/>\n<p>Mar\u00eda tambi\u00e9n comparte las piezas que han hecho posible esta transformaci\u00f3n. Todas ellas provienen de <strong>IKEA<\/strong>, una elecci\u00f3n que combina accesibilidad y versatilidad. La estructura elegida es la<strong> cl\u00e1sica BILLY<\/strong>, en su versi\u00f3n de tres m\u00f3dulos de 80 cent\u00edmetros, a la que se le a\u00f1adieron las <strong>puertas modelo OXBERG<\/strong>, que aportan un acabado elegante y permiten ocultar parte del almacenaje.<br \/>\u00a0<\/p>\n<p>&#13;<img loading=\"lazy\" decoding=\"async\"   src=\"https:\/\/www.europesays.com\/es\/wp-content\/uploads\/2025\/09\/libreria-billy-blanca_b0c0c41e_250929141951_600x600.webp.webp\" alt=\"librer\u00eda billy blanca\" class=\"lazyload\" width=\"600\" height=\"600\" data-aspectratio=\"600\/600\"\/><\/p>\n<p>Todo un cl\u00e1sico sueco y de nuestros salones<\/p>\n<p>&#13;Foto: Ikea<\/p>\n<p>M\u00e1s all\u00e1 del precio, lo importante para ella era crear una composici\u00f3n equilibrada y pr\u00e1ctica. Y el resultado, asegura, ha superado sus expectativas:<strong> \u00abFeliz con el resultado\u00bb.<\/strong><\/p>\n<p><a href=\"https:\/\/www.revistainteriores.es\/estilo-de-vida\/sebastia-ram-interiorista-distribucion-perfecta-no-es-formula-unica-es-aquella-que-se-adapta-forma-vivir-cada-persona-familia_11954\" data-ga4_event=\"custom_event\" data-ga4_event_name=\"click_intext\" data-ga4_link_url=\"https:\/\/www.revistainteriores.es\/estilo-de-vida\/sebastia-ram-interiorista-distribucion-perfecta-no-es-formula-unica-es-aquella-que-se-adapta-forma-vivir-cada-persona-familia_11954\" data-ga4_link_text=\"sebastia_ram_interiorista_la_distribucion_perfecta_no_es_una_formula_unica._es_aquella_que_se_adapta_a_la_forma_de_vivir_de_cada_persona_o_familia\" data-ga4_content_type=\"photo\" data-ga4_element=\"related\" rel=\"nofollow noopener\" target=\"_blank\">&#13;&#13;<img loading=\"lazy\" decoding=\"async\" src=\"https:\/\/www.europesays.com\/es\/wp-content\/uploads\/2025\/09\/sebastia-ram-disenador-e-interiorista_920346f0_250820144511_600x600.webp.webp\" alt=\"Sebasti\u00e0 Ram, dise\u00f1ador e interiorista\" class=\"lazyload\" width=\"600\" height=\"600\" data-aspectratio=\"600\/600\"\/>&#13;&#13;<\/p>\n<p class=\"epigraph\">                    &#13;Noticia relacionada<\/p>\n<p class=\"title\">Sebasti\u00e0 Ram, interiorista: \u00abLa distribuci\u00f3n perfecta no es una f\u00f3rmula \u00fanica. Es aquella que se adapta a la forma de vivir de cada persona o familia\u00bb<\/p>\n<p class=\"author-title\">Pablo S\u00e1nchez-Monta\u00f1\u00e9s Quintana<\/p>\n<p><\/a>Un sal\u00f3n que refleja una forma de vivir<\/p>\n<p>La experiencia de Mar\u00eda Mart\u00ednez pone sobre la mesa<strong> una realidad cada vez m\u00e1s valorada en el interiorismo<\/strong>: la necesidad de <a href=\"https:\/\/www.revistainteriores.es\/ideas-casa\/casas-vividas-no-sucias-belleza-imperfeccion-que-reivindica-hogares-reales-alma-movimiento_11602\" rel=\"nofollow noopener\" target=\"_blank\">dise\u00f1ar para la vida real<\/a>. Un sal\u00f3n debe ser un lugar bello, pero sobre todo funcional, capaz de acoger juegos, reuniones familiares, ratos de estudio y momentos de descanso sin que el orden se convierta en un imposible.<\/p>\n<p><script async src=\"\/\/www.instagram.com\/embed.js\"><\/script><\/p>\n","protected":false},"excerpt":{"rendered":"El sal\u00f3n es, para muchas familias, el punto de encuentro entre todos los habitantes de un mismo hogar.&hellip;\n","protected":false},"author":2,"featured_media":146936,"comment_status":"","ping_status":"","sticky":false,"template":"","format":"standard","meta":{"footnotes":""},"categories":[173],"tags":[229,233,231,230,232,234,146,147,25,24,23],"class_list":{"0":"post-146935","1":"post","2":"type-post","3":"status-publish","4":"format-standard","5":"has-post-thumbnail","7":"category-arte-y-diseno","8":"tag-arte","9":"tag-arte-y-diseno","10":"tag-arts","11":"tag-arts-and-design","12":"tag-design","13":"tag-diseno","14":"tag-entertainment","15":"tag-entretenimiento","16":"tag-es","17":"tag-espana","18":"tag-spain"},"share_on_mastodon":{"url":"","error":""},"_links":{"self":[{"href":"https:\/\/www.europesays.com\/es\/wp-json\/wp\/v2\/posts\/146935","targetHints":{"allow":["GET"]}}],"collection":[{"href":"https:\/\/www.europesays.com\/es\/wp-json\/wp\/v2\/posts"}],"about":[{"href":"https:\/\/www.europesays.com\/es\/wp-json\/wp\/v2\/types\/post"}],"author":[{"embeddable":true,"href":"https:\/\/www.europesays.com\/es\/wp-json\/wp\/v2\/users\/2"}],"replies":[{"embeddable":true,"href":"https:\/\/www.europesays.com\/es\/wp-json\/wp\/v2\/comments?post=146935"}],"version-history":[{"count":0,"href":"https:\/\/www.europesays.com\/es\/wp-json\/wp\/v2\/posts\/146935\/revisions"}],"wp:featuredmedia":[{"embeddable":true,"href":"https:\/\/www.europesays.com\/es\/wp-json\/wp\/v2\/media\/146936"}],"wp:attachment":[{"href":"https:\/\/www.europesays.com\/es\/wp-json\/wp\/v2\/media?parent=146935"}],"wp:term":[{"taxonomy":"category","embeddable":true,"href":"https:\/\/www.europesays.com\/es\/wp-json\/wp\/v2\/categories?post=146935"},{"taxonomy":"post_tag","embeddable":true,"href":"https:\/\/www.europesays.com\/es\/wp-json\/wp\/v2\/tags?post=146935"}],"curies":[{"name":"wp","href":"https:\/\/api.w.org\/{rel}","templated":true}]}}