{"id":146941,"date":"2025-09-29T17:36:10","date_gmt":"2025-09-29T17:36:10","guid":{"rendered":"https:\/\/www.europesays.com\/es\/146941\/"},"modified":"2025-09-29T17:36:10","modified_gmt":"2025-09-29T17:36:10","slug":"la-nueva-vida-de-errece-de-las-batallas-de-gallos-a-dejar-todo-e-irse-a-bali-sentia-que-no-estaba-en-el-sitio-donde-debia-estar","status":"publish","type":"post","link":"https:\/\/www.europesays.com\/es\/146941\/","title":{"rendered":"La nueva vida de Errec\u00e9, de las batallas de gallos a dejar todo e irse a Bali: \u201cSent\u00eda que no estaba en el sitio donde deb\u00eda estar\u201d"},"content":{"rendered":"<p class=\"\"><b>Alejandro Rubira Cruz<\/b>, m\u00e1s conocido como <b>Errec\u00e9<\/b>, ha dedicado gran parte de su vida al mundo del rap, y desde el 2014 ha competido en la <b>Red Bull Batalla de Los Gallos<\/b> frente a artistas de la talla de Aczino.<\/p>\n<p class=\"\">Sin embargo, desde hace un tiempo, su vida ha dado un giro de 180 grados, sorprendiendo a todos por sus nuevos pasos lejos de toda la industria del g\u00e9nero urbano y de la m\u00fasica a nivel general.<\/p>\n<p class=\"\">Ha sido a trav\u00e9s de sus redes sociales donde el propio artista ha hablado de <b>su nueva vida en Bali, donde busca ayudar a los dem\u00e1s con v\u00eddeos que puedan servir de motivaci\u00f3n para el resto de personas<\/b>.<\/p>\n<p class=\"\">Un cambio de vida que se ha hecho viral, como un v\u00eddeo que circula en las redes en el que comenta c\u00f3mo tom\u00f3 la decisi\u00f3n de mudarse a Bali, dejar el freestyle y la m\u00fasica, y raparse: \u201c<b>Pas\u00e9 una depresi\u00f3n muy fuerte con lo que representaba Errec\u00e9, con lo que hab\u00edan sido las batallas, con lo que era la m\u00fasica. Sent\u00eda que no estaba en el sitio en el que ten\u00eda que estar<\/b>. No estaba vibrando con la gente y fue muy duro\u00bb.<\/p>\n<p class=\"\">\u201c<b>Pas\u00e9 mucho tiempo reflexionando, meditando, leyendo sin parar<\/b>, pero lo que pas\u00f3 es que cuando ya llevaba tiempo cur\u00e1ndome, mucha gente ven\u00eda y me dec\u00eda: \u2018\u00bfC\u00f3mo consigues estar tranquilo en tu vida si tienes un mont\u00f3n de incertidumbre?\u2019. Y <b>esa gente comenz\u00f3 a estar m\u00e1s tranquila, y eso me empez\u00f3 a llenar much\u00edsimo. Me daba cuenta de que ayudando a los dem\u00e1s me ayudaba mucho, y con la m\u00fasica lo hab\u00eda perdido<\/b>\u201c, a\u00f1ade el propio Errec\u00e9 en su v\u00eddeo en redes.<\/p>\n<p>Noticias relacionadas<a href=\"https:\/\/as.com\/tikitakas\/famosos\/detienen-al-hermano-del-cantante-morad-por-apunalar-a-tres-jovenes-en-barcelona-n\/\" class=\"s_m_w\" title=\"Seg\u00fan el informe policial, el incidente se habr\u00eda producido \u201cpor diversi\u00f3n\u201d y no por una provocaci\u00f3n previa.\" data-tb-link=\"\" rel=\"nofollow noopener\" target=\"_blank\"><img decoding=\"async\" src=\"https:\/\/www.europesays.com\/es\/wp-content\/uploads\/2025\/09\/LRT666U7PRO3TJRFBVXKNIMRDM.jpg\" alt=\"Detienen al hermano del cantante Morad por apu\u00f1alar a tres j\u00f3venes en Barcelona\" class=\"\" height=\"1\" width=\"1\"   loading=\"lazy\" data-tb-thumbnail=\"\"\/><\/a><a href=\"https:\/\/as.com\/tikitakas\/musica\/red-bull-surco-a-la-reconquista-de-la-musica-urbana-n\/\" class=\"s_m_w\" title=\"Su primer episodio, \u2018Red Bull Espiral #1\u2032, que une a Miky Woodz, Recycled J y Bejo, supone el regreso de Red Bull Espa\u00f1a a la m\u00fasica.\" data-tb-link=\"\" rel=\"nofollow noopener\" target=\"_blank\"><img decoding=\"async\" src=\"https:\/\/www.europesays.com\/es\/wp-content\/uploads\/2025\/09\/H24RJMJOMVGZRJ6ENIB3EH6NYQ.jpg\" alt=\"Red Bull Surco, a la \u2018reconquista\u2019 de la m\u00fasica urbana\" class=\"\" height=\"1\" width=\"1\"   loading=\"lazy\" data-tb-thumbnail=\"\"\/><\/a><\/p>\n<p class=\"\">Y es que, adem\u00e1s, aprovecha y desvela si volver\u00e1 a la industria musical: \u201c<b>Yo no s\u00e9 si volver\u00e9 a hacer m\u00fasica o no, pero ahora estoy haciendo esto y ayudar a las personas es lo que m\u00e1s me llena<\/b>. Estoy bien, no tengo obsesiones\u201d.<\/p>\n<p class=\"\"><b>\u00a1Tus opiniones importan!<\/b> Comenta en los art\u00edculos y suscr\u00edbete gratis a nuestra <a href=\"https:\/\/asfan.as.com\/newsletters\/\" target=\"_blank\" rel=\"nofollow noopener\" title=\"https:\/\/asfan.as.com\/newsletters\/\">newsletter<\/a> y a las alertas informativas en la <a href=\"https:\/\/as.com\/aplicacion-de-as-n\/\" target=\"_blank\" rel=\"nofollow noopener\" title=\"https:\/\/as.com\/aplicacion-de-as-n\/\">App<\/a> o el canal de <a href=\"https:\/\/www.whatsapp.com\/channel\/0029VaAasdA7j6g745nz9M10\" target=\"_blank\" rel=\"nofollow noopener\" title=\"https:\/\/www.whatsapp.com\/channel\/0029VaAasdA7j6g745nz9M10\">WhatsApp<\/a>. \u00bfBuscas licenciar contenido? Haz clic <a href=\"https:\/\/profesional.elpais.com\/soluciones-sindicacion?utm_medium=interno&amp;utm_source=crosslinking&amp;utm_campaign=sindicacion_as_pie_articulos\" target=\"_blank\" rel=\"nofollow noopener\" title=\"https:\/\/profesional.elpais.com\/soluciones-sindicacion?utm_medium=interno&amp;utm_source=crosslinking&amp;utm_campaign=sindicacion_as_pie_articulos\">aqu\u00ed<\/a><\/p>\n","protected":false},"excerpt":{"rendered":"Alejandro Rubira Cruz, m\u00e1s conocido como Errec\u00e9, ha dedicado gran parte de su vida al mundo del rap,&hellip;\n","protected":false},"author":2,"featured_media":146942,"comment_status":"","ping_status":"","sticky":false,"template":"","format":"standard","meta":{"footnotes":""},"categories":[170],"tags":[146,147,25,24,184,185,23],"class_list":{"0":"post-146941","1":"post","2":"type-post","3":"status-publish","4":"format-standard","5":"has-post-thumbnail","7":"category-musica","8":"tag-entertainment","9":"tag-entretenimiento","10":"tag-es","11":"tag-espana","12":"tag-music","13":"tag-musica","14":"tag-spain"},"share_on_mastodon":{"url":"","error":""},"_links":{"self":[{"href":"https:\/\/www.europesays.com\/es\/wp-json\/wp\/v2\/posts\/146941","targetHints":{"allow":["GET"]}}],"collection":[{"href":"https:\/\/www.europesays.com\/es\/wp-json\/wp\/v2\/posts"}],"about":[{"href":"https:\/\/www.europesays.com\/es\/wp-json\/wp\/v2\/types\/post"}],"author":[{"embeddable":true,"href":"https:\/\/www.europesays.com\/es\/wp-json\/wp\/v2\/users\/2"}],"replies":[{"embeddable":true,"href":"https:\/\/www.europesays.com\/es\/wp-json\/wp\/v2\/comments?post=146941"}],"version-history":[{"count":0,"href":"https:\/\/www.europesays.com\/es\/wp-json\/wp\/v2\/posts\/146941\/revisions"}],"wp:featuredmedia":[{"embeddable":true,"href":"https:\/\/www.europesays.com\/es\/wp-json\/wp\/v2\/media\/146942"}],"wp:attachment":[{"href":"https:\/\/www.europesays.com\/es\/wp-json\/wp\/v2\/media?parent=146941"}],"wp:term":[{"taxonomy":"category","embeddable":true,"href":"https:\/\/www.europesays.com\/es\/wp-json\/wp\/v2\/categories?post=146941"},{"taxonomy":"post_tag","embeddable":true,"href":"https:\/\/www.europesays.com\/es\/wp-json\/wp\/v2\/tags?post=146941"}],"curies":[{"name":"wp","href":"https:\/\/api.w.org\/{rel}","templated":true}]}}