{"id":146943,"date":"2025-09-29T17:37:12","date_gmt":"2025-09-29T17:37:12","guid":{"rendered":"https:\/\/www.europesays.com\/es\/146943\/"},"modified":"2025-09-29T17:37:12","modified_gmt":"2025-09-29T17:37:12","slug":"los-7-estrenos-imprescindibles-de-netflix-en-octubre-de-2025-del-regreso-de-una-de-las-mejores-series-de-la-plataforma-a-una-pelicula-que-promete-cortarnos-la-respiracion","status":"publish","type":"post","link":"https:\/\/www.europesays.com\/es\/146943\/","title":{"rendered":"Los 7 estrenos imprescindibles de Netflix en octubre de 2025. Del regreso de una de las mejores series de la plataforma a una pel\u00edcula que promete cortarnos la respiraci\u00f3n"},"content":{"rendered":"<p>Queda muy poquito ya para tener que decir adi\u00f3s a septiembre y que empiece un nuevo mes, por lo que en Espinof no hemos querido faltar a nuestro repaso a los 7 estrenos imprescindibles de Netflix en octubre de 2025. Entre ellas encontrar\u00e9is t\u00edtulos para todos los gustos y mucho me sorprender\u00eda que no haya nada que al menos capte vuestra curiosidad. \u00a1Vamos all\u00e1!<\/p>\n<p>&#8216;Monstruo: La historia de Ed Gein&#8217;<\/p>\n<p>                   <img class=\"centro_sinmarco\" height=\"675\" width=\"1200\" loading=\"lazy\" decoding=\"async\"  fetchpriority=\"high\"  src=\"https:\/\/www.europesays.com\/es\/wp-content\/uploads\/2025\/09\/1759167429_178_450_1000.jpeg\" alt=\"Ed Gein\"\/><\/p>\n<p>La popular antolog\u00eda sobre asesinos en serie reales hace ahora una nueva parada en uno que ha servido como inspiraci\u00f3n para multitud de grandes pel\u00edculas como <a class=\"text-outboundlink\" href=\"https:\/\/www.espinof.com\/criticas\/la-matanza-de-texas-inolvidable-pesadilla-en-la-america-profunda\" data-vars-post-title=\"&#039;La matanza de Texas&#039;, inolvidable pesadilla en la Am\u00e9rica profunda\" data-vars-post-url=\"https:\/\/www.espinof.com\/criticas\/la-matanza-de-texas-inolvidable-pesadilla-en-la-america-profunda\" rel=\"nofollow noopener\" target=\"_blank\">&#8216;La matanza de Texas&#8217;<\/a> o <a class=\"text-outboundlink\" href=\"https:\/\/www.espinof.com\/criticas\/alfred-hitchcock-psicosis-el-terror\" data-vars-post-title=\"Alfred Hitchcock: &#039;Psicosis&#039;, el terror\" data-vars-post-url=\"https:\/\/www.espinof.com\/criticas\/alfred-hitchcock-psicosis-el-terror\" rel=\"nofollow noopener\" target=\"_blank\">&#8216;Psicosis&#8217;<\/a>. En esta ocasi\u00f3n contar\u00e1 con el (maquillado) rostro de <strong>Charlie Hunnam<\/strong> y consta de 8 episodios.<\/p>\n<p><strong>Estreno el 3 de octubre de 2025<\/strong><\/p>\n<p> LAS 10 MEJORES SERIES DE LA D\u00c9CADA (2010-2019)<\/p>\n<p>    <a href=\"https:\/\/www.espinof.com\/listas\/mejores-miniseries-netflix\" class=\"pivot-outboundlink\" data-vars-post-title=\"Las 16 mejores miniseries de Netflix\" rel=\"nofollow noopener\" target=\"_blank\"><br \/>\n     <img loading=\"lazy\" decoding=\"async\" alt=\"Las 16 mejores miniseries de Netflix\" width=\"375\" height=\"142\" src=\"https:\/\/www.europesays.com\/es\/wp-content\/uploads\/2025\/07\/1753465448_562_375_142.jpeg\"\/><br \/>\n    <\/a><\/p>\n<p>&#8216;La diplom\u00e1tica&#8217;, temporada 3<\/p>\n<p>                   <img class=\"centro_sinmarco\" height=\"900\" width=\"1600\" loading=\"lazy\" decoding=\"async\"  fetchpriority=\"high\"  src=\"https:\/\/www.europesays.com\/es\/wp-content\/uploads\/2025\/09\/1759167430_16_450_1000.jpeg\" alt=\"Diplomatica\"\/><\/p>\n<p><strong>Una de las mejores series de Netflix<\/strong> regresa con una temporada 3 que ante todo tendr\u00e1 que lidiar con el potent\u00edsimo cliffhanger con el que concluy\u00f3 su predecesora. 8 nuevos episodios con <strong>Keri Russell, Rufus Sewell<\/strong> y compa\u00f1\u00eda, contando adem\u00e1s con la garant\u00eda de que no ser\u00e1n los \u00faltimos pues ya ha sido renovada.<\/p>\n<p><strong>Estreno el 16 de octubre de 2025<\/strong><\/p>\n<p>&#8216;Un fantasma en la batalla&#8217;<\/p>\n<p>                   <img class=\"centro_sinmarco\" height=\"1152\" width=\"2048\" loading=\"lazy\" decoding=\"async\"  fetchpriority=\"high\"  src=\"https:\/\/www.europesays.com\/es\/wp-content\/uploads\/2025\/09\/1759167430_361_450_1000.jpeg\" alt=\"Fantasma Batalla\"\/><\/p>\n<p>Nueva pel\u00edcula espa\u00f1ola original de Netflix en la que el veterano <strong>Agust\u00edn D\u00edaz Yanes<\/strong> vuelve a los a\u00f1os en los que ETA sembraba el terror para seguir la historia de Amaia (<strong>Susana Abaitua<\/strong>), una guardia civil que trabaja como agente encubierta en la organizaci\u00f3n terrorista durante m\u00e1s de una d\u00e9cada.\u00a0<\/p>\n<p><strong>Estreno el 17 de octubre de 2025<\/strong><\/p>\n<p>&#8216;Nadie quiere esto&#8217;, temporada 2<\/p>\n<p>                   <img class=\"centro_sinmarco\" height=\"901\" width=\"1600\" loading=\"lazy\" decoding=\"async\"  fetchpriority=\"high\"  src=\"https:\/\/www.europesays.com\/es\/wp-content\/uploads\/2025\/09\/1759167431_190_450_1000.jpeg\" alt=\"Nadie Quiere Esto\"\/><\/p>\n<p>La simp\u00e1tica comedia rom\u00e1ntica protagonizada por <strong>Kristen Bell y Adam Brody<\/strong> regresa en una segunda temporada que volver\u00e1 a incidir en la peculiar relaci\u00f3n que surge entre una mujer agn\u00f3stica y un rabino. Entre las principales novedades de su temporada 2 destacan los fichajes de <strong>Seth Rogen y Leighton Meester<\/strong>.<\/p>\n<p><strong>Estreno el 23 de octubre de 2025<\/strong><\/p>\n<p>&#8216;Una casa llena de dinamita&#8217;<\/p>\n<p>                   <img class=\"centro_sinmarco\" height=\"799\" width=\"1200\" loading=\"lazy\" decoding=\"async\"  fetchpriority=\"high\"  src=\"https:\/\/www.europesays.com\/es\/wp-content\/uploads\/2025\/09\/1759167431_832_450_1000.jpeg\" alt=\"Dinamita\"\/><\/p>\n<p>El (esperemos) triunfal regreso de <strong>Kathryn Bigelow<\/strong> 8 a\u00f1os despu\u00e9s de la extraordinaria <a class=\"text-outboundlink\" href=\"https:\/\/www.espinof.com\/criticas\/detroit-es-una-maravilla-kathryn-bigelow-consigue-que-lo-pases-tan-mal-como-sus-personajes\" data-vars-post-title=\"&#039;Detroit&#039; es una maravilla: Kathryn Bigelow consigue que lo pases tan mal como sus personajes\" data-vars-post-url=\"https:\/\/www.espinof.com\/criticas\/detroit-es-una-maravilla-kathryn-bigelow-consigue-que-lo-pases-tan-mal-como-sus-personajes\" rel=\"nofollow noopener\" target=\"_blank\">&#8216;Detroit&#8217;<\/a>. Aqu\u00ed cuenta con un atractivo reparto encabezado por <strong>Idris Elba y Rebecca Ferguson<\/strong> para explorar c\u00f3mo se reaccionar\u00eda en la Casa Blanca ante un ataque con misiles a Estados Unidos. Todo ello con el a\u00f1adido de que la historia se desarrolla en tiempo real, prometiendo as\u00ed dejar sin respiraci\u00f3n al espectador.<\/p>\n<p><strong>Estreno el 24 de octubre de 2025<\/strong><\/p>\n<p>    <a href=\"https:\/\/www.espinof.com\/listas\/mejores-peliculas-thrillers-suspense-netflix\" class=\"pivot-outboundlink\" data-vars-post-title=\"Las 15 mejores pel\u00edculas de suspense y thrillers en Netflix\" rel=\"nofollow noopener\" target=\"_blank\"><br \/>\n     <img loading=\"lazy\" decoding=\"async\" alt=\"Las 15 mejores pel\u00edculas de suspense y thrillers en Netflix\" width=\"375\" height=\"142\" src=\"https:\/\/www.europesays.com\/es\/wp-content\/uploads\/2025\/09\/1758430280_542_375_142.jpeg\"\/><br \/>\n    <\/a><\/p>\n<p>&#8216;The Witcher&#8217;, temporada 4<\/p>\n<p>                   <img class=\"centro_sinmarco\" height=\"800\" width=\"1200\" loading=\"lazy\" decoding=\"async\"  fetchpriority=\"high\"  src=\"https:\/\/www.europesays.com\/es\/wp-content\/uploads\/2025\/09\/1759167432_936_450_1000.jpeg\" alt=\"Witcher Temporada 4\"\/><\/p>\n<p>La famosa serie de fantas\u00eda regresa con un reto bastante complicado: que el p\u00fablico pase por alto la marcha de <strong>Henry Cavill<\/strong> y acepte de buen grado a <strong>Liam Hemsworth<\/strong> como sus sustituto. Yo no lo tengo nada claro, pero habr\u00e1 que darle al menos una oportunidad.<\/p>\n<p><strong>Estreno el 30 de octubre de 2025<\/strong><\/p>\n<p>&#8216;Respira&#8217;, temporada 2<\/p>\n<p>                   <img class=\"centro_sinmarco\" height=\"675\" width=\"1200\" loading=\"lazy\" decoding=\"async\"  fetchpriority=\"high\"  src=\"https:\/\/www.europesays.com\/es\/wp-content\/uploads\/2025\/09\/1759167432_981_450_1000.jpeg\" alt=\"Respira\"\/><\/p>\n<p>Netflix consigui\u00f3 un \u00e9xito notable el a\u00f1o pasado con este drama m\u00e9dico creado por <strong>Carlos Montero<\/strong> que cuenta con un llamativo reparto liderado por <strong>Najwa Nimri, Aitana S\u00e1nchez-Gij\u00f3n, Blanca Su\u00e1rez y Manu R\u00edos<\/strong>, haciendo as\u00ed inevitable una segunda temporada que, por suerte, no se ha hecho demasiado de rogar.<\/p>\n<p><strong>Estreno el 31 de octubre de 2025<\/strong><\/p>\n<p>En Espinof | <a class=\"text-outboundlink\" href=\"https:\/\/www.espinof.com\/listas\/mejores-peliculas-netflix-2025\" data-vars-post-title=\"Las 8 mejores pel\u00edculas de Netflix en 2025 (por ahora)\" data-vars-post-url=\"https:\/\/www.espinof.com\/listas\/mejores-peliculas-netflix-2025\" rel=\"nofollow noopener\" target=\"_blank\">Las mejores pel\u00edculas de Netflix en 2025<\/a><\/p>\n<p>En Espinof | <a class=\"text-outboundlink\" href=\"https:\/\/www.espinof.com\/listas\/mejores-series-netflix-2025\" data-vars-post-title=\"Las 11 mejores series de Netflix en 2025 (por ahora)\" data-vars-post-url=\"https:\/\/www.espinof.com\/listas\/mejores-series-netflix-2025\" rel=\"nofollow noopener\" target=\"_blank\">Las mejores series de Netflix en 2025<\/a><\/p>\n","protected":false},"excerpt":{"rendered":"Queda muy poquito ya para tener que decir adi\u00f3s a septiembre y que empiece un nuevo mes, por&hellip;\n","protected":false},"author":2,"featured_media":146944,"comment_status":"","ping_status":"","sticky":false,"template":"","format":"standard","meta":{"footnotes":""},"categories":[169],"tags":[177,146,147,25,24,176,175,23],"class_list":{"0":"post-146943","1":"post","2":"type-post","3":"status-publish","4":"format-standard","5":"has-post-thumbnail","7":"category-cine","8":"tag-cine","9":"tag-entertainment","10":"tag-entretenimiento","11":"tag-es","12":"tag-espana","13":"tag-film","14":"tag-movies","15":"tag-spain"},"share_on_mastodon":{"url":"","error":""},"_links":{"self":[{"href":"https:\/\/www.europesays.com\/es\/wp-json\/wp\/v2\/posts\/146943","targetHints":{"allow":["GET"]}}],"collection":[{"href":"https:\/\/www.europesays.com\/es\/wp-json\/wp\/v2\/posts"}],"about":[{"href":"https:\/\/www.europesays.com\/es\/wp-json\/wp\/v2\/types\/post"}],"author":[{"embeddable":true,"href":"https:\/\/www.europesays.com\/es\/wp-json\/wp\/v2\/users\/2"}],"replies":[{"embeddable":true,"href":"https:\/\/www.europesays.com\/es\/wp-json\/wp\/v2\/comments?post=146943"}],"version-history":[{"count":0,"href":"https:\/\/www.europesays.com\/es\/wp-json\/wp\/v2\/posts\/146943\/revisions"}],"wp:featuredmedia":[{"embeddable":true,"href":"https:\/\/www.europesays.com\/es\/wp-json\/wp\/v2\/media\/146944"}],"wp:attachment":[{"href":"https:\/\/www.europesays.com\/es\/wp-json\/wp\/v2\/media?parent=146943"}],"wp:term":[{"taxonomy":"category","embeddable":true,"href":"https:\/\/www.europesays.com\/es\/wp-json\/wp\/v2\/categories?post=146943"},{"taxonomy":"post_tag","embeddable":true,"href":"https:\/\/www.europesays.com\/es\/wp-json\/wp\/v2\/tags?post=146943"}],"curies":[{"name":"wp","href":"https:\/\/api.w.org\/{rel}","templated":true}]}}