{"id":146954,"date":"2025-09-29T17:43:07","date_gmt":"2025-09-29T17:43:07","guid":{"rendered":"https:\/\/www.europesays.com\/es\/146954\/"},"modified":"2025-09-29T17:43:07","modified_gmt":"2025-09-29T17:43:07","slug":"preparense-la-amenaza-de-cierre-del-gobierno-se-profundiza-mientras-el-capitolio-se-atrinchera","status":"publish","type":"post","link":"https:\/\/www.europesays.com\/es\/146954\/","title":{"rendered":"\u201cPrep\u00e1rense\u201d: la amenaza de cierre del Gobierno se profundiza mientras el Capitolio se atrinchera"},"content":{"rendered":"<p>      CNN<br \/>\n        \u00a0\u2014\u00a0<\/p>\n<p class=\"paragraph inline-placeholder vossi-paragraph\" data-uri=\"es.cms.cnn.com\/_components\/paragraph\/instances\/cmg5che7v00bb27nva6sh75pr@published\" data-editable=\"text\" data-component-name=\"paragraph\" data-article-gutter=\"true\">\n            El presidente Donald Trump y los republicanos en el Congreso creen que hay solo una manera de evitar un cierre a la medianoche del martes: que el l\u00edder dem\u00f3crata del Senado, Chuck Schumer, cambie de opini\u00f3n.\n    <\/p>\n<p class=\"paragraph inline-placeholder vossi-paragraph\" data-uri=\"es.cms.cnn.com\/_components\/paragraph\/instances\/cmg5d6xqh0008356nti8gya5d@published\" data-editable=\"text\" data-component-name=\"paragraph\" data-article-gutter=\"true\">\n            Los l\u00edderes republicanos a\u00fan necesitan votos cruciales de Schumer y su partido para que cualquier proyecto de financiaci\u00f3n del Gobierno se convierta en ley. Y, por ahora, ninguna de las dos partes cede.\n    <\/p>\n<p class=\"paragraph inline-placeholder vossi-paragraph\" data-uri=\"es.cms.cnn.com\/_components\/paragraph\/instances\/cmg5d6xqh0009356nwj1c10us@published\" data-editable=\"text\" data-component-name=\"paragraph\" data-article-gutter=\"true\">\n            A poco m\u00e1s de 24 horas antes de una paralizaci\u00f3n de los fondos, Schumer y otros l\u00edderes del Congreso se unir\u00e1n a Trump en la Casa Blanca para una reuni\u00f3n de \u00faltimo intento que evite un cierre. Sin embargo, no est\u00e1 claro que alguno de los dos partidos quiera realmente negociar.\n    <\/p>\n<p class=\"paragraph inline-placeholder vossi-paragraph\" data-uri=\"es.cms.cnn.com\/_components\/paragraph\/instances\/cmg5d6xqh000a356n5jvgdxip@published\" data-editable=\"text\" data-component-name=\"paragraph\" data-article-gutter=\"true\">\n            El presidente de la C\u00e1mara de Representantes, Mike Johnson, se\u00f1al\u00f3 en una entrevista con CNN que Trump quiere usar la reuni\u00f3n para persuadir a los dem\u00f3cratas de aceptar el plan republicano, sin los cr\u00e9ditos fiscales de Obamacare que exigen Schumer y el l\u00edder dem\u00f3crata de la C\u00e1mara, Hakeem Jeffries.\n    <\/p>\n<p class=\"paragraph inline-placeholder vossi-paragraph\" data-uri=\"es.cms.cnn.com\/_components\/paragraph\/instances\/cmg5d6xqh000b356n39818tjc@published\" data-editable=\"text\" data-component-name=\"paragraph\" data-article-gutter=\"true\">\n            \u201cChuck Schumer volvi\u00f3 con una larga lista de demandas partidistas que no encajan en este proceso, y va a intentar cerrar el Gobierno. El presidente quiere hablar con \u00e9l sobre eso y decirle que no lo haga\u201d, dijo Johnson a Jake Tapper de CNN el domingo. \u201cQuiere hablar con Chuck Schumer y Hakeem Jeffries y simplemente tratar de convencerlos de seguir el sentido com\u00fan\u201d.\n    <\/p>\n<p class=\"paragraph inline-placeholder vossi-paragraph\" data-uri=\"es.cms.cnn.com\/_components\/paragraph\/instances\/cmg5d6xqh000c356ndpkrup1z@published\" data-editable=\"text\" data-component-name=\"paragraph\" data-article-gutter=\"true\">\n            El l\u00edder de la mayor\u00eda en el Senado, John Thune, que tambi\u00e9n asistir\u00e1 a la reuni\u00f3n del lunes, agreg\u00f3 en \u201cMeet the Press\u201d de NBC: \u201cTodo depende de los dem\u00f3cratas\u201d.\n    <\/p>\n<p class=\"paragraph inline-placeholder vossi-paragraph\" data-uri=\"es.cms.cnn.com\/_components\/paragraph\/instances\/cmg5d6xqh000d356n9v3ghvc4@published\" data-editable=\"text\" data-component-name=\"paragraph\" data-article-gutter=\"true\">\n            Los dem\u00f3cratas, mientras tanto, usaron sus propias apariciones en los programas dominicales en Washington para insistir en que no ceder\u00e1n en sus demandas a cambio de ayudar a aprobar la financiaci\u00f3n del Gobierno.\n    <\/p>\n<p class=\"paragraph inline-placeholder vossi-paragraph\" data-uri=\"es.cms.cnn.com\/_components\/paragraph\/instances\/cmg5d6xqh000e356n36guh2bg@published\" data-editable=\"text\" data-component-name=\"paragraph\" data-article-gutter=\"true\">\n            \u201cNuestra posici\u00f3n ha sido muy clara: cancelar los recortes, bajar los costos, salvar la atenci\u00f3n m\u00e9dica\u201d, dijo Jeffries en \u201cThis Week\u201d de ABC.\n    <\/p>\n<p class=\"paragraph inline-placeholder vossi-paragraph\" data-uri=\"es.cms.cnn.com\/_components\/paragraph\/instances\/cmg5d6xqh000f356n72uwn3zk@published\" data-editable=\"text\" data-component-name=\"paragraph\" data-article-gutter=\"true\">\n            Los dem\u00f3cratas han sido tajantes en exigir una extensi\u00f3n de miles de millones de d\u00f3lares en subsidios de Obamacare a cambio de los votos necesarios en el Senado para aprobar un proyecto de financiaci\u00f3n del Gobierno. Los dos l\u00edderes se mostraron unidos de cara a la reuni\u00f3n de este lunes, al emitir el s\u00e1bado un comunicado conjunto en el que dijeron: \u201cEstamos firmes en nuestra determinaci\u00f3n de evitar un cierre del Gobierno y abordar la crisis de atenci\u00f3n m\u00e9dica republicana\u201d.\n    <\/p>\n<p class=\"paragraph inline-placeholder vossi-paragraph\" data-uri=\"es.cms.cnn.com\/_components\/paragraph\/instances\/cmg5d6xqh000g356nl2kp2sv7@published\" data-editable=\"text\" data-component-name=\"paragraph\" data-article-gutter=\"true\">\n            La reuni\u00f3n del lunes ser\u00e1 la primera vez que Schumer y Trump hablen desde la segunda investidura del presidente el 20 de enero. Y ser\u00e1 la primera vez que el presidente y Jeffries se re\u00fanan en persona.\n    <\/p>\n<p class=\"paragraph inline-placeholder vossi-paragraph\" data-uri=\"es.cms.cnn.com\/_components\/paragraph\/instances\/cmg5d6xqh000h356n7dcnfoq8@published\" data-editable=\"text\" data-component-name=\"paragraph\" data-article-gutter=\"true\">\n            El Senado en pleno regresar\u00e1 a Washington m\u00e1s tarde el lunes, donde la c\u00e1mara tendr\u00e1 una \u00faltima oportunidad para evitar un cierre. Los l\u00edderes republicanos planean celebrar una votaci\u00f3n sobre ese mismo plan de financiaci\u00f3n una vez m\u00e1s antes del 1 de octubre. Pero m\u00faltiples fuentes dem\u00f3cratas dijeron a CNN que esperan que la mayor\u00eda de sus miembros mantenga la l\u00ednea. Jeffries les dijo a sus miembros en una llamada el viernes por la tarde que hab\u00eda hablado recientemente con Schumer y estaba seguro de ese resultado, seg\u00fan una persona en la llamada.\n    <\/p>\n<p class=\"paragraph inline-placeholder vossi-paragraph\" data-uri=\"es.cms.cnn.com\/_components\/paragraph\/instances\/cmg5d6xqh000i356n1u0ifr2a@published\" data-editable=\"text\" data-component-name=\"paragraph\" data-article-gutter=\"true\">\n            Los republicanos han descartado repetidamente las preocupaciones sobre los subsidios de la Ley de Cuidado de Salud Asequible, ya que no expiran hasta fin de a\u00f1o, incluso cuando los dem\u00f3cratas han insistido en abordar el asunto antes de que empiece la inscripci\u00f3n abierta el 1 de noviembre.\n    <\/p>\n<p class=\"paragraph inline-placeholder vossi-paragraph\" data-uri=\"es.cms.cnn.com\/_components\/paragraph\/instances\/cmg5d6xqh000j356nu458nz5u@published\" data-editable=\"text\" data-component-name=\"paragraph\" data-article-gutter=\"true\">\n            \u201cPodemos tener esa conversaci\u00f3n, pero antes: liberen al reh\u00e9n, den libertad al pueblo estadounidense, mantengan abierto el Gobierno y luego hablemos de esos cr\u00e9ditos fiscales. Yo estoy ciertamente abierto a eso. Creo que todos lo estamos\u201d, dijo Thune el domingo. Y agreg\u00f3: \u201cCreo que hay un posible camino a seguir\u201d.\n    <\/p>\n<p class=\"paragraph inline-placeholder vossi-paragraph\" data-uri=\"es.cms.cnn.com\/_components\/paragraph\/instances\/cmg5d6xqh000k356ncoqb4llm@published\" data-editable=\"text\" data-component-name=\"paragraph\" data-article-gutter=\"true\">\n            El amargo estancamiento entre Trump y los dem\u00f3cratas se ha venido gestando durante meses, con la minor\u00eda dem\u00f3crata observando c\u00f3mo los republicanos recortaban Medicaid para pagar reducciones de impuestos, desplegaban militares en ciudades dem\u00f3cratas, pisoteaban la autoridad del Congreso sobre el gasto y ahora usaban el Departamento de Justicia para perseguir a enemigos pol\u00edticos como el exdirector del FBI James Comey.\n    <\/p>\n<p class=\"paragraph inline-placeholder vossi-paragraph\" data-uri=\"es.cms.cnn.com\/_components\/paragraph\/instances\/cmg5d6xqh000l356nt7feiim2@published\" data-editable=\"text\" data-component-name=\"paragraph\" data-article-gutter=\"true\">\n            Con su base firmemente detr\u00e1s, Schumer y los dem\u00f3cratas se niegan a apoyar la extensi\u00f3n de financiaci\u00f3n republicana sin concesiones de pol\u00edtica importantes de Trump, incluidos miles de millones de d\u00f3lares para ayudar a que Obamacare sea m\u00e1s asequible. Pero Trump y los republicanos no est\u00e1n de humor para negociar, y el Gobierno muestra que har\u00e1 las cosas lo m\u00e1s dolorosas posible para los dem\u00f3cratas al amenazar con medidas dr\u00e1sticas como recortes permanentes en las n\u00f3minas de las agencias.\n    <\/p>\n<p class=\"paragraph inline-placeholder vossi-paragraph\" data-uri=\"es.cms.cnn.com\/_components\/paragraph\/instances\/cmg5d6xqh000m356n46ulww9o@published\" data-editable=\"text\" data-component-name=\"paragraph\" data-article-gutter=\"true\">\n            Ambos partidos ya se preparan para una batalla de mensajes amarga sobre a qui\u00e9n culpar\u00e1n los votantes por el enfrentamiento. Los dem\u00f3cratas de la C\u00e1mara planean regresar a Washington el lunes por la noche para intentar maximizar la presi\u00f3n sobre Trump y los republicanos, pero su lado del Capitolio estar\u00e1 en gran medida vac\u00edo. Se espera que Johnson mantenga a sus miembros en casa durante la semana, mientras que fuentes republicanas sostienen que ya hicieron su trabajo y que ahora le corresponde a Schumer aceptar su plan.\n    <\/p>\n<p class=\"paragraph inline-placeholder vossi-paragraph\" data-uri=\"es.cms.cnn.com\/_components\/paragraph\/instances\/cmg5d6xqh000n356n582ocvv2@published\" data-editable=\"text\" data-component-name=\"paragraph\" data-article-gutter=\"true\">\n            Durante cierres anteriores, como el de 2013, los l\u00edderes de la C\u00e1mara mantuvieron a sus miembros en Washington y celebraron votaciones para financiar prioridades clave, como las Fuerzas Armadas, fondos para los veteranos o la patrulla fronteriza. Pero los republicanos dicen que eso solo dar\u00eda cobertura pol\u00edtica a los dem\u00f3cratas vulnerables.\n    <\/p>\n<p class=\"paragraph inline-placeholder vossi-paragraph\" data-uri=\"es.cms.cnn.com\/_components\/paragraph\/instances\/cmg5d6xqh000o356n4ax2s05y@published\" data-editable=\"text\" data-component-name=\"paragraph\" data-article-gutter=\"true\">\n            El representante republicano Adrian Smith, de Nebraska, dijo el viernes que la autoridad ampliada de Trump durante un cierre \u2014con m\u00e1s discreci\u00f3n sobre las operaciones federales de lo habitual\u2014 deber\u00eda disuadir a los dem\u00f3cratas de dejar que se suspenda la financiaci\u00f3n.\n    <\/p>\n<p class=\"paragraph inline-placeholder vossi-paragraph\" data-uri=\"es.cms.cnn.com\/_components\/paragraph\/instances\/cmg5d6xqh000p356noapxih73@published\" data-editable=\"text\" data-component-name=\"paragraph\" data-article-gutter=\"true\">\n            \u201cEs un principio c\u00edvico bastante b\u00e1sico que el poder ejecutivo tenga m\u00e1s autoridad durante el cierre. Es algo que pensar\u00eda que los dem\u00f3cratas evitar\u00edan, pero ya veremos\u201d, dijo Smith el viernes.\n    <\/p>\n<p class=\"paragraph inline-placeholder vossi-paragraph\" data-uri=\"es.cms.cnn.com\/_components\/paragraph\/instances\/cmg5d6xqh000q356nvu29h3k9@published\" data-editable=\"text\" data-component-name=\"paragraph\" data-article-gutter=\"true\">\n            Incluso con la amenaza de despidos permanentes de la Casa Blanca si el Gobierno federal se cierra, los republicanos en el Congreso est\u00e1n firmemente unidos en la creencia de que los dem\u00f3cratas est\u00e1n provocando la pelea y pagar\u00e1n el precio pol\u00edtico.\n    <\/p>\n<p class=\"paragraph inline-placeholder vossi-paragraph\" data-uri=\"es.cms.cnn.com\/_components\/paragraph\/instances\/cmg5d6xqh000r356n9pmp6q9l@published\" data-editable=\"text\" data-component-name=\"paragraph\" data-article-gutter=\"true\">\n            \u201cEsto es pura desesperaci\u00f3n y los perjudicar\u00e1\u201d, dijo un asistente republicano.\n    <\/p>\n<p class=\"paragraph inline-placeholder vossi-paragraph\" data-uri=\"es.cms.cnn.com\/_components\/paragraph\/instances\/cmg5d6xqh000s356n9hw917ga@published\" data-editable=\"text\" data-component-name=\"paragraph\" data-article-gutter=\"true\">\n            Pero los dem\u00f3cratas argumentan que los l\u00edderes republicanos est\u00e1n subestimando la ira de su partido hacia Trump y sobrestimando su temor a un cierre.\n    <\/p>\n<p class=\"paragraph inline-placeholder vossi-paragraph\" data-uri=\"es.cms.cnn.com\/_components\/paragraph\/instances\/cmg5d6xqh000t356n9lofolmh@published\" data-editable=\"text\" data-component-name=\"paragraph\" data-article-gutter=\"true\">\n            \u201cEste ser\u00e1 un cierre largo y de alto riesgo, diferente a todo lo que hayamos visto antes. Nadie sabe c\u00f3mo terminar\u00e1\u201d, dijo a CNN un alto asistente de un dem\u00f3crata moderado. \u201cPrep\u00e1rense para una tormenta monumental\u201d.\n    <\/p>\n<p class=\"paragraph inline-placeholder vossi-paragraph\" data-uri=\"es.cms.cnn.com\/_components\/paragraph\/instances\/cmg5d6xqh000u356nad238s8t@published\" data-editable=\"text\" data-component-name=\"paragraph\" data-article-gutter=\"true\">\n            En la Casa Blanca, los funcionarios han mostrado poca urgencia adicional por evitar un cierre a pesar de la inminente fecha l\u00edmite, sosteniendo que es responsabilidad exclusiva de los dem\u00f3cratas poner fin al estancamiento aceptando una medida de financiaci\u00f3n sin condiciones.\n    <\/p>\n<p class=\"paragraph inline-placeholder vossi-paragraph\" data-uri=\"es.cms.cnn.com\/_components\/paragraph\/instances\/cmg5d6xqh000v356n4emf0tfu@published\" data-editable=\"text\" data-component-name=\"paragraph\" data-article-gutter=\"true\">\n            Esa visi\u00f3n se ha visto reforzada en los \u00faltimos d\u00edas por la negativa de los dem\u00f3cratas a reducir ciertas demandas vagas de concesiones en salud, la mayor\u00eda de las cuales la Casa Blanca descart\u00f3 al inicio de las negociaciones hace semanas.\n    <\/p>\n<p class=\"paragraph inline-placeholder vossi-paragraph\" data-uri=\"es.cms.cnn.com\/_components\/paragraph\/instances\/cmg5d6xqh000w356nolwteaj0@published\" data-editable=\"text\" data-component-name=\"paragraph\" data-article-gutter=\"true\">\n            En d\u00edas recientes, Trump ha buscado capitalizar el mensaje poco espec\u00edfico de los dem\u00f3cratas y definir sus demandas de la manera m\u00e1s ventajosa para \u00e9l, acusando al partido de querer financiar la atenci\u00f3n m\u00e9dica de inmigrantes indocumentados, relajar restricciones en la frontera sur y avanzar pol\u00edticas sobre personas transg\u00e9nero.\n    <\/p>\n<p class=\"paragraph inline-placeholder vossi-paragraph\" data-uri=\"es.cms.cnn.com\/_components\/paragraph\/instances\/cmg5d6xqh000x356ngfa1ujkg@published\" data-editable=\"text\" data-component-name=\"paragraph\" data-article-gutter=\"true\">\n            \u201cDepende de ellos\u201d, dijo Trump el viernes sobre los dem\u00f3cratas. \u201cQuieren dar miles de millones, en \u00faltima instancia billones de d\u00f3lares, a migrantes ilegales, personas que entraron ilegalmente en nuestro pa\u00eds\u201d.\n    <\/p>\n<p class=\"paragraph inline-placeholder vossi-paragraph\" data-uri=\"es.cms.cnn.com\/_components\/paragraph\/instances\/cmg5d6xqh000y356numk17wxs@published\" data-editable=\"text\" data-component-name=\"paragraph\" data-article-gutter=\"true\">\n            En realidad, los dem\u00f3cratas no han buscado nada de eso, concentr\u00e1ndose en cambio en revertir recortes clave de financiaci\u00f3n en salud que los republicanos aprobaron a principios de este a\u00f1o y extender ciertos subsidios para los inscritos en la Ley de Cuidado de Salud Asequible.\n    <\/p>\n<p class=\"paragraph inline-placeholder vossi-paragraph\" data-uri=\"es.cms.cnn.com\/_components\/paragraph\/instances\/cmg5d6xqh000z356nag5o460z@published\" data-editable=\"text\" data-component-name=\"paragraph\" data-article-gutter=\"true\">\n            Pero los l\u00edderes dem\u00f3cratas han sido hasta ahora reacios a especificar p\u00fablicamente \u00e1reas de compromiso, y los funcionarios de Trump y los l\u00edderes republicanos \u2014convencidos de que tienen la ventaja pol\u00edtica de cara al martes\u2014 no han visto raz\u00f3n para debilitar su exigencia dura de una medida de financiaci\u00f3n limpia.\n    <\/p>\n<p class=\"paragraph inline-placeholder vossi-paragraph\" data-uri=\"es.cms.cnn.com\/_components\/paragraph\/instances\/cmg5d6xqh0010356ngprs7fjz@published\" data-editable=\"text\" data-component-name=\"paragraph\" data-article-gutter=\"true\">\n            \u201cLos republicanos b\u00e1sicamente dicen \u2018mantengamos el Gobierno abierto\u2019. Esa es la simplicidad de su mensaje, eso es una frase razonable para la mayor\u00eda de los estadounidenses\u201d, dijo Doug Heye, estratega republicano de larga trayectoria. \u201cNadie lo entiende mejor que Mike Johnson, y \u00e9l comprende que el mensaje pol\u00edtico les resulta ventajoso\u201d.\n    <\/p>\n","protected":false},"excerpt":{"rendered":"CNN \u00a0\u2014\u00a0 El presidente Donald Trump y los republicanos en el Congreso creen que hay solo una manera&hellip;\n","protected":false},"author":2,"featured_media":146955,"comment_status":"","ping_status":"","sticky":false,"template":"","format":"standard","meta":{"footnotes":""},"categories":[42],"tags":[17,18,45075,352,13,14,11,61,62,63,64,19,20,9,10,15,16,12,21,22,65,66,67],"class_list":{"0":"post-146954","1":"post","2":"type-post","3":"status-publish","4":"format-standard","5":"has-post-thumbnail","7":"category-internacional","8":"tag-breaking-news","9":"tag-breakingnews","10":"tag-cierre-de-gobierno","11":"tag-donald-trump","12":"tag-featured-news","13":"tag-featurednews","14":"tag-headlines","15":"tag-internacional","16":"tag-international","17":"tag-international-news","18":"tag-internationalnews","19":"tag-latest-news","20":"tag-latestnews","21":"tag-news","22":"tag-noticias","23":"tag-noticias-destacadas","24":"tag-noticiasdestacadas","25":"tag-titulares","26":"tag-ultimas-noticias","27":"tag-ultimasnoticias","28":"tag-world","29":"tag-world-news","30":"tag-worldnews"},"share_on_mastodon":{"url":"","error":""},"_links":{"self":[{"href":"https:\/\/www.europesays.com\/es\/wp-json\/wp\/v2\/posts\/146954","targetHints":{"allow":["GET"]}}],"collection":[{"href":"https:\/\/www.europesays.com\/es\/wp-json\/wp\/v2\/posts"}],"about":[{"href":"https:\/\/www.europesays.com\/es\/wp-json\/wp\/v2\/types\/post"}],"author":[{"embeddable":true,"href":"https:\/\/www.europesays.com\/es\/wp-json\/wp\/v2\/users\/2"}],"replies":[{"embeddable":true,"href":"https:\/\/www.europesays.com\/es\/wp-json\/wp\/v2\/comments?post=146954"}],"version-history":[{"count":0,"href":"https:\/\/www.europesays.com\/es\/wp-json\/wp\/v2\/posts\/146954\/revisions"}],"wp:featuredmedia":[{"embeddable":true,"href":"https:\/\/www.europesays.com\/es\/wp-json\/wp\/v2\/media\/146955"}],"wp:attachment":[{"href":"https:\/\/www.europesays.com\/es\/wp-json\/wp\/v2\/media?parent=146954"}],"wp:term":[{"taxonomy":"category","embeddable":true,"href":"https:\/\/www.europesays.com\/es\/wp-json\/wp\/v2\/categories?post=146954"},{"taxonomy":"post_tag","embeddable":true,"href":"https:\/\/www.europesays.com\/es\/wp-json\/wp\/v2\/tags?post=146954"}],"curies":[{"name":"wp","href":"https:\/\/api.w.org\/{rel}","templated":true}]}}