{"id":146956,"date":"2025-09-29T17:44:07","date_gmt":"2025-09-29T17:44:07","guid":{"rendered":"https:\/\/www.europesays.com\/es\/146956\/"},"modified":"2025-09-29T17:44:07","modified_gmt":"2025-09-29T17:44:07","slug":"mondiacult-musica-museos-videojuegos-y-salud-mental","status":"publish","type":"post","link":"https:\/\/www.europesays.com\/es\/146956\/","title":{"rendered":"&#8216;Mondiacult&#8217;, m\u00fasica, museos, videojuegos y salud mental"},"content":{"rendered":"<p>En \u2018Todo por hacer\u2019 de Radio 5 la cultura internacional marca el inicio del programa. Estos d\u00edas, <strong>Barcelona<\/strong> se convierte en el epicentro mundial gracias a <strong>Mondicualt 2025<\/strong>, la conferencia de la <strong>UNESCO<\/strong> dedicada a las pol\u00edticas culturales. Un encuentro que re\u00fane a representantes, expertos y responsables culturales de todo el planeta para debatir sobre el papel de la cultura en el presente y el futuro de nuestras sociedades. Desde la capital catalana, nuestra compa\u00f1era <strong>Agn\u00e8s Batll\u00e9<\/strong> nos acerca los detalles de una cita que convierte a la ciudad en punto de referencia internacional.<\/p>\n<p>La segunda parada nos lleva a los museos estatales espa\u00f1oles, donde arranca la <strong>novena edici\u00f3n de MUSA-E<\/strong>. Este ciclo transforma las salas de exposiciones en escenarios musicales con 45 conciertos a cargo de m\u00e1s de un centenar de j\u00f3venes int\u00e9rpretes. Una propuesta que fusiona arte, historia y m\u00fasica en directo para abrir nuevas formas de disfrutar los espacios culturales. La cobertura llega de la mano de <strong>Ana Gil<\/strong>, que repasa el alcance de una iniciativa consolidada en la agenda cultural del pa\u00eds.<\/p>\n<p>Despu\u00e9s, se abre la nueva secci\u00f3n <strong>\u2018Jugador 2\u2019<\/strong>, conducida por <strong>Dani Gonz\u00e1lez<\/strong>, que explora el mundo de los videojuegos. En este primer cap\u00edtulo, el foco est\u00e1 en los t\u00edtulos pensados para compartir en pareja, una tendencia creciente en el ocio digital que favorece la cooperaci\u00f3n y la diversi\u00f3n conjunta.<\/p>\n<p>El cierre del programa lo marca la secci\u00f3n <strong>\u2018Todo por cuidarnos\u2019<\/strong>, a cargo de <strong>Alberto Mart\u00edn<\/strong>, que aborda un asunto de creciente preocupaci\u00f3n: la ansiedad y la depresi\u00f3n en la juventud. Con informaci\u00f3n clara y orientada al bienestar, se analizan los retos que enfrentan los m\u00e1s j\u00f3venes y se aportan claves para comprender mejor esta realidad.<\/p>\n","protected":false},"excerpt":{"rendered":"En \u2018Todo por hacer\u2019 de Radio 5 la cultura internacional marca el inicio del programa. Estos d\u00edas, Barcelona&hellip;\n","protected":false},"author":2,"featured_media":146957,"comment_status":"","ping_status":"","sticky":false,"template":"","format":"standard","meta":{"footnotes":""},"categories":[8],"tags":[45076,17,18,25,24,13,14,11,19,20,3873,185,9,10,15,16,133,1448,1986,1987,23,12,40893,21,22,45077],"class_list":{"0":"post-146956","1":"post","2":"type-post","3":"status-publish","4":"format-standard","5":"has-post-thumbnail","7":"category-espana","8":"tag-mondiacult","9":"tag-breaking-news","10":"tag-breakingnews","11":"tag-es","12":"tag-espana","13":"tag-featured-news","14":"tag-featurednews","15":"tag-headlines","16":"tag-latest-news","17":"tag-latestnews","18":"tag-museos","19":"tag-musica","20":"tag-news","21":"tag-noticias","22":"tag-noticias-destacadas","23":"tag-noticiasdestacadas","24":"tag-online","25":"tag-radio","26":"tag-rne","27":"tag-rtve-play","28":"tag-spain","29":"tag-titulares","30":"tag-todo-por-hacer","31":"tag-ultimas-noticias","32":"tag-ultimasnoticias","33":"tag-videojuegos-y-salud-mental"},"share_on_mastodon":{"url":"","error":""},"_links":{"self":[{"href":"https:\/\/www.europesays.com\/es\/wp-json\/wp\/v2\/posts\/146956","targetHints":{"allow":["GET"]}}],"collection":[{"href":"https:\/\/www.europesays.com\/es\/wp-json\/wp\/v2\/posts"}],"about":[{"href":"https:\/\/www.europesays.com\/es\/wp-json\/wp\/v2\/types\/post"}],"author":[{"embeddable":true,"href":"https:\/\/www.europesays.com\/es\/wp-json\/wp\/v2\/users\/2"}],"replies":[{"embeddable":true,"href":"https:\/\/www.europesays.com\/es\/wp-json\/wp\/v2\/comments?post=146956"}],"version-history":[{"count":0,"href":"https:\/\/www.europesays.com\/es\/wp-json\/wp\/v2\/posts\/146956\/revisions"}],"wp:featuredmedia":[{"embeddable":true,"href":"https:\/\/www.europesays.com\/es\/wp-json\/wp\/v2\/media\/146957"}],"wp:attachment":[{"href":"https:\/\/www.europesays.com\/es\/wp-json\/wp\/v2\/media?parent=146956"}],"wp:term":[{"taxonomy":"category","embeddable":true,"href":"https:\/\/www.europesays.com\/es\/wp-json\/wp\/v2\/categories?post=146956"},{"taxonomy":"post_tag","embeddable":true,"href":"https:\/\/www.europesays.com\/es\/wp-json\/wp\/v2\/tags?post=146956"}],"curies":[{"name":"wp","href":"https:\/\/api.w.org\/{rel}","templated":true}]}}