{"id":146958,"date":"2025-09-29T17:45:09","date_gmt":"2025-09-29T17:45:09","guid":{"rendered":"https:\/\/www.europesays.com\/es\/146958\/"},"modified":"2025-09-29T17:45:09","modified_gmt":"2025-09-29T17:45:09","slug":"portal-de-noticias-del-gobierno-de-canarias-149","status":"publish","type":"post","link":"https:\/\/www.europesays.com\/es\/146958\/","title":{"rendered":"Portal de Noticias del Gobierno de Canarias"},"content":{"rendered":"<blockquote>\n<p>La iniciativa continuar\u00e1 celebr\u00e1ndose el pr\u00f3ximo 18 de octubre en El Hierro y el 21 en la isla de Fuerteventura<\/p>\n<\/blockquote>\n<p>La Consejer\u00eda de Presidencia, Administraciones P\u00fablicas, Justicia y Seguridad, que dirige Nieves Lady Barreto, ha celebrado la primera sesi\u00f3n del Encuentro de Ciudadan\u00eda Activa-Canarias Participa el pasado s\u00e1bado en San Miguel de Abona, en Tenerife.<\/p>\n<p>Este proyecto, que ha sido organizado por la Direcci\u00f3n General de Transparencia y Participaci\u00f3n Ciudadana, tiene como objetivo crear espacios de trabajo que den respuesta a los retos que se han detectado e identificado en las jornadas formativas que se han impartido en todas las islas a las asociaciones de Canarias y a las conclusiones del V Congreso de Asociaciones Vecinales, que se celebr\u00f3 en octubre de 2024.<\/p>\n<p>En el acto inaugural participaron el viceconsejero de Administraciones y Transparencia, Antonio Llorens; junto con la directora general de Transparencia y Participaci\u00f3n Ciudadana, Carmen Delia Alberto; el alcalde de San Miguel de Abona, Arturo Gonz\u00e1lez, y la concejala de Participaci\u00f3n Ciudadana, Laura Paiz.<\/p>\n<p>Antonio Llorens afirm\u00f3 que a trav\u00e9s de esta iniciativa se contin\u00faa trabajando en el compromiso del Gobierno regional de fomentar la participaci\u00f3n activa de Canarias y compartir buenas pr\u00e1cticas que se realizan en el \u00e1mbito municipal e insular. \u201cSe trata de consolidar la democracia como un proceso de participaci\u00f3n y de colaboraci\u00f3n permanente\u201d, apunt\u00f3.<\/p>\n<p>En ese mismo sentido, Carmen Delia explic\u00f3 que con la puesta en marcha de estos encuentros se quiere crear espacios de convivencia entre la ciudadan\u00eda, las Administraciones y las asociaciones de cualquier \u00e1mbito, para que las personas puedan compartir experiencias y debatir sobre las barreras y las oportunidades para mejorar la participaci\u00f3n ciudadana en Canarias\u201d.<\/p>\n<p>Por su parte, Arturo Gonz\u00e1lez agradeci\u00f3 al Gobierno de Canarias que se haya celebrado este encuentro regional en San Miguel de Abona para fomentar la participaci\u00f3n ciudadana y mejorar la vida de los vecinos.<\/p>\n<p>La concejala del \u00e1rea, Laura Paiz, destac\u00f3 que la celebraci\u00f3n de esta jornada coincide con la finalizaci\u00f3n del proyecto de Participa San Miguel de Abona que pretende, al igual que esta jornada, escuchar las opiniones de los vecinos y de las asociaciones de Tenerife.<\/p>\n<p>Tras la inauguraci\u00f3n, tuvo lugar la ponencia de introducci\u00f3n \u2018Nuevos horizontes para la participaci\u00f3n ciudadana\u2019, a cargo de Jos\u00e9 Luis Rodr\u00edguez. Posteriormente, se presentaron tres experiencias exitosas de participaci\u00f3n ciudadana, el proceso participativo de San Mat\u00edas \u2013 Taco, a cargo de Vicente Zapata; el laboratorio de ciudadan\u00eda \u2018Tijarafe Experimenta\u2019, que se llev\u00f3 a cabo en la isla de La Palma; y el testimonio de la Asociaci\u00f3n de Vecinos de San Roque y la Asociaci\u00f3n Juvenil Felices con Narices.<\/p>\n<p>Posteriormente se celebraron cuatro mesas de trabajo sobre relevo generacional y atracci\u00f3n de nuevos perfiles; transformaci\u00f3n digital y herramientas tecnol\u00f3gicas; fortalecimiento del tejido asociativo y, por \u00faltimo, sostenibilidad econ\u00f3mica y financiaci\u00f3n alternativa.<\/p>\n<p>Los encuentros continuar\u00e1n celebr\u00e1ndose el pr\u00f3ximo 18 de octubre en El Hierro y el 21 en la isla de Fuerteventura.<\/p>\n<p>\u00a0<\/p>\n<p>\u00a0<\/p>\n<p>\u00a0<\/p>\n<p>\u00a0<\/p>\n<p>\u00a0<\/p>\n<p>\u00a0<\/p>\n","protected":false},"excerpt":{"rendered":"La iniciativa continuar\u00e1 celebr\u00e1ndose el pr\u00f3ximo 18 de octubre en El Hierro y el 21 en la isla&hellip;\n","protected":false},"author":2,"featured_media":146959,"comment_status":"","ping_status":"","sticky":false,"template":"","format":"standard","meta":{"footnotes":""},"categories":[5],"tags":[17,18,25,24,13,14,11,19,20,9,10,15,16,23,12,21,22],"class_list":{"0":"post-146958","1":"post","2":"type-post","3":"status-publish","4":"format-standard","5":"has-post-thumbnail","7":"category-titulares","8":"tag-breaking-news","9":"tag-breakingnews","10":"tag-es","11":"tag-espana","12":"tag-featured-news","13":"tag-featurednews","14":"tag-headlines","15":"tag-latest-news","16":"tag-latestnews","17":"tag-news","18":"tag-noticias","19":"tag-noticias-destacadas","20":"tag-noticiasdestacadas","21":"tag-spain","22":"tag-titulares","23":"tag-ultimas-noticias","24":"tag-ultimasnoticias"},"share_on_mastodon":{"url":"","error":""},"_links":{"self":[{"href":"https:\/\/www.europesays.com\/es\/wp-json\/wp\/v2\/posts\/146958","targetHints":{"allow":["GET"]}}],"collection":[{"href":"https:\/\/www.europesays.com\/es\/wp-json\/wp\/v2\/posts"}],"about":[{"href":"https:\/\/www.europesays.com\/es\/wp-json\/wp\/v2\/types\/post"}],"author":[{"embeddable":true,"href":"https:\/\/www.europesays.com\/es\/wp-json\/wp\/v2\/users\/2"}],"replies":[{"embeddable":true,"href":"https:\/\/www.europesays.com\/es\/wp-json\/wp\/v2\/comments?post=146958"}],"version-history":[{"count":0,"href":"https:\/\/www.europesays.com\/es\/wp-json\/wp\/v2\/posts\/146958\/revisions"}],"wp:featuredmedia":[{"embeddable":true,"href":"https:\/\/www.europesays.com\/es\/wp-json\/wp\/v2\/media\/146959"}],"wp:attachment":[{"href":"https:\/\/www.europesays.com\/es\/wp-json\/wp\/v2\/media?parent=146958"}],"wp:term":[{"taxonomy":"category","embeddable":true,"href":"https:\/\/www.europesays.com\/es\/wp-json\/wp\/v2\/categories?post=146958"},{"taxonomy":"post_tag","embeddable":true,"href":"https:\/\/www.europesays.com\/es\/wp-json\/wp\/v2\/tags?post=146958"}],"curies":[{"name":"wp","href":"https:\/\/api.w.org\/{rel}","templated":true}]}}