{"id":146966,"date":"2025-09-29T17:49:12","date_gmt":"2025-09-29T17:49:12","guid":{"rendered":"https:\/\/www.europesays.com\/es\/146966\/"},"modified":"2025-09-29T17:49:12","modified_gmt":"2025-09-29T17:49:12","slug":"begona-zamorano-me-gustaria-llegar-a-los-100-000-federados-antes-de-terminar-mi-mandato","status":"publish","type":"post","link":"https:\/\/www.europesays.com\/es\/146966\/","title":{"rendered":"Bego\u00f1a Zamorano: \u201cMe gustar\u00eda llegar a los 100.000 federados antes de terminar mi mandato\u201d"},"content":{"rendered":"<p class=\"\"><b>-Un a\u00f1o en el cargo\u2026 \u00bfSe pasa r\u00e1pido?<\/b><\/p>\n<p class=\"\">-Volando. Entr\u00e9 con mucha ilusi\u00f3n y con la responsabilidad que supone dirigir una Federaci\u00f3n que es un referente en el mundo del golf espa\u00f1ol.<\/p>\n<p class=\"\"><b>-\u00bfHa sido como esperaba?<\/b><\/p>\n<p class=\"\">-S\u00ed, nada ha sido ajeno a m\u00ed. Llevaba ya cuatro a\u00f1os como vicepresidenta. Tengo la suerte de estar rodeada por un equipo humano excepcional.<\/p>\n<p class=\"\"><b>-\u00bfQu\u00e9 le deja m\u00e1s satisfecha de lo que ha podido hacer?<\/b><\/p>\n<p class=\"\">-El objetivo de cualquier federaci\u00f3n es promocionar el deporte, y este a\u00f1o hemos batido el r\u00e9cord hist\u00f3rico de n\u00famero de licencias. Ya son 97.500, y eso me deja muy contenta. Pero tambi\u00e9n le dir\u00eda el acercamiento que hemos hecho al \u2018e-golf\u2019 para m\u00ed es muy positivo. Hemos celebrado el primer torneo virtual de profesionales. Es un hecho que las nuevas tecnolog\u00edas se est\u00e1n introduciendo tambi\u00e9n en el mundo del golf, y no queremos quedarnos atr\u00e1s. En Estados Unidos, por ejemplo, casi el 40% de sus federados terminan el a\u00f1o sin haber pisado un campo de golf, aprovechando el golf virtual. Nosotros hicimos un Pro-Am y estamos trabajando con las escuelas indoor. Y para m\u00ed, estar presente en este avance, supone un primer gran paso.<\/p>\n<p class=\"\"><b>-D\u00edgame por favor, \u00bfc\u00f3mo llevan la igualdad de g\u00e9nero en el golf?<\/b><\/p>\n<p class=\"\">-(Risas). Yo me siento c\u00f3moda, pero es cierto que hay un d\u00e9ficit de presencia de mujeres en puestos de alta responsabilidad. No s\u00f3lo en el golf, sino en el mundo del deporte en general. Seguro que es por una combinaci\u00f3n de factores culturales, hist\u00f3ricos o estructurales, pero hay pocas mujeres, s\u00ed\u2026<\/p>\n<p class=\"\"><b>-Entiendo.<\/b><\/p>\n<p class=\"\">-El golf no deja de ser un reflejo de la sociedad. Y si ya es dif\u00edcil la conciliaci\u00f3n laboral y familiar, imagine si metemos en la ecuaci\u00f3n un puesto de dirigente en una Federaci\u00f3n, que es una actividad altruista. Soy la \u00fanica mujer al frente de una territorial. Pero bueno, yo digo que he sido estupendamente aceptada por las otras federaciones, los clubes y en general por todos los actores del golf. No he sentido ning\u00fan tipo de rechazo.<\/p>\n<p class=\"\"><b>-\u00bfBusca la paridad en su Federaci\u00f3n?<\/b><\/p>\n<p class=\"\">-Bueno, una de mis tres vicepresidentes es mujer. Y en la junta hay m\u00e1s presencia femenina actualmente.<\/p>\n<p class=\"\"><b>-\u00bfEn qu\u00e9 momento est\u00e1 el golf madrile\u00f1o?<\/b><\/p>\n<p class=\"\">-Hay un \u00e9xito rotundo con este crecimiento exponencial de los federados del que le hablo. No ha parado de crecer desde la pandemia, cuando hubo un gran baj\u00f3n.<\/p>\n<p class=\"\"><b>-\u00bfD\u00f3nde se apoya este crecimiento?<\/b><\/p>\n<p class=\"\">-Es vital acercar el golf al mayor n\u00famero de gente posible, exponer la realidad de que ya no es un deporte practicado s\u00f3lo por \u00e9lites. El programa que tenemos de Golf en los Colegios, al que destinamos muchos recursos desde hace a\u00f1os, es vital. Esos ni\u00f1os son nuestros futuros federados. Y detr\u00e1s de esos ni\u00f1os hay unas familias, unos padres y unos hermanos a los que tambi\u00e9n damos a conocer el golf. Han pasado m\u00e1s de 60.000 ni\u00f1os por este programa desde que se cre\u00f3, y este a\u00f1o llegamos a 20 colegios m\u00e1s, en total son 210. El golf es divertido, saludable y se puede practicar a cualquier edad.<\/p>\n<p><img decoding=\"async\" src=\"https:\/\/www.europesays.com\/es\/wp-content\/uploads\/2025\/09\/OY7Z57OJJRFWHMDKLXKEUOV73M.JPG\" alt=\"Bego\u00f1a Zamorano: \u201cMe gustar\u00eda llegar a los 100.000 federados antes de terminar mi mandato\u201d\" height=\"5464\" width=\"8192\"   loading=\"lazy\"\/>12\/9\/25  Entrevista a Bego\u00f1a Zamorano , presidenta de la real federaci\u00f3n madrile\u00f1a de golf  INMA FLORES<\/p>\n<p class=\"\"><b>-\u00bfHay argumentos s\u00f3lidos para defender que el golf no es un deporte de \u00e9lites?<\/b><\/p>\n<p class=\"\">-Es un mito que hay que desterrar. El crecimiento de licencias en Madrid es el mejor argumento. Es uno de los deportes que m\u00e1s socializa entre los jugadores, que se puede practicar sin tener una condici\u00f3n f\u00edsica extraordinaria y que est\u00e1, hoy en d\u00eda, al alcance de cualquier econom\u00eda\u2026<\/p>\n<p class=\"\"><b>-\u00bfLo cree?<\/b><\/p>\n<p class=\"\">-Aqu\u00ed tenemos el Centro de Tecnificaci\u00f3n donde hay 9 hoyos que se pueden jugar por 15 euros. Tenemos la escuela de golf m\u00e1s grande de Europa. Tambi\u00e9n una escuela de golf adaptado. En Madrid hay campos municipales\u2026<\/p>\n<p class=\"\"><b>-\u00bfNo cree que en Madrid faltan campos?<\/b><\/p>\n<p class=\"\">-De lunes a viernes no, los s\u00e1bados a las nueve de la ma\u00f1ana empiezan a escasear y los domingos a las cuatro de la tarde empiezan otra vez a proliferar. (Risas) Yo sinceramente creo que hay campos suficientes\u2026<\/p>\n<p class=\"\"><b>-\u00bfY para las econom\u00edas medias, los hay?<\/b><\/p>\n<p class=\"\">-S\u00ed los hay, s\u00ed\u2026 En Madrid hay una heterogeneidad muy grande de recorridos. Hay campos municipales, campos comerciales y clubs de muy diferentes \u00edndoles. Evidentemente los hay m\u00e1s restringidos para seg\u00fan qu\u00e9 econom\u00edas. Pero esto es un poco como el coche: todo el mundo tenemos m\u00e1s o menos acceso a tener veh\u00edculo, pero hay algunos que van en un Ferrari. Con el golf ocurre igual. Jugar en Madrid, cr\u00e9ame, est\u00e1 al alcance de cualquiera. En la Comunidad tenemos la mayor concentraci\u00f3n de Europa de campos en un radio de 30 kil\u00f3metros. Y Madrid es la capital con m\u00e1s concentraci\u00f3n en un radio de 10 kil\u00f3metros.<\/p>\n<p class=\"\"><b>-\u00bfY extrapolar aqu\u00ed el modelo que hay en EE UU o Gran Breta\u00f1a es posible?<\/b><\/p>\n<p class=\"\">-Es un objetivo, por qu\u00e9 no, pero es que all\u00ed lo tienen integrado en la sociedad desde hace mucho tiempo. De siempre. Y aqu\u00ed, de momento, lo estamos peleando, queremos que se vea como un deporte m\u00e1s, que se lleve a los colegios, a las universidades\u2026<\/p>\n<p class=\"\"><b>-\u00bfC\u00f3mo se relaciona el golf de Madrid con la econom\u00eda y el turismo de la Comunidad?<\/b><\/p>\n<p class=\"\">-No es algo que llevemos nosotros directamente, pero colaboramos con la Asociaci\u00f3n de Campos de Golf, que es la que se dedica a promocionar el turismo de golf. La combinaci\u00f3n de oferta de golf y recursos gastron\u00f3micos y culturales en Madrid es muy atractiva.<\/p>\n<p class=\"\"><b>-\u00bfC\u00f3mo competir, por ejemplo, con la Costa del Sol?<\/b><\/p>\n<p class=\"\">-Ofrecemos otro tipo de atractivo y servicios. No tenemos playas y una climatolog\u00eda tan buena, pero s\u00ed otras muchas cosas. La mejor gastronom\u00eda, opciones culturales, poder alternar golf y negocios\u2026<\/p>\n<p class=\"\"><b>-\u00bfSe est\u00e1n cumpliendo tambi\u00e9n objetivos en el \u00e1mbito del deporte de \u00e9lite?<\/b><\/p>\n<p class=\"\">-Estamos tocando cielo. Sobre todo, en el golf femenino. Paula Mart\u00edn gan\u00f3 el British Open de golf amateur. Y ella y Andrea Revuelta est\u00e1n liderando el Ranking Europeo Amateur. Y entre los profesionales Eugenio L\u00f3pez Chacarra, Marta Mart\u00edn, Alex del Rey, y otros muchos\u2026 son grandes referentes.<\/p>\n<p class=\"\"><b>-\u00bfC\u00f3mo trabajan con el deporte de elite?<\/b><\/p>\n<p class=\"\">-Tenemos el CETEMA, que es nuestro centro de tecnificaci\u00f3n en el que hacemos que las promesas puedan compatibilizar los estudios con la alta competici\u00f3n. No es f\u00e1cil que en los colegios al uso les den facilidades para afrontar, a veces, el calendario de competiciones.<\/p>\n<p class=\"\"><b>-\u00bfY para tener resultados no afecta a la madrile\u00f1a la coincidencia geogr\u00e1fica con la Federaci\u00f3n Espa\u00f1ola?<\/b><\/p>\n<p class=\"\">-No hay competencia. Juntos, somos m\u00e1s. Hemos de trabajar conjuntamente, buscar sinergias y optimizar los recursos que tenemos ambos. Todo, por el bien del golf a nivel amateur y a nivel profesional.<\/p>\n<p class=\"\"><b>-Pero otras territoriales no compiten por captar talento\u2026<\/b><\/p>\n<p class=\"\">-Compartimos \u00e1mbitos, pero m\u00e1s que competir, sumamos esfuerzos.<\/p>\n<p class=\"\"><b>-\u00bfSigue pensando que los ciclos de presidencia no deben superar los ocho a\u00f1os?<\/b><\/p>\n<p class=\"\">-A\u00fan no hemos hecho nada estatutariamente al respeto, pero sigo pensando lo mismo, s\u00ed. No hay que perpetuarse en el cargo, sino facilitar el pasar el testigo para que en la sucesi\u00f3n contin\u00fae la ilusi\u00f3n, energ\u00eda, compromiso y responsabilidad con la que, por ejemplo, he entrado yo. \u00a1Carreras de relevos para que no llegue un punto en el que te hayas desfondado! En cualquier caso, s\u00f3lo llevo un a\u00f1o aqu\u00ed (risas).<\/p>\n<p><img decoding=\"async\" src=\"https:\/\/www.europesays.com\/es\/wp-content\/uploads\/2025\/09\/BN4BDB26BBDYVCDMESNTM6LWQQ.JPG\" alt=\"Bego\u00f1a Zamorano: \u201cMe gustar\u00eda llegar a los 100.000 federados antes de terminar mi mandato\u201d\" height=\"4930\" width=\"7183\"   loading=\"lazy\"\/>12\/9\/25  Entrevista a Bego\u00f1a Zamorano , presidenta de la real federaci\u00f3n madrile\u00f1a de golf  INMA FLORES<\/p>\n<p class=\"\"><b>-\u00bfY qu\u00e9 objetivos se marca para el resto de su mandato?<\/b><\/p>\n<p class=\"\">-Me gustar\u00eda llegar a los 100.000 federados antes de terminar mi mandato. Me gustar\u00eda dejar una Federaci\u00f3n que sea referente en la formaci\u00f3n a nivel de profesionales y t\u00e9cnicos, m\u00e1s all\u00e1 de los deportistas, que tambi\u00e9n. Y que nos convirtamos en una unidad de servicio para todos los federados. A veces pienso que el federado no sabe bien cu\u00e1l es nuestra misi\u00f3n. <\/p>\n<p class=\"\"><b>-\u00bfY cu\u00e1l es?<\/b><\/p>\n<p>Noticias relacionadas<\/p>\n<p class=\"\">-Para m\u00ed la Federaci\u00f3n sirve, aparte de para promocionar el golf, que est\u00e1 en nuestros estatutos, para que el golf sea una escuela de valores. Y me gustar\u00eda que fu\u00e9ramos una unidad de servicio, que los federados entiendan para qu\u00e9 pagan esa cuota a principio de a\u00f1o. No es s\u00f3lo para crecer en competiciones, que ya lo hacemos, sino tambi\u00e9n para cuidar el deporte que aman.<\/p>\n<p class=\"\"><b>\u00a1Tus opiniones importan!<\/b> Comenta en los art\u00edculos y suscr\u00edbete gratis a nuestra <a href=\"https:\/\/asfan.as.com\/newsletters\/\" target=\"_blank\" rel=\"nofollow noopener\" title=\"https:\/\/asfan.as.com\/newsletters\/\">newsletter<\/a> y a las alertas informativas en la <a href=\"https:\/\/as.com\/aplicacion-de-as-n\/\" target=\"_blank\" rel=\"nofollow noopener\" title=\"https:\/\/as.com\/aplicacion-de-as-n\/\">App<\/a> o el canal de <a href=\"https:\/\/www.whatsapp.com\/channel\/0029VaAasdA7j6g745nz9M10\" target=\"_blank\" rel=\"nofollow noopener\" title=\"https:\/\/www.whatsapp.com\/channel\/0029VaAasdA7j6g745nz9M10\">WhatsApp<\/a>. \u00bfBuscas licenciar contenido? Haz clic <a href=\"https:\/\/profesional.elpais.com\/soluciones-sindicacion?utm_medium=interno&amp;utm_source=crosslinking&amp;utm_campaign=sindicacion_as_pie_articulos\" target=\"_blank\" rel=\"nofollow noopener\" title=\"https:\/\/profesional.elpais.com\/soluciones-sindicacion?utm_medium=interno&amp;utm_source=crosslinking&amp;utm_campaign=sindicacion_as_pie_articulos\">aqu\u00ed<\/a><\/p>\n","protected":false},"excerpt":{"rendered":"-Un a\u00f1o en el cargo\u2026 \u00bfSe pasa r\u00e1pido? -Volando. Entr\u00e9 con mucha ilusi\u00f3n y con la responsabilidad que&hellip;\n","protected":false},"author":2,"featured_media":146967,"comment_status":"","ping_status":"","sticky":false,"template":"","format":"standard","meta":{"footnotes":""},"categories":[275],"tags":[168,25,24,329,23,167],"class_list":{"0":"post-146966","1":"post","2":"type-post","3":"status-publish","4":"format-standard","5":"has-post-thumbnail","7":"category-golf","8":"tag-deportes","9":"tag-es","10":"tag-espana","11":"tag-golf","12":"tag-spain","13":"tag-sports"},"share_on_mastodon":{"url":"","error":""},"_links":{"self":[{"href":"https:\/\/www.europesays.com\/es\/wp-json\/wp\/v2\/posts\/146966","targetHints":{"allow":["GET"]}}],"collection":[{"href":"https:\/\/www.europesays.com\/es\/wp-json\/wp\/v2\/posts"}],"about":[{"href":"https:\/\/www.europesays.com\/es\/wp-json\/wp\/v2\/types\/post"}],"author":[{"embeddable":true,"href":"https:\/\/www.europesays.com\/es\/wp-json\/wp\/v2\/users\/2"}],"replies":[{"embeddable":true,"href":"https:\/\/www.europesays.com\/es\/wp-json\/wp\/v2\/comments?post=146966"}],"version-history":[{"count":0,"href":"https:\/\/www.europesays.com\/es\/wp-json\/wp\/v2\/posts\/146966\/revisions"}],"wp:featuredmedia":[{"embeddable":true,"href":"https:\/\/www.europesays.com\/es\/wp-json\/wp\/v2\/media\/146967"}],"wp:attachment":[{"href":"https:\/\/www.europesays.com\/es\/wp-json\/wp\/v2\/media?parent=146966"}],"wp:term":[{"taxonomy":"category","embeddable":true,"href":"https:\/\/www.europesays.com\/es\/wp-json\/wp\/v2\/categories?post=146966"},{"taxonomy":"post_tag","embeddable":true,"href":"https:\/\/www.europesays.com\/es\/wp-json\/wp\/v2\/tags?post=146966"}],"curies":[{"name":"wp","href":"https:\/\/api.w.org\/{rel}","templated":true}]}}