{"id":146974,"date":"2025-09-29T17:53:08","date_gmt":"2025-09-29T17:53:08","guid":{"rendered":"https:\/\/www.europesays.com\/es\/146974\/"},"modified":"2025-09-29T17:53:08","modified_gmt":"2025-09-29T17:53:08","slug":"el-maccabi-y-el-hapoel-jugaran-salvo-que-el-coi-decida-otra-cosa","status":"publish","type":"post","link":"https:\/\/www.europesays.com\/es\/146974\/","title":{"rendered":"El Maccabi y el Hapoel jugar\u00e1n&#8230; salvo que el COI decida otra cosa"},"content":{"rendered":"<p data-mrf-recirculation=\"Links P\u00e1rrafos\" class=\"ue-c-article__paragraph paragraph ue-c-article--first-letter-highlighted\">en la v\u00edspera del estreno de la <strong>Euroliga<\/strong>, el CEO de la competici\u00f3n, <strong>Paulius Motiejunas<\/strong>, compareci\u00f3 ante los medios de comunicaci\u00f3n en <strong>Emiratos \u00c1rabes<\/strong>, donde se encontraba para dar la bienvenida al torneo al <strong>Dubai Basketball<\/strong>, que se estrena este martes ante el <strong>Partizan<\/strong> en la primera jornada.<\/p>\n<p data-mrf-recirculation=\"Links P\u00e1rrafos\" class=\"ue-c-article__paragraph paragraph\"><strong>Motiejunas <\/strong>abord\u00f3 la problem\u00e1tica que sacude al deporte con los equipos de Israel y su guerra contra Gaza y que no puede eludir la Euroliga, con <strong>dos equipos israel\u00edes en su competici\u00f3n: el Maccabi y el Hapoel Tel-Aviv.<\/strong> \u00abEl baloncesto sirve como un puente para unir a las personas, no para dividirlas. En consecuencia, <strong>nuestra responsabilidad es actuar independientemente de los conflictos geopol\u00edticos\u00bb<\/strong>, dijo<\/p>\n<blockquote class=\"ue-c-article__blockquote\">\n<p>Nuestra responsabilidad es actuar independientemente de los conflictos geopol\u00edticos<\/p>\n<p>Paulius Motiejunas (CEO de la Euroliga)<\/p><\/blockquote>\n<p data-mrf-recirculation=\"Links P\u00e1rrafos\" class=\"ue-c-article__paragraph paragraph\">\u00abLa absoluta prioridad de la Euroliga es <strong>garantizar la seguridad de todos los involucrados en la organizaci\u00f3n de sus partidos<\/strong>. Un claro ejemplo de ello ha sido la <strong>reubicaci\u00f3n en terreno neutral de los partidos en casa de los equipos israel\u00edes<\/strong>, as\u00ed como de los encuentros entre clubes israel\u00edes y turcos\u00bb. De hecho, el <strong>Maccabi <\/strong>jugar\u00e1 sus partidos como local en <strong>Belgrado<\/strong> (Serbia), mientras que el <strong>Hapoel<\/strong> lo har\u00e1 en <strong>Sof\u00eda<\/strong> (Bulgaria).<\/p>\n<p><img decoding=\"async\" width=\"1024\" height=\"673\" class=\"ue-c-article__image lazyload\" alt=\"Paulius Motiejunas, CEO de la Euroliga, y Eisa Sharif Al Marzooqi, Director de Deportes de Dubai.\" loading=\"lazy\" src=\"https:\/\/www.europesays.com\/es\/wp-content\/uploads\/2025\/09\/68daa87aad317.jpeg\"\/><\/p>\n<p>Paulius Motiejunas, CEO de la Euroliga, y Eisa Sharif Al Marzooqi, Director de Deportes de Dubai.EFE<\/p>\n<p data-mrf-recirculation=\"Links P\u00e1rrafos\" class=\"ue-c-article__paragraph paragraph\">\u00abLa <strong>Euroliga<\/strong> no establece comparaciones ni valoraciones respecto a la magnitud o gravedad de los<strong> distintos conflictos<\/strong> que tienen lugar actualmente\u00bb, explic\u00f3 el CEO de la Euroliga. \u00ab<strong>Cualquier situaci\u00f3n que provoque la lamentable p\u00e9rdida de vidas civiles<\/strong> es condenada por la organizaci\u00f3n\u00bb.<\/p>\n<blockquote class=\"ue-c-article__blockquote\">\n<p>La Euroliga no establece comparaciones ni valoraciones respecto a la magnitud o gravedad de los distintos conflictos. Condenamos cualquier situaci\u00f3n que provoque la lamentable p\u00e9rdida de vidas civiles<\/p>\n<p>Paulius Motiejunas (CEO de la Euroliga)<\/p><\/blockquote>\n<p data-mrf-recirculation=\"Links P\u00e1rrafos\" class=\"ue-c-article__paragraph paragraph\">Y justific\u00f3 el concurso de esos dos equipos en la Euroliga ampar\u00e1ndose en las leyes internacionales:<strong> \u00abA d\u00eda de hoy, no existe ninguna sanci\u00f3n ni restricci\u00f3n impuesta por autoridades nacionales o internacionales<\/strong> que impida la participaci\u00f3n de equipos israel\u00edes en competiciones deportivas internacionales\u00bb.<\/p>\n<p>Garantizar la seguridad de los implicados<\/p>\n<p data-mrf-recirculation=\"Links P\u00e1rrafos\" class=\"ue-c-article__paragraph paragraph\">Pero tampoco quiere la <strong>Euroliga<\/strong> vivir al margen del resto de la sociedad y de las decisiones que las autoridades internacionales que se adopten al respecto: \u00abComo lo ha hecho en el pasado, la\u00a0<strong>Euroliga tomar\u00e1 de manera proactiva todas las medidas necesarias para garantizar la seguridad de todos los involucrados en sus eventos <\/strong>y seguir\u00e1 cualquier decisi\u00f3n pol\u00edtica que se imponga tanto a nivel nacional como internacional, en caso de que se produzca\u00bb.\u00a0<\/p>\n<blockquote class=\"ue-c-article__blockquote\">\n<p>La Euroliga seguir\u00e1 cualquier decisi\u00f3n pol\u00edtica que se imponga tanto a nivel nacional como internacional, en caso de que se produzca<\/p>\n<p>Paulius Motiejunas (CEO de la Euroliga)<\/p><\/blockquote>\n<p data-mrf-recirculation=\"Links P\u00e1rrafos\" class=\"ue-c-article__paragraph paragraph\">Sobre todo dej\u00f3 claro que e<strong>star\u00e1n pendientes de cualquier decisi\u00f3n del COI<\/strong>. Y dijo que si la UEFA toma alguna decisi\u00f3n al respecto esta semana, ellos hablar\u00e1n con los clubes para conocer cu\u00e1l es su predisposici\u00f3n.<\/p>\n<p data-mrf-recirculation=\"Links P\u00e1rrafos\" class=\"ue-c-article__paragraph paragraph\">Y habl\u00f3 Motiejunas de la comparaci\u00f3n con la situaci\u00f3n de los equipos rusos, que s\u00ed est\u00e1n excluidos: <strong>\u00abLa suspensi\u00f3n de los equipos rusos de las competiciones de la Euroliga, a causa del conflicto en Ucrania, se debe exclusivamente a las sanciones y restricciones impuestas por autoridades nacionales e internacionales<\/strong>, que hacen imposible disputar partidos de la Euroliga en Rusia y en otros pa\u00edses donde se celebra la competici\u00f3n\u00bb.<\/p>\n","protected":false},"excerpt":{"rendered":"en la v\u00edspera del estreno de la Euroliga, el CEO de la competici\u00f3n, Paulius Motiejunas, compareci\u00f3 ante los&hellip;\n","protected":false},"author":2,"featured_media":146975,"comment_status":"","ping_status":"","sticky":false,"template":"","format":"standard","meta":{"footnotes":""},"categories":[269],"tags":[299,298,168,25,24,23,167],"class_list":{"0":"post-146974","1":"post","2":"type-post","3":"status-publish","4":"format-standard","5":"has-post-thumbnail","7":"category-baloncesto","8":"tag-baloncesto","9":"tag-basketball","10":"tag-deportes","11":"tag-es","12":"tag-espana","13":"tag-spain","14":"tag-sports"},"share_on_mastodon":{"url":"","error":""},"_links":{"self":[{"href":"https:\/\/www.europesays.com\/es\/wp-json\/wp\/v2\/posts\/146974","targetHints":{"allow":["GET"]}}],"collection":[{"href":"https:\/\/www.europesays.com\/es\/wp-json\/wp\/v2\/posts"}],"about":[{"href":"https:\/\/www.europesays.com\/es\/wp-json\/wp\/v2\/types\/post"}],"author":[{"embeddable":true,"href":"https:\/\/www.europesays.com\/es\/wp-json\/wp\/v2\/users\/2"}],"replies":[{"embeddable":true,"href":"https:\/\/www.europesays.com\/es\/wp-json\/wp\/v2\/comments?post=146974"}],"version-history":[{"count":0,"href":"https:\/\/www.europesays.com\/es\/wp-json\/wp\/v2\/posts\/146974\/revisions"}],"wp:featuredmedia":[{"embeddable":true,"href":"https:\/\/www.europesays.com\/es\/wp-json\/wp\/v2\/media\/146975"}],"wp:attachment":[{"href":"https:\/\/www.europesays.com\/es\/wp-json\/wp\/v2\/media?parent=146974"}],"wp:term":[{"taxonomy":"category","embeddable":true,"href":"https:\/\/www.europesays.com\/es\/wp-json\/wp\/v2\/categories?post=146974"},{"taxonomy":"post_tag","embeddable":true,"href":"https:\/\/www.europesays.com\/es\/wp-json\/wp\/v2\/tags?post=146974"}],"curies":[{"name":"wp","href":"https:\/\/api.w.org\/{rel}","templated":true}]}}