{"id":146976,"date":"2025-09-29T17:54:11","date_gmt":"2025-09-29T17:54:11","guid":{"rendered":"https:\/\/www.europesays.com\/es\/146976\/"},"modified":"2025-09-29T17:54:11","modified_gmt":"2025-09-29T17:54:11","slug":"christian-joel-sera-operado-y-estara-de-baja-en-el-sporting-hasta-finales-del-2025-la-voz-de-asturias","status":"publish","type":"post","link":"https:\/\/www.europesays.com\/es\/146976\/","title":{"rendered":"Christian Joel ser\u00e1 operado y estar\u00e1 de baja en el Sporting hasta finales del 2025 &#8211; La Voz de Asturias"},"content":{"rendered":"<ol>\n<li><a href=\"https:\/\/news.google.com\/rss\/articles\/CBMi5AFBVV95cUxOX3lMTDFBLWFEb19UM3AxNjdId1BrLV9BNWJaNTRpclMzY2lWSm14eUVSYWpZbEJEaE9HTjdTZlJIYUhyYU5YM0xQcmhITENJVmoyX1ZpdGhpbUEzaDhOR3pDYWFNRVNMUDJmbmt6akpKdVRvakpMcXlfRkZhZThyZVk0dVE0R3F1QmViOUM5SHJ1M0NiNHRtX0o2bmUwWHlKMG4zVi1IRkZnWXJINEVoWEVYbXNJdnp0OXdVNWxEYk5qUFA5cHd0ODd3cjYxVG40T052WFBfQm13SXZMX1BPYXlBeGrSAYACQVVfeXFMT0s1Yk95N0l3S0U4cWJRaTZjclJxNVp1cFJ2YThpRFV6YTNLb1pUUTdGSVNvREVIclBfemIxM2htTjllQVJWWVp6WFZVcEJ0YVRFNzNUb2Y3TWhQWEl5ZlVTWjg5dTl0OFRkNlh2R1Nlai1La0E1bVNneHAxU3ZsU3piR3RKbDFkbmVTa0xSV1AtVXBnVUpCNmY3NDRBQXBScERqT3g3LXRXWlhXNnozUmdFSGU0eUo1eS1JZW5kTWh1Zlp2RWoyaHRoMFo3RFJmZm5DZk5fNzF3X1M5bXd0T1ozSnhHcWxCZGQyMkJJRjQ4N0ExTTVRT0ZKX0tDMzJMMg?oc=5\" target=\"_blank\" rel=\"nofollow noopener\">Christian Joel ser\u00e1 operado y estar\u00e1 de baja en el Sporting hasta finales del 2025<\/a>&nbsp;&nbsp;La Voz de Asturias<\/li>\n<li><a href=\"https:\/\/news.google.com\/rss\/articles\/CBMifEFVX3lxTFBleDhfZ2JxUUtyTEItbGc5eUFKbFdyYUxrSkxsUGE4bEdUQURwblBqWkJNMmw1OW4tLVhlSHdZRkN3cldjWHotcTVSVHV0U2FRdklrdHd3UzNzd3ZrTGNMbTRzdDhyX3JoSTJ5M0pEN0RVZjF5cFREeDg4OTU?oc=5\" target=\"_blank\" rel=\"nofollow noopener\">Parte m\u00e9dico: Christian Joel<\/a>&nbsp;&nbsp;Real Sporting<\/li>\n<li><a href=\"https:\/\/news.google.com\/rss\/articles\/CBMilgFBVV95cUxOeWlhUjFhd0pjbXdINnMzaTBvQUZOREtPT2tzX19GLWxQYndUcmNpOEdwMVhRVGpXZGtfV2FtZk9UbHVGLUpDSTFvczV4eE5jd2xObHM3Rno5UVg5Nk1KNkd5LU1ObERNc1NOM3FSTkJhU1A0LXVVbXFrMTY1R2JEbU8zWGZYbE9rQklMZFY4T2lOdTNNVGfSAaoBQVVfeXFMTlhfcW5lV0pvZVJvU193bnhPY2NwakNvX1pjT0lfV1BnYWJDYUZUeXlOUUgyZE5ZZ3pxVDI3NXZ1RE5neVJ4RU1nVkJvY3l1dlRLdnhxcDVZUHBrV3YzLUZNWTYxUUJibllhaGFzdjQ2M0VOYmNBUkhRYlNMWktfUFo5Z0ZrdkJOdmFqTVJwYmlaMTZvcjRnc0xZLXROLUh5TUVNcllOSmRYYlE?oc=5\" target=\"_blank\" rel=\"nofollow noopener\">Un problema renal obliga a Christian Joel a pasar por el quir\u00f3fano<\/a>&nbsp;&nbsp;Diario AS<\/li>\n<li><a href=\"https:\/\/news.google.com\/rss\/articles\/CBMitwFBVV95cUxPSkNQdXhmNjRDVDJidVA0RzBKMFFfU0tVb193Qi1sRnFhQjd3Snhtd3hqSDNlcHE1dThyaWZVOHBEMEd4QXBLS0ppMWdnbVlDUDFKODUtdDBVQlJDbFFEaXJ0S2RRLVJpdVJQazRJM0NpdVp5WmpXdFVlNHJkWVRvZ3JHS01XdkF3eTQxYm1UV0ZEa1NYTWhGVDRGOHM2STdNOTFXNnZwTm90YVlCZFlNTEtQZzF3ZTQ?oc=5\" target=\"_blank\" rel=\"nofollow noopener\">Sporting | Christian Joel ser\u00e1 intervenido el mi\u00e9rcoles de una lesi\u00f3n renal<\/a>&nbsp;&nbsp;El Comercio<\/li>\n<li><a href=\"https:\/\/news.google.com\/rss\/articles\/CBMi7AFBVV95cUxOa241NEs1QmhMTER5eWwzZFVGaGt6ei0yTW1ELUltQVdVdVZYX2JSNFpSWWlZdF9GeTZJb1JQZ1I2NGRWMG44Y3NUcVRVbVVGX3ZZVUVoTG1xb0xSSF9nZ0VNcXgzRUhLS01Ha2VHYlVtMzc3WEpwUmd0MmxUTjM0dUtiU005bFRvUlBUdHI1Ukl5UnB2b01odjZPeEgxRExuelZIYXN3TXpLTElqU0RVM2lBOTlkQ0tTemZRemJXQkgwS2xScDRkcGwyWDFJeURBcU1hY0JQRXVpQWhCbV9JY2FwOEhsRXp4NWlPMNIB8gFBVV95cUxOdWxBci1TRUxtNkU2ZGlKdzVmdllPV3Y2QjY1bXdGN1NFeUM4Y3RTTHgtRHMyWEt0a29YZmI5RS14MWJuV3VoWmZLakN0b05oWnY4NUNYY3hTeUJyUlFQZUhxOGhXeXlNY1I5czRSU05NNURjTzBHWDBGQjRpV0NqTjkzNm5MdUJNejNKTWtXTjZiRnJJeFdiYVc2TEhxQlNfampYTWNraHF5S3Q0VGQ2dDNDdGI2bjZibV83SmxHNTVydW9YanMxQXRKRVI3S1dTVEc2d3hyTmpZN0tmb3JkdFFTd0RlbXlTbnRfazJoLUhodw?oc=5\" target=\"_blank\" rel=\"nofollow noopener\">Christian Joel ser\u00e1 operado de una lesi\u00f3n renal y ser\u00e1 baja en el Sporting durante un mes<\/a>&nbsp;&nbsp;rtpa.es<\/li>\n<\/ol>\n","protected":false},"excerpt":{"rendered":"Christian Joel ser\u00e1 operado y estar\u00e1 de baja en el Sporting hasta finales del 2025&nbsp;&nbsp;La Voz de Asturias&hellip;\n","protected":false},"author":2,"featured_media":146977,"comment_status":"","ping_status":"","sticky":false,"template":"","format":"standard","meta":{"footnotes":""},"categories":[268],"tags":[168,25,24,280,282,281,23,4783,167],"class_list":{"0":"post-146976","1":"post","2":"type-post","3":"status-publish","4":"format-standard","5":"has-post-thumbnail","7":"category-futbol","8":"tag-deportes","9":"tag-es","10":"tag-espana","11":"tag-football","12":"tag-futbol","13":"tag-soccer","14":"tag-spain","15":"tag-sporting-de-gijon","16":"tag-sports"},"share_on_mastodon":{"url":"","error":""},"_links":{"self":[{"href":"https:\/\/www.europesays.com\/es\/wp-json\/wp\/v2\/posts\/146976","targetHints":{"allow":["GET"]}}],"collection":[{"href":"https:\/\/www.europesays.com\/es\/wp-json\/wp\/v2\/posts"}],"about":[{"href":"https:\/\/www.europesays.com\/es\/wp-json\/wp\/v2\/types\/post"}],"author":[{"embeddable":true,"href":"https:\/\/www.europesays.com\/es\/wp-json\/wp\/v2\/users\/2"}],"replies":[{"embeddable":true,"href":"https:\/\/www.europesays.com\/es\/wp-json\/wp\/v2\/comments?post=146976"}],"version-history":[{"count":0,"href":"https:\/\/www.europesays.com\/es\/wp-json\/wp\/v2\/posts\/146976\/revisions"}],"wp:featuredmedia":[{"embeddable":true,"href":"https:\/\/www.europesays.com\/es\/wp-json\/wp\/v2\/media\/146977"}],"wp:attachment":[{"href":"https:\/\/www.europesays.com\/es\/wp-json\/wp\/v2\/media?parent=146976"}],"wp:term":[{"taxonomy":"category","embeddable":true,"href":"https:\/\/www.europesays.com\/es\/wp-json\/wp\/v2\/categories?post=146976"},{"taxonomy":"post_tag","embeddable":true,"href":"https:\/\/www.europesays.com\/es\/wp-json\/wp\/v2\/tags?post=146976"}],"curies":[{"name":"wp","href":"https:\/\/api.w.org\/{rel}","templated":true}]}}