{"id":146978,"date":"2025-09-29T17:55:15","date_gmt":"2025-09-29T17:55:15","guid":{"rendered":"https:\/\/www.europesays.com\/es\/146978\/"},"modified":"2025-09-29T17:55:15","modified_gmt":"2025-09-29T17:55:15","slug":"los-detalles-y-looks-de-la-boda-de-julia-bolanos-y-jose-maria-ramirez-y-la-elegancia-de-manuela-villena-y-nieves-alvarez","status":"publish","type":"post","link":"https:\/\/www.europesays.com\/es\/146978\/","title":{"rendered":"Los detalles y looks de la boda de Julia Bola\u00f1os y Jos\u00e9 Mar\u00eda Ram\u00edrez y la elegancia de Manuela Villena y Nieves \u00c1lvarez"},"content":{"rendered":"<p>Este fin de semana se celebraron dos grandes bodas, la de <a href=\"https:\/\/www.vozpopuli.com\/dolcevita\/la-boda-de-lucia-entrecanales-hija-del-vicepresidente-de-acciona-y-laszlo-bene-reune-a-la-alta-sociedad.html\" rel=\"nofollow noopener\" target=\"_blank\">Luc\u00eda Entrecanales<\/a>, hija de Juan Ignacio Entrecanales, vicepresidente de Acciona, y el empresario, Laszlo Bene, que procede de familia aristocr\u00e1tica, que se casaron en Toledo; y <strong>la boda de Julia Bola\u00f1os, hija de Luis Bola\u00f1os, presidente de Iberhanse-NaturGreen, <\/strong>la mayor exportadora de c\u00edtricos de Andaluc\u00eda;\u00a0y Jos\u00e9 Mar\u00eda Ram\u00edrez-C\u00e1rdenas y Cabello de los Cobos que se celebr\u00f3 <strong>en la iglesia de Santa Mar\u00eda de Carmona, <\/strong>en Sevilla.\u00a0Tras la ceremonia religiosa, <strong>el banquete y la fiesta lo\u00a0celebraron en la finca familiar de Bola\u00f1os <\/strong>que se encuentra a las afueras de Sevilla.<\/p>\n<p>La boda reuni\u00f3 personas reconocidas del <strong>mundo de la pol\u00edtica, la moda y la empresa.<\/strong>\u00a0Entre los invitados a la boda hay que destacar a<strong> Manuela Villena, mujer de Juan Manuel Moreno Bonilla<\/strong>, presidente de de la Junta de Andaluc\u00eda; que acudi\u00f3 sin su marido; y la de <strong>la modelo Nieves \u00c1lvarez,<\/strong> que fue con su prometido, el empresario liban\u00e9s Bill Saad. Las dos fueron <strong>las invitadas m\u00e1s elegantes<\/strong> de este enlace sevillano.\u00a0<\/p>\n<p>La pareja siempre ha permanecido en un plano muy discreto.<strong> La novia, Julia Bola\u00f1os,\u00a0formada en gemolog\u00eda<\/strong> y con experiencia en firmas de<strong> alta joyer\u00eda como Su\u00e1rez y Roberto Coin, decidi\u00f3 alejarse hace a\u00f1os del negocio familiar<\/strong>\u00a0para seguir con su vocaci\u00f3n creativa. <strong>El novio, Jos\u00e9 Mar\u00eda Ram\u00edrez-C\u00e1rdenas y Cabello de los Cobos<\/strong>, es abogado, y trabaja en BDO desde 2023.\u00a0<\/p>\n<p><img decoding=\"async\" alt=\"Foto de Julia Bola\u00f1os y Jos\u00e9 Mar\u00eda Ram\u00edrez\" src=\"https:\/\/www.europesays.com\/es\/wp-content\/uploads\/2025\/09\/articulos-2369504.jpg\" style=\"width:20%\"\/><\/p>\n<p>Foto de Julia Bola\u00f1os y Jos\u00e9 Mar\u00eda Ram\u00edrez<\/p>\n<p>Los detalles de la boda de Julia Bola\u00f1os y Jos\u00e9 Mar\u00eda Ram\u00edrez\u00a0<\/p>\n<p>La novia, Julia Bola\u00f1os, se decant\u00f3 por <strong>un vestido del dise\u00f1ador Jorge V\u00e1zquez, <\/strong>que tambi\u00e9n se encontraba entre los invitados. Era <strong>un dise\u00f1o exclusivo\u00a0<\/strong>de estilo rrm\u00e1ntico, <strong>en crep\u00e9 de seda blanco con bordados florales<\/strong> a tono en la parte superior y en los laterales y que bajaban en degrad\u00e9.\u00a0 \u00a0<\/p>\n<p>El vestido de novia era de <strong>manga francesa, escote barco, <\/strong>dejando as\u00ed los hombros al descubierto, y <strong>ce\u00f1ido en la cintura con un faj\u00edn<\/strong>\u00a0de gasa crudo del que sal\u00eda la falda. La hija del presidente de Iberhanse-NaturGreen llev\u00f3 <strong>una larga\u00a0cola y un\u00a0velo cuajado<\/strong> de sutil encaje en tono beige, sujeto a un mo\u00f1o bajo. \u00a0<\/p>\n<p><img decoding=\"async\" alt=\"Los detalles del vestido de novia de Julia Bola\u00f1os\" src=\"https:\/\/www.europesays.com\/es\/wp-content\/uploads\/2025\/09\/articulos-2369505.jpg\" style=\"width:20%\"\/>\u00a0<\/p>\n<p>Los detalles del vestido de novia de Julia Bola\u00f1os<\/p>\n<p>Como complementos, Luc\u00eda Bola\u00f1os\u00a0luci\u00f3 <strong>una espectacular tiara repleta de brillantes y unos pendientes largos de diamantes<\/strong>\u00a0peque\u00f1os, rematados con una piedra de mayor tama\u00f1o. Adem\u00e1s, la novia se decant\u00f3 por unos zapatos color blanco roto de punta cuadrada y\u00a0<strong>un gran ramo en cascada de<\/strong>\u00a0<strong>nardos blancos. \u00a0<\/strong><\/p>\n<p><img decoding=\"async\" alt=\"Foto de la boda de Julia Bola\u00f1os y Jos\u00e9 Mar\u00eda Ram\u00edrez\u00a0\" src=\"https:\/\/www.europesays.com\/es\/wp-content\/uploads\/2025\/09\/articulos-2369502.jpg\" style=\"width:20%\"\/><\/p>\n<p>Foto de la boda de Julia Bola\u00f1os y Jos\u00e9 Mar\u00eda Ram\u00edrez<\/p>\n<p>La novia entr\u00f3 a la iglesia <strong>del brazo de su padre, Luis Bola\u00f1os,<\/strong> presidente de Iberhanse, que <strong>no pod\u00eda ocultar la alegr\u00eda y emoci\u00f3n <\/strong>que ten\u00eda por este d\u00eda tan especial y por acompa\u00f1ar a su hija hasta el altar. El\u00a0empresario andaluz eligi\u00f3 para la ocasi\u00f3n <strong>un chaqu\u00e9 cl\u00e1sico<\/strong> de raya diplom\u00e1tica \u00a0<\/p>\n<p><img decoding=\"async\" alt=\"Luis Bola\u00f1os en la boda de su hija Julia en Carmona\" src=\"https:\/\/www.europesays.com\/es\/wp-content\/uploads\/2025\/09\/articulos-2369501.jpg\" style=\"width:20%\"\/><\/p>\n<p>Luis Bola\u00f1os en la boda de su hija Julia en Carmona<\/p>\n<p>Manuela Villena y Nieves \u00c1lvarez, las invitadas m\u00e1s elegantes\u00a0<\/p>\n<p>Entre las invitadas m\u00e1s conocidas y elegantes, como coment\u00e1bamos, estaba <strong>la modelo Nieves \u00c1lvarez<\/strong>, que acudi\u00f3 con su pareja, el empresario liban\u00e9s Bill Saad, con el que<strong> se ha prometido tras cuatro a\u00f1os de relaci\u00f3n y habr\u00e1 boda en 2026<\/strong>, seg\u00fan confirm\u00f3 ella. \u00a0<\/p>\n<p><img decoding=\"async\" alt=\"La modelo Nieves \u00c1lvarez, con el empresario liban\u00e9s Bill Saad\" src=\"https:\/\/www.europesays.com\/es\/wp-content\/uploads\/2025\/09\/articulos-2369493.jpg\" style=\"width:20%\"\/><\/p>\n<p>La modelo Nieves \u00c1lvarez, con el empresario liban\u00e9s Bill Saad<\/p>\n<p>Nieves \u00c1lvarez acapar\u00f3 las miradas con su look, <strong>un vestido rosa chicle<\/strong> con vol\u00famenes firmado <strong>por Isabel Sanch\u00eds<\/strong> que combin\u00f3 con un <strong>bolso rosa empolvado de Bulgari,<\/strong> joyas de la misma firma, <strong>zapatos fucsia de Manolo Blahnik<\/strong> y\u00a0gafas de sol negras de gran tama\u00f1o.\u00a0<\/p>\n<p><img decoding=\"async\" alt=\"Nieves Alv\u00e1rez con un dise\u00f1o de Isabel Sanch\u00eds\" src=\"https:\/\/www.europesays.com\/es\/wp-content\/uploads\/2025\/09\/articulos-2369492.jpg\" style=\"width:20%\"\/><\/p>\n<p>Nieves Alv\u00e1rez con un dise\u00f1o de Isabel Sanch\u00eds\u00a0<\/p>\n<p>Tambi\u00e9n destac\u00f3 la presencia y <strong>elegancia de Manuela Villena<\/strong>, mujer del presidente de la Junta de Andaluc\u00eda, Juan Manuel Moreno Bonilla. Manuela eligi\u00f3 para la ocasi\u00f3n <strong>un vestido rojo confeccionado con blonda calada<\/strong> sobre un forro del mismo color, con escote asim\u00e9trico. Un dise\u00f1o<strong> de Nicol\u00e1s Montenegro.<\/strong> Un look que combin\u00f3 con un chal de seda color\u00a0buganvilla, que contrastaba con el traje, con clutch de pedrer\u00eda. \u00a0<\/p>\n<p><img decoding=\"async\" alt=\"Manuela Villena, una de las invitadas m\u00e1s elegantes\" src=\"https:\/\/www.europesays.com\/es\/wp-content\/uploads\/2025\/09\/articulos-2369494.jpg\" style=\"width:20%\"\/><\/p>\n<p>Manuela Villena, una de las invitadas m\u00e1s elegantes<\/p>\n<p>Tambi\u00e9n fue muy elegante la madrina y <strong>madre del novio, Mar\u00eda Antonia Cabello de los Cobos Mancha,<\/strong> que se decant\u00f3 por <strong>un vestido fluido de gasa de seda verde con bordados<\/strong> en cadera y pu\u00f1os en tonos buganvilla del dise\u00f1ador Jorge V\u00e1zquez. Un look que complet\u00f3 <strong>con mantilla negra<\/strong>\u00a0que llev\u00f3 sujeta con un llamativo broche.\u00a0<\/p>\n<p><img decoding=\"async\" alt=\"Jos\u00e9 Mar\u00eda Ram\u00edrez\u00a0C\u00e1rdenas y Cabello de los Cobos con su madre\" src=\"https:\/\/www.europesays.com\/es\/wp-content\/uploads\/2025\/09\/articulos-2369503.jpg\" style=\"width:20%\"\/><\/p>\n<p>Jos\u00e9 Mar\u00eda Ram\u00edrez\u00a0C\u00e1rdenas y Cabello de los Cobos con su madre<\/p>\n<p>Otros looks de las invitadas a la boda de Julia Bola\u00f1os<\/p>\n<p><img decoding=\"async\" alt=\"Manuela Villena y otros invitados en la boda de Julia Bola\u00f1os\" src=\"https:\/\/www.europesays.com\/es\/wp-content\/uploads\/2025\/09\/articulos-2369507.jpg\" style=\"width:20%\"\/><\/p>\n<p>Manuela Villena y otros invitados en la boda de Julia Bola\u00f1os<\/p>\n<p><img decoding=\"async\" alt=\"Los looks de las invitadas a la boda de Julia Bola\u00f1os\" src=\"https:\/\/www.europesays.com\/es\/wp-content\/uploads\/2025\/09\/articulos-2369491.jpg\" style=\"width:20%\"\/><\/p>\n<p>Los looks de las invitadas a la boda de Julia Bola\u00f1os<\/p>\n<p><img decoding=\"async\" alt=\"Foto de los invitados a la boda de Julia Bola\u00f1os\" src=\"https:\/\/www.europesays.com\/es\/wp-content\/uploads\/2025\/09\/articulos-2369490.jpg\" style=\"width:20%\"\/><\/p>\n<p>Foto de los invitados a la boda de Julia Bola\u00f1os<\/p>\n<p><img decoding=\"async\" alt=\"Looks de las invitadas a la boda de Julia Bola\u00f1os\" src=\"https:\/\/www.europesays.com\/es\/wp-content\/uploads\/2025\/09\/articulos-2369489.jpg\" style=\"width:20%\"\/><\/p>\n<p>Looks de las invitadas a la boda de Julia Bola\u00f1os\u00a0<\/p>\n<p><img decoding=\"async\" alt=\"M\u00e1s looks de invitados\" src=\"https:\/\/www.europesays.com\/es\/wp-content\/uploads\/2025\/09\/articulos-2369488.jpg\" style=\"width:20%\"\/><\/p>\n<p>M\u00e1s looks de invitados<\/p>\n<p><img decoding=\"async\" alt=\"Invitados a la boda de Julia Bola\u00f1os en Carmona\" src=\"https:\/\/www.europesays.com\/es\/wp-content\/uploads\/2025\/09\/articulos-2369487.jpg\" style=\"width:20%\"\/><\/p>\n<p>Invitados a la boda de Julia Bola\u00f1os en Carmona<\/p>\n","protected":false},"excerpt":{"rendered":"Este fin de semana se celebraron dos grandes bodas, la de Luc\u00eda Entrecanales, hija de Juan Ignacio Entrecanales,&hellip;\n","protected":false},"author":2,"featured_media":146979,"comment_status":"","ping_status":"","sticky":false,"template":"","format":"standard","meta":{"footnotes":""},"categories":[174],"tags":[255,146,147,25,24,256,23],"class_list":{"0":"post-146978","1":"post","2":"type-post","3":"status-publish","4":"format-standard","5":"has-post-thumbnail","7":"category-famosos","8":"tag-celebrities","9":"tag-entertainment","10":"tag-entretenimiento","11":"tag-es","12":"tag-espana","13":"tag-famosos","14":"tag-spain"},"share_on_mastodon":{"url":"","error":""},"_links":{"self":[{"href":"https:\/\/www.europesays.com\/es\/wp-json\/wp\/v2\/posts\/146978","targetHints":{"allow":["GET"]}}],"collection":[{"href":"https:\/\/www.europesays.com\/es\/wp-json\/wp\/v2\/posts"}],"about":[{"href":"https:\/\/www.europesays.com\/es\/wp-json\/wp\/v2\/types\/post"}],"author":[{"embeddable":true,"href":"https:\/\/www.europesays.com\/es\/wp-json\/wp\/v2\/users\/2"}],"replies":[{"embeddable":true,"href":"https:\/\/www.europesays.com\/es\/wp-json\/wp\/v2\/comments?post=146978"}],"version-history":[{"count":0,"href":"https:\/\/www.europesays.com\/es\/wp-json\/wp\/v2\/posts\/146978\/revisions"}],"wp:featuredmedia":[{"embeddable":true,"href":"https:\/\/www.europesays.com\/es\/wp-json\/wp\/v2\/media\/146979"}],"wp:attachment":[{"href":"https:\/\/www.europesays.com\/es\/wp-json\/wp\/v2\/media?parent=146978"}],"wp:term":[{"taxonomy":"category","embeddable":true,"href":"https:\/\/www.europesays.com\/es\/wp-json\/wp\/v2\/categories?post=146978"},{"taxonomy":"post_tag","embeddable":true,"href":"https:\/\/www.europesays.com\/es\/wp-json\/wp\/v2\/tags?post=146978"}],"curies":[{"name":"wp","href":"https:\/\/api.w.org\/{rel}","templated":true}]}}