{"id":146986,"date":"2025-09-29T18:01:16","date_gmt":"2025-09-29T18:01:16","guid":{"rendered":"https:\/\/www.europesays.com\/es\/146986\/"},"modified":"2025-09-29T18:01:16","modified_gmt":"2025-09-29T18:01:16","slug":"worldsbk-26","status":"publish","type":"post","link":"https:\/\/www.europesays.com\/es\/146986\/","title":{"rendered":"WorldSBK"},"content":{"rendered":"<p>&#13;<br \/>\n\tToprak Razgatlioglu (ROKiT BMW Motorrad WorldSBK Team) firm\u00f3 un s\u00f3lido fin de semana en el fort\u00edn de Ducati, MotorLand Arag\u00f3n. El vigente campe\u00f3n gan\u00f3 la Carrera 1, igualando su propio r\u00e9cord de 13 victorias consecutivas. Sin embargo, esa fue su \u00fanica victoria del Round Tissot de Arag\u00f3n. Su principal rival por el Campeonato del Mundo MOTUL FIM Superbike, Nicolo Bulega (Aruba.it Racing &#8211; Ducati), se llev\u00f3 los otros dos triunfos, reduciendo la ventaja de Toprak en el campeonato en solo tres puntos, de 39 a 36, con seis carreras a\u00fan por disputar.<\/p>\n<p>&#13;<br \/>\n\t<strong>LOS PEQUE\u00d1OS DETALLES LE COSTARON LA CARRERA 2: \u201cNo notaba el freno motor. He tenido que poner primera para poder parar la moto\u201d<\/strong><\/p>\n<p>&#13;<br \/>\n\tEl turco hizo balance de la Carrera 2: \u201cHemos empezado muy fuerte, luchando de inmediato con Nicolo, y lo he disfrutado mucho. Pero he cometido un error en la curva 7. He intentado reducir marchas, pero no notaba el freno motor. He notado que la parte trasera empujaba demasiado, as\u00ed que he tenido que poner primera para poder parar la moto. Solo ha sido un error, pero si hubiera tenido que seguir peleando con Nicolo, habr\u00edamos tenido muy pocas opciones de ganar, porque Ducati tiene mucha ventaja en la \u00faltima curva. He hecho todo lo que he podido. No ten\u00eda otras opciones en la \u00faltima curva, solo puedo hacer esa trazada. He intentado cubrir m\u00e1s el interior, pero no ha sido suficiente porque la Ducati funciona a un nivel alt\u00edsimo en Arag\u00f3n. He hecho lo que he podido este fin de semana, y estoy motivado porque gan\u00e9 la Carrera 1 y por fin he logrado mi victoria en Arag\u00f3n\u201d.<\/p>\n<p>&#13;<br \/>\n\t<strong>PENSANDO YA EN PORTUGAL: \u201cNo estoy 100% encantado con el fin de semana, pero estoy contento\u201d<\/strong><\/p>\n<p>&#13;<br \/>\n\tEl #1 ha estado arrollador en esta segunda mitad de la temporada, lo que dio pie a muchas especulaciones sobre c\u00f3mo se desarrollar\u00eda el Round de Arag\u00f3n. Por un lado, Ducati hab\u00eda ganado las \u00faltimas ocho carreras aqu\u00ed, pero por otro, Toprak llegaba con 12 victorias seguidas, por lo que parec\u00eda que podr\u00eda establecer un nuevo r\u00e9cord de triunfos consecutivos. Ahora, con 36 puntos de ventaja en la clasificaci\u00f3n, el paddock pone rumbo a Estoril, otro circuito favorable para Bulega y la Ducati, pero si \u2018El Turco\u2019 puede rendir a un nivel similar al de Arag\u00f3n, estar\u00e1 en una gran posici\u00f3n de cara al final de temporada en Jerez.<\/p>\n<p>&#13;<br \/>\n\tAcerca del fin de semana en general y el pr\u00f3ximo round en Estoril, Razgatlioglu a\u00f1adi\u00f3: \u201cPerder solo tres puntos este fin de semana no est\u00e1 tan mal. Si hubiera acabado segundo en las tres carreras, habr\u00eda perdido m\u00e1s. Creo que ha sido un buen fin de semana porque, incluso al llegar, sab\u00edamos que este no era un circuito para BMW, sino para Ducati. Sin embargo, hemos hecho un muy buen trabajo. Hemos hecho muy buenas carreras, y ahora vamos a Estoril. Ducati es muy fuerte all\u00ed, pero yo siempre soy fuerte. Luchar\u00e9 con \u00e9l otra vez all\u00ed porque necesito volver a ganar. No estoy 100% encantado con el fin de semana, pero estoy contento\u201d.<\/p>\n<p>&#13;<br \/>\n\tLa pr\u00f3xima entrega del duelo Razgatlioglu vs Bulega ser\u00e1 a partir del viernes 10 de octubre, con el inicio del Round EICMA de Estoril. \u00a1S\u00edguelo con el <strong><a href=\"http:\/\/www.worldsbk.com\/es\/subscribe\" rel=\"nofollow noopener\" target=\"_blank\">VideoPass WorldSBK, ahora por solo 9,99\u20ac!<\/a><\/strong><\/p>\n","protected":false},"excerpt":{"rendered":"&#13; Toprak Razgatlioglu (ROKiT BMW Motorrad WorldSBK Team) firm\u00f3 un s\u00f3lido fin de semana en el fort\u00edn de&hellip;\n","protected":false},"author":2,"featured_media":146987,"comment_status":"","ping_status":"","sticky":false,"template":"","format":"standard","meta":{"footnotes":""},"categories":[93],"tags":[168,25,24,23,167],"class_list":{"0":"post-146986","1":"post","2":"type-post","3":"status-publish","4":"format-standard","5":"has-post-thumbnail","7":"category-deportes","8":"tag-deportes","9":"tag-es","10":"tag-espana","11":"tag-spain","12":"tag-sports"},"share_on_mastodon":{"url":"","error":""},"_links":{"self":[{"href":"https:\/\/www.europesays.com\/es\/wp-json\/wp\/v2\/posts\/146986","targetHints":{"allow":["GET"]}}],"collection":[{"href":"https:\/\/www.europesays.com\/es\/wp-json\/wp\/v2\/posts"}],"about":[{"href":"https:\/\/www.europesays.com\/es\/wp-json\/wp\/v2\/types\/post"}],"author":[{"embeddable":true,"href":"https:\/\/www.europesays.com\/es\/wp-json\/wp\/v2\/users\/2"}],"replies":[{"embeddable":true,"href":"https:\/\/www.europesays.com\/es\/wp-json\/wp\/v2\/comments?post=146986"}],"version-history":[{"count":0,"href":"https:\/\/www.europesays.com\/es\/wp-json\/wp\/v2\/posts\/146986\/revisions"}],"wp:featuredmedia":[{"embeddable":true,"href":"https:\/\/www.europesays.com\/es\/wp-json\/wp\/v2\/media\/146987"}],"wp:attachment":[{"href":"https:\/\/www.europesays.com\/es\/wp-json\/wp\/v2\/media?parent=146986"}],"wp:term":[{"taxonomy":"category","embeddable":true,"href":"https:\/\/www.europesays.com\/es\/wp-json\/wp\/v2\/categories?post=146986"},{"taxonomy":"post_tag","embeddable":true,"href":"https:\/\/www.europesays.com\/es\/wp-json\/wp\/v2\/tags?post=146986"}],"curies":[{"name":"wp","href":"https:\/\/api.w.org\/{rel}","templated":true}]}}