{"id":146988,"date":"2025-09-29T18:02:11","date_gmt":"2025-09-29T18:02:11","guid":{"rendered":"https:\/\/www.europesays.com\/es\/146988\/"},"modified":"2025-09-29T18:02:11","modified_gmt":"2025-09-29T18:02:11","slug":"la-vacunacion-escolar-contra-la-gripe-se-amplia-a-mas-de-8-500-ninos-de-infantil-de-127-centros-de-todo-aragon-aragon","status":"publish","type":"post","link":"https:\/\/www.europesays.com\/es\/146988\/","title":{"rendered":"La vacunaci\u00f3n escolar contra la gripe se ampl\u00eda a m\u00e1s de 8.500 ni\u00f1os de Infantil de 127 centros de todo Arag\u00f3n | Aragon"},"content":{"rendered":"<p><strong>La vacunaci\u00f3n de gripe<\/strong> en colegios de Arag\u00f3n, que arrancar\u00e1 el 10 de octubre,<strong> se ha ampliado este curso a las aulas de 1\u00ba, 2\u00ba y 3\u00ba de Educaci\u00f3n Infantil <\/strong>con el objetivo de mejorar la cobertura, reducir la incidencia de la enfermedad en ni\u00f1os y facilitar la conciliaci\u00f3n familiar.<\/p>\n<p>As\u00ed lo ha confirmado este lunes en rueda de prensa la directora general de Salud P\u00fablica, Nuria Gay\u00e1n, acompa\u00f1ada de la directora general de Pol\u00edtica Educativa del Gobierno de Arag\u00f3n, Ana Moracho.<\/p>\n<p><a href=\"https:\/\/www.cartv.es\/aragonnoticias\/aragon\/el-gobierno-de-aragon-vacunara-frente-a-la-gripe-a-los-ninos-de-3-y-4-anos-en-algunos-colegios-27887\" target=\"_blank\" rel=\"nofollow noopener\"><strong>En la temporada 2024-2025 se vacunaron 789 alumnos y alumnas de 3 y 4 a\u00f1os<\/strong><\/a> en una semana, con la participaci\u00f3n de nueve centros de salud y 29 centros educativos, unas cifras con las que se alcanz\u00f3 una cobertura del 52,1 %.<\/p>\n<p>Sin embargo, para la campa\u00f1a de 2025-2026, Moracho<strong> ha recomendado la vacunaci\u00f3n infantil desde los 6 meses hasta los 8 a\u00f1os,<\/strong> con las f\u00f3rmulas de inyectable para menores de 2 a\u00f1os e intranasal a partir de esa edad.<\/p>\n<p>El objetivo de facilitar la vacunaci\u00f3n de gripe en centros escolares est\u00e1 relacionado con<strong> facilitar el acceso a la vacuna, mejorar la conciliaci\u00f3n familiar,<\/strong> ampliar la cobertura de vacunaci\u00f3n, reducir la incidencia de gripe y el absentismo escolar, y reducir la transmisi\u00f3n comunitaria.<\/p>\n<p>No obstante, aunque Moracho ha remarcado que la vacunaci\u00f3n en los colegios es complementaria a la de los 91 centros de salud participantes en la campa\u00f1a, ha valorado la acogida de los centros escolares al participar un total de 127, de los que 32 son de Huesca, 23 de Teruel y 72 de Zaragoza.<\/p>\n<p>Arag\u00f3n inicia el 1 de octubre la campa\u00f1a de vacunaci\u00f3n contra VRS, gripe y covid<\/p>\n<p><strong>La campa\u00f1a de inmunizaci\u00f3n frente a virus respiratorio sincitial (VRS), gripe y covid,<\/strong> que <strong>arranca el 1 de octubre en Arag\u00f3n<\/strong>, ha incorporado este a\u00f1o como novedad <a href=\"https:\/\/www.cartv.es\/aragonnoticias\/tema\/vacunacin\" target=\"_blank\" rel=\"nofollow noopener\">la vacunaci\u00f3n <\/a>a personas adultas con alto riesgo frente al VRS, en concreto mayores de 60 a\u00f1os que viven en residencias y personas a partir de 50 con patolog\u00edas de muy alto riesgo, como trasplantes pulmonares o de progenitores hematopoy\u00e9ticos.<\/p>\n<p>Otra de las novedades de la campa\u00f1a de vacunaci\u00f3n, ha dicho Gay\u00e1n, es que se ha modificado<strong> la edad de recomendaci\u00f3n a los 70 a\u00f1os o m\u00e1s<\/strong>, se han eliminado grupos de riesgo y los documentos de recomendaciones del Sistema Nacional de Salud son independientes a la gripe y a la covid.<\/p>\n<p>Respecto a la vacunaci\u00f3n frente a la covid, se ha recomendado a las personas de 70 a\u00f1os o m\u00e1s, a las personas vulnerables, a las personas internas en centros residenciales<strong>, a mayores de 12 a\u00f1os con inmunosupresi\u00f3n grave<\/strong>, a las <strong>embarazadas y a menores de entre 6 meses y 11 a\u00f1os con riesgo.<\/strong><\/p>\n<p>Por otro lado, tal y como ha informado Gay\u00e1n<strong>, la vacunaci\u00f3n frente a la gripe<\/strong> se recomienda a personas de<strong> 60 a\u00f1os o m\u00e1s, a ni\u00f1os de entre 6 meses y 7 a\u00f1os,<\/strong> a personas menores de 60 con<strong> condiciones de riesgo, a embarazadas, a personas de 8 a 18 a\u00f1os con tratamiento,<\/strong> a personal de centros sanitarios, a personal de servicios p\u00fablicos esenciales, a cuidadores domiciliarios, a convivientes de personas vulnerables, a personal de guarder\u00edas y a estudiantes en pr\u00e1cticas en centros sanitarios o sociosanitarios.<\/p>\n<p>Asimismo, ha especificado que e<strong>l 1 de octubre se inicia la vacunaci\u00f3n <\/strong>para embarazadas y residentes y trabajadores de centros residenciales, mientras que el d\u00eda 10 de octubre se abrir\u00e1 la vacunaci\u00f3n infantil escolar y el 20 de octubre la vacunaci\u00f3n infantil en centros de salud y a personas mayores de 80. El 3 de noviembre ser\u00e1 el turno del resto de grupos de riesgo.<\/p>\n<p>Si quieres estar al d\u00eda de toda la actualidad, s\u00edguenos en redes sociales: <a href=\"https:\/\/www.instagram.com\/aragonnoticias\/\" target=\"_blank\" rel=\"noindex nofollow noopener\">Instagram<\/a>, <a href=\"https:\/\/www.facebook.com\/AragonNoticias\/\" target=\"_blank\" rel=\"noindex nofollow noopener\">Facebook<\/a>, <a href=\"https:\/\/x.com\/AragonNoticias_\" target=\"_blank\" rel=\"noindex nofollow\">X<\/a>, <a href=\"https:\/\/www.tiktok.com\/@aragonnoticias\" target=\"_blank\" rel=\"noindex nofollow noopener\">TikTok<\/a> y tambi\u00e9n en el canal de <a href=\"https:\/\/www.whatsapp.com\/channel\/0029Vb8OVLHB4hdK8lQZ1T1F\" target=\"_blank\" rel=\"noindex nofollow noopener\">WhatsApp<\/a>.<\/p>\n<p>            <script async src=\"\/\/www.instagram.com\/embed.js\"><\/script><script async src=\"\/\/www.tiktok.com\/embed.js\"><\/script><\/p>\n","protected":false},"excerpt":{"rendered":"La vacunaci\u00f3n de gripe en colegios de Arag\u00f3n, que arrancar\u00e1 el 10 de octubre, se ha ampliado este&hellip;\n","protected":false},"author":2,"featured_media":146989,"comment_status":"","ping_status":"","sticky":false,"template":"","format":"standard","meta":{"footnotes":""},"categories":[92],"tags":[4499,4502,4501,4110,25,24,165,7080,4500,1448,166,23,214],"class_list":{"0":"post-146988","1":"post","2":"type-post","3":"status-publish","4":"format-standard","5":"has-post-thumbnail","7":"category-salud","8":"tag-aragon","9":"tag-aragonesa","10":"tag-cartv","11":"tag-corporacion","12":"tag-es","13":"tag-espana","14":"tag-health","15":"tag-noticia","16":"tag-publica","17":"tag-radio","18":"tag-salud","19":"tag-spain","20":"tag-tv"},"share_on_mastodon":{"url":"","error":""},"_links":{"self":[{"href":"https:\/\/www.europesays.com\/es\/wp-json\/wp\/v2\/posts\/146988","targetHints":{"allow":["GET"]}}],"collection":[{"href":"https:\/\/www.europesays.com\/es\/wp-json\/wp\/v2\/posts"}],"about":[{"href":"https:\/\/www.europesays.com\/es\/wp-json\/wp\/v2\/types\/post"}],"author":[{"embeddable":true,"href":"https:\/\/www.europesays.com\/es\/wp-json\/wp\/v2\/users\/2"}],"replies":[{"embeddable":true,"href":"https:\/\/www.europesays.com\/es\/wp-json\/wp\/v2\/comments?post=146988"}],"version-history":[{"count":0,"href":"https:\/\/www.europesays.com\/es\/wp-json\/wp\/v2\/posts\/146988\/revisions"}],"wp:featuredmedia":[{"embeddable":true,"href":"https:\/\/www.europesays.com\/es\/wp-json\/wp\/v2\/media\/146989"}],"wp:attachment":[{"href":"https:\/\/www.europesays.com\/es\/wp-json\/wp\/v2\/media?parent=146988"}],"wp:term":[{"taxonomy":"category","embeddable":true,"href":"https:\/\/www.europesays.com\/es\/wp-json\/wp\/v2\/categories?post=146988"},{"taxonomy":"post_tag","embeddable":true,"href":"https:\/\/www.europesays.com\/es\/wp-json\/wp\/v2\/tags?post=146988"}],"curies":[{"name":"wp","href":"https:\/\/api.w.org\/{rel}","templated":true}]}}