{"id":146996,"date":"2025-09-29T18:06:08","date_gmt":"2025-09-29T18:06:08","guid":{"rendered":"https:\/\/www.europesays.com\/es\/146996\/"},"modified":"2025-09-29T18:06:08","modified_gmt":"2025-09-29T18:06:08","slug":"netanyahu-se-disculpa-con-el-primer-ministro-de-catar-por-ataque-fuente-diplomatica","status":"publish","type":"post","link":"https:\/\/www.europesays.com\/es\/146996\/","title":{"rendered":"Netanyahu Se Disculpa Con El Primer Ministro De Catar Por Ataque (Fuente Diplom\u00e1tica)"},"content":{"rendered":"<p data-type=\"paragraph\" data=\"[object Object]\">El primer ministro israel\u00ed, Benjamin Netanyahu, se disculp\u00f3 el lunes con el primer ministro de Catar por los ataques a\u00e9reos contra Ham\u00e1s en el pa\u00eds del Golfo durante una llamada telef\u00f3nica realizada desde la Casa Blanca, dijo una fuente diplom\u00e1tica.<\/p>\n<p data-type=\"paragraph\" data=\"[object Object]\" class=\"emotion-1akm6h5-Paragraph e1e4oisd0\">Netanyahu expres\u00f3 su pesar por la violaci\u00f3n de la soberan\u00eda catar\u00ed y la muerte de un guardia de seguridad catar\u00ed en los ataques de septiembre, asegur\u00f3 esa fuente a la AFP bajo condici\u00f3n de anonimato.<\/p>\n<p data-type=\"paragraph\" data=\"[object Object]\" class=\"emotion-1akm6h5-Paragraph e1e4oisd0\">sct\/jz\/val<\/p>\n","protected":false},"excerpt":{"rendered":"El primer ministro israel\u00ed, Benjamin Netanyahu, se disculp\u00f3 el lunes con el primer ministro de Catar por los&hellip;\n","protected":false},"author":2,"featured_media":123368,"comment_status":"","ping_status":"","sticky":false,"template":"","format":"standard","meta":{"footnotes":""},"categories":[42],"tags":[17,18,6047,15229,115,13,14,69,11,61,62,63,64,74,19,20,9,10,15,16,8801,116,12,21,22,65,66,67],"class_list":{"0":"post-146996","1":"post","2":"type-post","3":"status-publish","4":"format-standard","5":"has-post-thumbnail","7":"category-internacional","8":"tag-breaking-news","9":"tag-breakingnews","10":"tag-catar","11":"tag-diplomacia","12":"tag-eeuu","13":"tag-featured-news","14":"tag-featurednews","15":"tag-guerra","16":"tag-headlines","17":"tag-internacional","18":"tag-international","19":"tag-international-news","20":"tag-internationalnews","21":"tag-israel","22":"tag-latest-news","23":"tag-latestnews","24":"tag-news","25":"tag-noticias","26":"tag-noticias-destacadas","27":"tag-noticiasdestacadas","28":"tag-palestinos","29":"tag-synd","30":"tag-titulares","31":"tag-ultimas-noticias","32":"tag-ultimasnoticias","33":"tag-world","34":"tag-world-news","35":"tag-worldnews"},"share_on_mastodon":{"url":"","error":""},"_links":{"self":[{"href":"https:\/\/www.europesays.com\/es\/wp-json\/wp\/v2\/posts\/146996","targetHints":{"allow":["GET"]}}],"collection":[{"href":"https:\/\/www.europesays.com\/es\/wp-json\/wp\/v2\/posts"}],"about":[{"href":"https:\/\/www.europesays.com\/es\/wp-json\/wp\/v2\/types\/post"}],"author":[{"embeddable":true,"href":"https:\/\/www.europesays.com\/es\/wp-json\/wp\/v2\/users\/2"}],"replies":[{"embeddable":true,"href":"https:\/\/www.europesays.com\/es\/wp-json\/wp\/v2\/comments?post=146996"}],"version-history":[{"count":0,"href":"https:\/\/www.europesays.com\/es\/wp-json\/wp\/v2\/posts\/146996\/revisions"}],"wp:featuredmedia":[{"embeddable":true,"href":"https:\/\/www.europesays.com\/es\/wp-json\/wp\/v2\/media\/123368"}],"wp:attachment":[{"href":"https:\/\/www.europesays.com\/es\/wp-json\/wp\/v2\/media?parent=146996"}],"wp:term":[{"taxonomy":"category","embeddable":true,"href":"https:\/\/www.europesays.com\/es\/wp-json\/wp\/v2\/categories?post=146996"},{"taxonomy":"post_tag","embeddable":true,"href":"https:\/\/www.europesays.com\/es\/wp-json\/wp\/v2\/tags?post=146996"}],"curies":[{"name":"wp","href":"https:\/\/api.w.org\/{rel}","templated":true}]}}