{"id":146999,"date":"2025-09-29T18:08:10","date_gmt":"2025-09-29T18:08:10","guid":{"rendered":"https:\/\/www.europesays.com\/es\/146999\/"},"modified":"2025-09-29T18:08:10","modified_gmt":"2025-09-29T18:08:10","slug":"busco-el-estallido-de-poesia-que-hay-en-todas-las-cosas-cartarescu-llena-el-salon-de-actos-de-la-diputacion-en-un-encuentro-inolvidable-con-lectores-y-lectoras-de-la-provincia","status":"publish","type":"post","link":"https:\/\/www.europesays.com\/es\/146999\/","title":{"rendered":"\u201cBusco el estallido de poes\u00eda que hay en todas las cosas\u201d: C\u0103rt\u0103rescu llena el Sal\u00f3n de Actos de la Diputaci\u00f3n en un encuentro inolvidable con lectores y lectoras de la provincia"},"content":{"rendered":"<p><a href=\"https:\/\/web.dipualba.es\/wp-content\/uploads\/2025\/09\/Corte-de-Jose-Gonzalez-sobre-como-este-encuentro-es-el-ejemplo-perfecto-de-la-democratizacion-de-la-cultura-por-la-que-trabaja-Dipualbac.mp3\" rel=\"nofollow noopener\" target=\"_blank\">https:\/\/web.dipualba.es\/wp-content\/uploads\/2025\/09\/Corte-de-Jose-Gonzalez-sobre-como-este-encuentro-es-el-ejemplo-perfecto-de-la-democratizacion-de-la-cultura-por-la-que-trabaja-Dipualbac.mp3<\/a><br \/>\n<a href=\"https:\/\/web.dipualba.es\/wp-content\/uploads\/2025\/09\/Corte-de-Jose-Gonzalez-sobre-el-orgullo-de-tener-este-encuentro-entre-el-publico-y-Mircea.mp3\" rel=\"nofollow noopener\" target=\"_blank\">https:\/\/web.dipualba.es\/wp-content\/uploads\/2025\/09\/Corte-de-Jose-Gonzalez-sobre-el-orgullo-de-tener-este-encuentro-entre-el-publico-y-Mircea.mp3<\/a><\/p>\n<ul>\n<li aria-level=\"1\">\nUn Sal\u00f3n de Actos repleto ha acogido \u2018la conversaci\u00f3n\u2019 organizada por el Servicio de Educaci\u00f3n y Cultura con Mircea C\u0103rt\u0103rescu,\n<\/li>\n<\/ul>\n<ul>\n<li aria-level=\"1\">\nEl diputado coordinador del \u00c1rea Social, Jos\u00e9 Gonz\u00e1lez, ha abierto el di\u00e1logo, moderado por los periodistas y escritores Arturo Tendero y Almudena S\u00e1nchez, con traducci\u00f3n de Elena Borr\u00e1s (traductora de la Embajada de Ruman\u00eda en Madrid)\n<\/li>\n<\/ul>\n<p>Albacete, 29 de septiembre de 2025.- Tras la recepci\u00f3n institucional al autor que por la ma\u00f1ana ha protagonizado el presidente Caba\u00f1ero, la literatura ha ocupado por completo el Sal\u00f3n de Actos de la Diputaci\u00f3n de Albacete en un encuentro apasionante con Mircea C\u0103rt\u0103rescu que ha reunido a p\u00fablico general e integrantes de clubes de lectura y del \u00e1mbito cultural provincial.<\/p>\n<p>El acto, organizado por el Servicio de Educaci\u00f3n y Cultura, con M\u00aa Luisa Fajardo al frente, ha contado entre las y los asistentes con la tambi\u00e9n afamada escritora Ioana Nicolaie (esposa de C\u0103rt\u0103rescu) e integrantes del Oh\u2019Poetry Festival, entre ellos, uno de sus directores, el escritor Andr\u00e9s Garc\u00eda Cerd\u00e1n.<\/p>\n<p>El diputado coordinador del \u00c1rea Social, Jos\u00e9 Gonz\u00e1lez, ha ejercido de \u2018anfitri\u00f3n\u2019 en nombre de la Diputaci\u00f3n, abriendo la sesi\u00f3n con una bienvenida muy sincera: \u201cNos sentimos privilegiados de recibir a una de las figuras m\u00e1s potentes y singulares del panorama literario internacional. Su literatura ha traspasado fronteras \u2014no s\u00f3lo geogr\u00e1ficas\u2014 por la pasi\u00f3n, la autenticidad y el compromiso que hay en cada obra\u201d.<\/p>\n<p>Gonz\u00e1lez ha subrayado la apuesta de la instituci\u00f3n por una cultura democr\u00e1tica y accesible: \u201cEste acto es \u2018el acto\u2019, toda una declaraci\u00f3n de intenciones. Queremos extender la cultura de calidad a lo largo y ancho de la provincia \u2014encuentros de autor, clubes de lectura\u2014 y hacerlo desde la democratizaci\u00f3n: que cualquier persona, en cualquier rinc\u00f3n, pueda disfrutarla gratuitamente\u201d, ha se\u00f1alado.<\/p>\n<p>Jos\u00e9 Gonz\u00e1lez concluy\u00f3 su intervenci\u00f3n con una cita del poeta palestino Marwan Makhoul, rescatada por el presidente del Gobierno en la Conferencia Mundial de la UNESCO sobre Pol\u00edticas Culturales y Desarrollo Sostenible inaugurada este mismo lunes en Barcelona: \u201cPara escribir una poes\u00eda que no sea pol\u00edtica es necesario escuchar a los p\u00e1jaros, pero para escucharlos es necesario que cese el bombardeo\u201d. Unas palabras que, en este contexto (temporal, social y geopol\u00edtico), han resonado como un recordatorio de la dimensi\u00f3n \u00e9tica y transformadora de la cultura, y como el mejor pre\u00e1mbulo para la conversaci\u00f3n con un autor hipot\u00f3nico e incansable so\u00f1ador, que ha hecho de la literatura una forma de resistencia humanista.<\/p>\n<p>A continuaci\u00f3n, la periodista y poetisa Almudena S\u00e1nchez ha abierto la conversaci\u00f3n, junto a Arturo Tendero, compartiendo su primera lectura de Lulu y el \u201ctemblor\u201d que a\u00fan le evoca: \u201cun sue\u00f1o incandescente donde lo real y lo metaf\u00edsico conviven\u201d. La traductora, Elena Borr\u00e1s, ha hilado de forma magistral y con tempo sosegado cada intervenci\u00f3n del autor, siendo un complemento perfecto y \u00e1gil, fiel a sus impresiones y esencia. Adem\u00e1s de traductora de la Embajada de Ruman\u00eda en Madrid, lo es de las obras de Ioana Nicolaie.<\/p>\n<p>\u201cSiempre he sido poeta: la poes\u00eda es un sin\u00f3nimo de libertad\u201d<\/p>\n<p>C\u0103rt\u0103rescu se ha presentado con sencillez (\u201cme siento como en casa en Albacete\u201d) y ha asumido sin rodeos su identidad creativa: \u201cHe sido, soy y ser\u00e9 poeta. Para m\u00ed, la poes\u00eda es la vida misma, un sin\u00f3nimo de libertad. No me interesan las novelas realistas por s\u00ed mismas; busco el estallido de poes\u00eda que hay en ellas\u201d.<\/p>\n<p>As\u00ed, ha explicado su tr\u00e1nsito de los versos a la narrativa: \u201cTras siete u ocho libros de poemas uno puede agotarse. Hice un juramento a los 30 a\u00f1os: no volver a escribir versos. Necesitaba una \u2018talla\u2019 m\u00e1s amplia, y la encontr\u00e9 en la prosa, sin dejar de mirar el mundo po\u00e9ticamente\u201d, ha relatado.<\/p>\n<p>Desde esa permanencia, ha reivindicado la poes\u00eda como \u2018princesa\u2019 de la cultura, no cenicienta; y compartido su fascinaci\u00f3n por las par\u00e1bolas (Borges, Cort\u00e1zar\u2026) como manera de rozar lo infinito \u2014aprovechando para evocar la f\u00e1bula del ajedrez y la duplicaci\u00f3n que desborda la mente\u2014 y su c\u00e9lebre relato \u2018El ruletista\u2019, \u201cuna lucha metaf\u00edsica con la muerte\u201d.<\/p>\n<p>El diario, el tronco del \u00e1rbol y la inspiraci\u00f3n<\/p>\n<p>El autor ha descrito su diario manuscrito \u2014que escribe desde los 17 a\u00f1os\u2014 como \u201cun largo auto-entrevista\u201d, su \u201csegunda piel\u201d y \u201cel tronco\u201d del que brota toda su obra: \u201cAnoto lecturas, sue\u00f1os y anomalias de la mente. Las primeras 200 p\u00e1ginas de Solenoide nacen de ah\u00ed. Publico el diario en vol\u00famenes, depurado para no herir a nadie: no quiero una colecci\u00f3n de chismes, sino literatura\u201d.<\/p>\n<p>Preguntado por el p\u00fablico, Mircea ha defendido una noci\u00f3n hoy poco frecuente: \u201cSoy de los \u00faltimos mohicanos que creen en la inspiraci\u00f3n. Cuando no la tengo, no escribo; y cuando llega, tampoco soy yo quien escribe. Es otra entidad en m\u00ed, m\u00e1s sabia. Yo s\u00f3lo a\u00f1ado alg\u00fan acento. Como en las carreras: no gana el jockey, gana el caballo; el mejor jockey deja al caballo libre\u201d, ha compartido con el p\u00fablico.<\/p>\n<p>El joven poeta y el tiempo: perder y ganar<\/p>\n<p>A la pregunta sobre qu\u00e9 queda del joven que cre\u00eda que la literatura era un arma cargada de futuro, ha respondido con una par\u00e1bola (de nuevo, de Borges) y una constataci\u00f3n vital: \u201cTodos mudamos de piel. Hoy tengo m\u00e1s oficio que a los 26, pero quiz\u00e1 menos llama. Lo cont\u00e9 escribiendo Melancol\u00eda 30 a\u00f1os despu\u00e9s de Nostalgia: misma estructura para comprender qu\u00e9 se gana y qu\u00e9 se pierde en el camino\u201d.<\/p>\n<p>Una mirada y una \u00e9tica<\/p>\n<p>Durante la charla, C\u0103rt\u0103rescu ha reafirmado rasgos que lo han convertido en una de las mayores voces de la literatura europea: su mirada po\u00e9tica \u2014\u201coblicua, casi infantil\u201d seg\u00fan \u00e9l mismo\u2014, su defensa de la literatura imaginativa y su convicci\u00f3n de que la cultura no es adorno sino n\u00facleo de humanidad.\u00a0<\/p>\n<p>Al cierre, el p\u00fablico que ha llenado el sal\u00f3n, f\u00edsicamente y tambi\u00e9n en dosis de inter\u00e9s y entusiasmo, ha formulado preguntas sobre su proceso creativo, el futuro de sus diarios y sue\u00f1os tras Theodoros, y la relaci\u00f3n entre su vida y obra. El autor ha respondido con generosidad y humor, dejando puertas abiertas a volver y firmando cuantos ejemplares de sus obras han llegado hasta sus manos antes de despedirse.<\/p>\n<p>Con este encuentro, el Gobierno de Caba\u00f1ero al frente de la Diputaci\u00f3n de Albacete reafirma su vocaci\u00f3n de cultura viva, cercana y transformadora, que se democratiza en cada pueblo a trav\u00e9s de clubes de lectura, encuentros de autor y programaciones que hacen de la lectura un bien com\u00fan. Una provincia que se sabe lectora, democr\u00e1tica y europe\u00edsta, y que hoy ha abrazado la literatura de C\u0103rt\u0103rescu como lo que es: una forma de vida.<\/p>\n","protected":false},"excerpt":{"rendered":"https:\/\/web.dipualba.es\/wp-content\/uploads\/2025\/09\/Corte-de-Jose-Gonzalez-sobre-como-este-encuentro-es-el-ejemplo-perfecto-de-la-democratizacion-de-la-cultura-por-la-que-trabaja-Dipualbac.mp3 https:\/\/web.dipualba.es\/wp-content\/uploads\/2025\/09\/Corte-de-Jose-Gonzalez-sobre-el-orgullo-de-tener-este-encuentro-entre-el-publico-y-Mircea.mp3 Un Sal\u00f3n de Actos repleto ha acogido \u2018la conversaci\u00f3n\u2019 organizada por el Servicio de Educaci\u00f3n y&hellip;\n","protected":false},"author":2,"featured_media":147000,"comment_status":"","ping_status":"","sticky":false,"template":"","format":"standard","meta":{"footnotes":""},"categories":[5],"tags":[17,18,4007,25,24,13,14,11,19,20,9,10,15,16,23,12,21,22],"class_list":{"0":"post-146999","1":"post","2":"type-post","3":"status-publish","4":"format-standard","5":"has-post-thumbnail","7":"category-titulares","8":"tag-breaking-news","9":"tag-breakingnews","10":"tag-destacado","11":"tag-es","12":"tag-espana","13":"tag-featured-news","14":"tag-featurednews","15":"tag-headlines","16":"tag-latest-news","17":"tag-latestnews","18":"tag-news","19":"tag-noticias","20":"tag-noticias-destacadas","21":"tag-noticiasdestacadas","22":"tag-spain","23":"tag-titulares","24":"tag-ultimas-noticias","25":"tag-ultimasnoticias"},"share_on_mastodon":{"url":"","error":""},"_links":{"self":[{"href":"https:\/\/www.europesays.com\/es\/wp-json\/wp\/v2\/posts\/146999","targetHints":{"allow":["GET"]}}],"collection":[{"href":"https:\/\/www.europesays.com\/es\/wp-json\/wp\/v2\/posts"}],"about":[{"href":"https:\/\/www.europesays.com\/es\/wp-json\/wp\/v2\/types\/post"}],"author":[{"embeddable":true,"href":"https:\/\/www.europesays.com\/es\/wp-json\/wp\/v2\/users\/2"}],"replies":[{"embeddable":true,"href":"https:\/\/www.europesays.com\/es\/wp-json\/wp\/v2\/comments?post=146999"}],"version-history":[{"count":0,"href":"https:\/\/www.europesays.com\/es\/wp-json\/wp\/v2\/posts\/146999\/revisions"}],"wp:featuredmedia":[{"embeddable":true,"href":"https:\/\/www.europesays.com\/es\/wp-json\/wp\/v2\/media\/147000"}],"wp:attachment":[{"href":"https:\/\/www.europesays.com\/es\/wp-json\/wp\/v2\/media?parent=146999"}],"wp:term":[{"taxonomy":"category","embeddable":true,"href":"https:\/\/www.europesays.com\/es\/wp-json\/wp\/v2\/categories?post=146999"},{"taxonomy":"post_tag","embeddable":true,"href":"https:\/\/www.europesays.com\/es\/wp-json\/wp\/v2\/tags?post=146999"}],"curies":[{"name":"wp","href":"https:\/\/api.w.org\/{rel}","templated":true}]}}