{"id":147001,"date":"2025-09-29T18:09:11","date_gmt":"2025-09-29T18:09:11","guid":{"rendered":"https:\/\/www.europesays.com\/es\/147001\/"},"modified":"2025-09-29T18:09:11","modified_gmt":"2025-09-29T18:09:11","slug":"el-ademar-leon-rinde-cuentas-ante-sus-socios","status":"publish","type":"post","link":"https:\/\/www.europesays.com\/es\/147001\/","title":{"rendered":"El Ademar Le\u00f3n rinde cuentas ante sus socios"},"content":{"rendered":"<p>                                    <img decoding=\"async\" loading=\"lazy\" src=\"https:\/\/www.europesays.com\/es\/wp-content\/uploads\/2025\/09\/65f85879beb73.jpeg\" alt=\"Pablo Rioja\" width=\"40\" height=\"40\" data-full-src=\"https:\/\/www.europesays.com\/es\/wp-content\/uploads\/2025\/09\/65f85879beb73.jpeg\"\/><\/p>\n<p class=\"paragraph\">Se prev\u00e9 una asamblea general &#8216;tranquila&#8217; esta tarde en las oficinas centrales de Abanca en la capital leonesa. La directiva del Ademar presentar\u00e1 un presupuesto que alcanza la cifra de 1,4 millones de euros \u2014tal y como adelant\u00f3 este peri\u00f3dico el pasado 16 de septiembre en su edici\u00f3n digital\u2014 as\u00ed como las pertinentes explicaciones que ofrecer\u00e1 el presidente, Cayetano Franco, sobre el estado de las arcas del club, entre otros asuntos. Lo que m\u00e1s preocupa es saldar del todo la deuda que tiene con ellos la Diputaci\u00f3n \u2014o al menos una buena parte que tiene que ver con las subvenciones\u2014. No har\u00e1n especial hincapi\u00e9 en la subida de precios de abonos aprobada a finales del pasado ejercicio y que conlleva la suspensi\u00f3n de bono extra europeo que s\u00ed &#8216;padecieron&#8217; los seguidores en los encuentros como locales de la 2024-2025.<\/p>\n<p class=\"paragraph\">A pesar de los problemas que enfrenta la c\u00fapula ademarista para cuadrar las cuentas \u2014la Diputaci\u00f3n todav\u00eda adeuda la subvenci\u00f3n de la 23-24 y los 120.000 euros de Turisle\u00f3n\u2014 lo cierto es que el equilibrio entre lo deportivo y econ\u00f3mico contin\u00faa siendo un pilar b\u00e1sico y el club goza de buena salud. Cuenta con uno de los presupuestos m\u00e1s altos de la Asobal, pero no es menos cierto que mantiene activo el pr\u00e9stamo con Abanca al que se vio obligado a recurrir por los retrasos en los pagos de la instituci\u00f3n provincial. S\u00ed cumplen puntualmente el Ayuntamiento de la capital y la Junta de Castilla y Le\u00f3n.<\/p>\n<p class=\"paragraph\">Hay proyectos en marcha que todav\u00eda deben concretarse como la puesta en marcha de actividades de ocio durante los partidos como locales de los de Dani Gordo en el Palacio \u2014medida que ya avanzaron el pasado junio en asamblea extraordinaria\u2014 y por supuesto los socios que acudan tendr\u00e1n su turno de ruegos y preguntas.<\/p>\n<p class=\"paragraph\">A nivel deportivo, el equipo ha atravesado un inicio de Liga dif\u00edcil con triunfo en Cangas, derrota en casa frente a Granollers y empate de mucho m\u00e9rito en Artaleku con Bidasoa. Este s\u00e1bado reciben al reci\u00e9n ascendido Ciudad Real. La cantera y los jugadores j\u00f3venes vuelven a tener mucho peso en la plantilla leonesa un a\u00f1o m\u00e1s. Uno de ellos es Javi Mi\u00f1ambres, que volvi\u00f3 a brillar el pasado fin de semana en la direcci\u00f3n del juego. El central internacional j\u00fanior se\u00f1ala a efe que su objetivo es \u00abser efectivo y confiable\u00bb. Se\u00f1ala que tiene \u00abm\u00e1s confianza y soltura en el juego, aunque todav\u00eda se puede mejorar en todas las facetas\u00bb.<\/p>\n<p>No har\u00e1n hincapi\u00e9 en la subida de precios de abonos aprobada a finales del pasado ejercicio y que conlleva la suspensi\u00f3n de bono europeo<\/p>\n","protected":false},"excerpt":{"rendered":"Se prev\u00e9 una asamblea general &#8216;tranquila&#8217; esta tarde en las oficinas centrales de Abanca en la capital leonesa.&hellip;\n","protected":false},"author":2,"featured_media":147002,"comment_status":"","ping_status":"","sticky":false,"template":"","format":"standard","meta":{"footnotes":""},"categories":[278],"tags":[5871,376,168,19065,25,24,375,6443,1675,8038,23,167],"class_list":{"0":"post-147001","1":"post","2":"type-post","3":"status-publish","4":"format-standard","5":"has-post-thumbnail","7":"category-balonmano","8":"tag-ademar","9":"tag-balonmano","10":"tag-deportes","11":"tag-deuda","12":"tag-es","13":"tag-espana","14":"tag-handball","15":"tag-junta-de-castilla-y-leon","16":"tag-liga-asobal","17":"tag-precios","18":"tag-spain","19":"tag-sports"},"share_on_mastodon":{"url":"","error":""},"_links":{"self":[{"href":"https:\/\/www.europesays.com\/es\/wp-json\/wp\/v2\/posts\/147001","targetHints":{"allow":["GET"]}}],"collection":[{"href":"https:\/\/www.europesays.com\/es\/wp-json\/wp\/v2\/posts"}],"about":[{"href":"https:\/\/www.europesays.com\/es\/wp-json\/wp\/v2\/types\/post"}],"author":[{"embeddable":true,"href":"https:\/\/www.europesays.com\/es\/wp-json\/wp\/v2\/users\/2"}],"replies":[{"embeddable":true,"href":"https:\/\/www.europesays.com\/es\/wp-json\/wp\/v2\/comments?post=147001"}],"version-history":[{"count":0,"href":"https:\/\/www.europesays.com\/es\/wp-json\/wp\/v2\/posts\/147001\/revisions"}],"wp:featuredmedia":[{"embeddable":true,"href":"https:\/\/www.europesays.com\/es\/wp-json\/wp\/v2\/media\/147002"}],"wp:attachment":[{"href":"https:\/\/www.europesays.com\/es\/wp-json\/wp\/v2\/media?parent=147001"}],"wp:term":[{"taxonomy":"category","embeddable":true,"href":"https:\/\/www.europesays.com\/es\/wp-json\/wp\/v2\/categories?post=147001"},{"taxonomy":"post_tag","embeddable":true,"href":"https:\/\/www.europesays.com\/es\/wp-json\/wp\/v2\/tags?post=147001"}],"curies":[{"name":"wp","href":"https:\/\/api.w.org\/{rel}","templated":true}]}}