{"id":147025,"date":"2025-09-29T18:23:08","date_gmt":"2025-09-29T18:23:08","guid":{"rendered":"https:\/\/www.europesays.com\/es\/147025\/"},"modified":"2025-09-29T18:23:08","modified_gmt":"2025-09-29T18:23:08","slug":"numero-1-en-94-paises-la-pelicula-de-ciencia-ficcion-que-ha-destronado-por-sorpresa-al-ultimo-exito-de-denzel-washington","status":"publish","type":"post","link":"https:\/\/www.europesays.com\/es\/147025\/","title":{"rendered":"N\u00famero 1 en 94 pa\u00edses. La pel\u00edcula de ciencia ficci\u00f3n que ha destronado por sorpresa al \u00faltimo \u00e9xito de Denzel Washington"},"content":{"rendered":"<p>Todo el mundo es consciente de que el ritmo de estrenos es muy diferente seg\u00fan la plataforma, siendo <strong>Netflix<\/strong> la que m\u00e1s t\u00edtulos lanza con diferencia. Por el otro extremo hay mucha competici\u00f3n por el n\u00famero 1, pero lo que est\u00e1 claro es que <strong>Apple TV+<\/strong> es una de las aspirantes. Sin embargo, este mes ha sucedido algo bastante in\u00e9dito, ya que la plataforma ha estrenado dos pel\u00edculas originales.<\/p>\n<p>La primera fue <a class=\"text-outboundlink\" href=\"https:\/\/www.espinof.com\/criticas\/denzel-washington-espectaculo-spike-lee-aprovecha-highest-2-lowest-version-descafeinada-clasico-kurosawa-cannes-2025\" data-vars-post-title=\"Denzel Washington es un espect\u00e1culo. Y Spike Lee lo aprovecha en &#039;Highest 2 Lowest&#039;, versi\u00f3n descafeinada de un cl\u00e1sico de Kurosawa | Cannes 2025\" data-vars-post-url=\"https:\/\/www.espinof.com\/criticas\/denzel-washington-espectaculo-spike-lee-aprovecha-highest-2-lowest-version-descafeinada-clasico-kurosawa-cannes-2025\" rel=\"nofollow noopener\" target=\"_blank\">&#8216;Del cielo al infierno&#8217;<\/a>, nueva adaptaci\u00f3n de la novela que ya sirviera como base para que <strong>Akira Kurosawa<\/strong> diera forma a la aclamada <strong>&#8216;El infierno del odio&#8217;<\/strong>. Todo apuntaba a que el thriller que <strong>Denzel Washington<\/strong> protagoniza a las \u00f3rdenes de <strong>Spike Lee<\/strong> iba a estar mucho tiempo en lo m\u00e1s alto, pero lo cierto es que acaba de ser destronado de forma inesperada por <strong>&#8216;Contigo, todo&#8217;<\/strong>.<\/p>\n<p>Un inusual drama rom\u00e1ntico<\/p>\n<p>&#8216;Contigo, todo&#8217; es un drama rom\u00e1ntico de ciencia ficci\u00f3n que nos sit\u00faa en un mundo en el que <strong>una empresa ha creado un test que demuestra cient\u00edficamente qui\u00e9n es tu alma gemela.<\/strong> Eso complica la relaci\u00f3n entre dos grandes amigos, ya que ella insiste en hacerse la prueba y el resultado dice que su alma gemela es otro hombre&#8230;<\/p>\n<p>    <a href=\"https:\/\/www.espinof.com\/estrenos\/pelicula-aventuras-que-lleva-casi-3-meses-seguidos-siendo-numero-1-mundial-streaming\" class=\"pivot-outboundlink\" data-vars-post-title=\"La pel\u00edcula de aventuras que lleva casi 3 meses seguidos siendo n\u00famero 1 mundial en streaming \" rel=\"nofollow noopener\" target=\"_blank\"><br \/>\n     <img loading=\"lazy\" decoding=\"async\" alt=\"La pel\u00edcula de aventuras que lleva casi 3 meses seguidos siendo n\u00famero 1 mundial en streaming \" width=\"375\" height=\"142\" src=\"https:\/\/www.europesays.com\/es\/wp-content\/uploads\/2025\/09\/1759170188_487_375_142.jpeg\"\/><br \/>\n    <\/a><\/p>\n<p>Protagonizada por <strong>Brett Goldstein<\/strong>, el inolvidable Roy Kent de <a class=\"text-outboundlink\" href=\"https:\/\/www.espinof.com\/criticas\/no-sabemos-ted-lasso-ha-terminado-para-siempre-emotivo-final-temporada-3-gran-despedida-que-merece-comedia-apple-tv\" data-vars-post-title=\"No sabemos si &#039;Ted Lasso&#039; ha terminado para siempre, pero el emotivo final de la temporada 3 es la gran despedida que merece la comedia de Apple TV+\" data-vars-post-url=\"https:\/\/www.espinof.com\/criticas\/no-sabemos-ted-lasso-ha-terminado-para-siempre-emotivo-final-temporada-3-gran-despedida-que-merece-comedia-apple-tv\" rel=\"nofollow noopener\" target=\"_blank\">&#8216;Ted Lasso&#8217;<\/a>, e <strong>Imogen Poots<\/strong>, &#8216;Contigo, todo&#8217; se present\u00f3 mundialmente en el Festival de Toronto de 2024, pero no fue hasta el 26 de septiembre de 2025 cuando se estren\u00f3 en Apple TV+. All\u00ed su \u00e9xito ha sido instant\u00e1neo, pues <a rel=\"noopener, noreferrer nofollow\" href=\"https:\/\/flixpatrol.com\/title\/all-of-you-2025\/\" target=\"_blank\">Flixpatrol<\/a> informa de que ha llegado al n\u00famero 1 en 94 pa\u00edses.<\/p>\n<p>A priori, este largometraje dirigido por <strong>William Bridges<\/strong> parec\u00eda destinado a ser una mera adici\u00f3n m\u00e1s al cat\u00e1logo, ya que ha tenido buenas cr\u00edticas pero tampoco excelentes -cuenta con un 74% de valoraciones positivas <a rel=\"noopener, noreferrer nofollow\" href=\"https:\/\/www.rottentomatoes.com\/m\/all_of_you_2024\" target=\"_blank\">en Rotten Tomatoes<\/a>-, pero a la hora de la verdad el p\u00fablico ha ca\u00eddo rendido a sus pies.<\/p>\n<p>En Espinof | <a class=\"text-outboundlink\" href=\"https:\/\/www.espinof.com\/listas\/mejores-peliculas-ciencia-ficcion-historia\" data-vars-post-title=\"Las 40 mejores pel\u00edculas de ciencia ficci\u00f3n de la historia\" data-vars-post-url=\"https:\/\/www.espinof.com\/listas\/mejores-peliculas-ciencia-ficcion-historia\" rel=\"nofollow noopener\" target=\"_blank\">Las 40 mejores pel\u00edculas de ciencia ficci\u00f3n de la historia<\/a><\/p>\n<p>En Espinof | <a class=\"text-outboundlink\" href=\"https:\/\/www.espinof.com\/listas\/mejores-peliculas-netflix-2025\" data-vars-post-title=\"Las 8 mejores pel\u00edculas de Netflix en 2025 (por ahora)\" data-vars-post-url=\"https:\/\/www.espinof.com\/listas\/mejores-peliculas-netflix-2025\" rel=\"nofollow noopener\" target=\"_blank\">Las 8 mejores pel\u00edculas de Netflix en 2025<br \/><\/a><\/p>\n","protected":false},"excerpt":{"rendered":"Todo el mundo es consciente de que el ritmo de estrenos es muy diferente seg\u00fan la plataforma, siendo&hellip;\n","protected":false},"author":2,"featured_media":147026,"comment_status":"","ping_status":"","sticky":false,"template":"","format":"standard","meta":{"footnotes":""},"categories":[169],"tags":[177,146,147,25,24,176,175,23],"class_list":{"0":"post-147025","1":"post","2":"type-post","3":"status-publish","4":"format-standard","5":"has-post-thumbnail","7":"category-cine","8":"tag-cine","9":"tag-entertainment","10":"tag-entretenimiento","11":"tag-es","12":"tag-espana","13":"tag-film","14":"tag-movies","15":"tag-spain"},"share_on_mastodon":{"url":"","error":""},"_links":{"self":[{"href":"https:\/\/www.europesays.com\/es\/wp-json\/wp\/v2\/posts\/147025","targetHints":{"allow":["GET"]}}],"collection":[{"href":"https:\/\/www.europesays.com\/es\/wp-json\/wp\/v2\/posts"}],"about":[{"href":"https:\/\/www.europesays.com\/es\/wp-json\/wp\/v2\/types\/post"}],"author":[{"embeddable":true,"href":"https:\/\/www.europesays.com\/es\/wp-json\/wp\/v2\/users\/2"}],"replies":[{"embeddable":true,"href":"https:\/\/www.europesays.com\/es\/wp-json\/wp\/v2\/comments?post=147025"}],"version-history":[{"count":0,"href":"https:\/\/www.europesays.com\/es\/wp-json\/wp\/v2\/posts\/147025\/revisions"}],"wp:featuredmedia":[{"embeddable":true,"href":"https:\/\/www.europesays.com\/es\/wp-json\/wp\/v2\/media\/147026"}],"wp:attachment":[{"href":"https:\/\/www.europesays.com\/es\/wp-json\/wp\/v2\/media?parent=147025"}],"wp:term":[{"taxonomy":"category","embeddable":true,"href":"https:\/\/www.europesays.com\/es\/wp-json\/wp\/v2\/categories?post=147025"},{"taxonomy":"post_tag","embeddable":true,"href":"https:\/\/www.europesays.com\/es\/wp-json\/wp\/v2\/tags?post=147025"}],"curies":[{"name":"wp","href":"https:\/\/api.w.org\/{rel}","templated":true}]}}