{"id":147037,"date":"2025-09-29T18:29:10","date_gmt":"2025-09-29T18:29:10","guid":{"rendered":"https:\/\/www.europesays.com\/es\/147037\/"},"modified":"2025-09-29T18:29:10","modified_gmt":"2025-09-29T18:29:10","slug":"guerra-ucrania-rusia-ultima-hora-en-directo-medvedev-advierte-a-europa-del-peligro-nuclear-de-una-guerra-con-rusia","status":"publish","type":"post","link":"https:\/\/www.europesays.com\/es\/147037\/","title":{"rendered":"Guerra Ucrania-Rusia, \u00faltima hora en directo | Medvedev advierte a Europa del peligro nuclear de una guerra con Rusia"},"content":{"rendered":"<p><a href=\"https:\/\/www.elmundo.es\/autor\/carlos-garces.html\" aria-hidden=\"true\" rel=\"nofollow noopener\" target=\"_blank\"><img loading=\"lazy\" decoding=\"async\" width=\"80\" height=\"80\" class=\"ue-c-author-profile__photo-img\" alt=\"Carlos Garc\u00e9s\" src=\"https:\/\/e01-phantom-elmundo.uecdn.es\/284eef77858d581c1b50d7adebf8cb9c\/crop\/96x256\/1017x1184\/f\/image\/jpeg\/b7feb4ce1c85fecfd24849eda73144e6\/crop\/96x256\/1017x1184\/resize\/600\/assets\/multimedia\/imagenes\/2024\/02\/22\/17085881431222.jpg\"\/><\/a><\/p>\n<p> Lunes,<br \/>\n29<br \/>\nseptiembre<br \/>\n2025<br \/>\n&#8211;<br \/>\n19:55<\/p>\n<p class=\"ue-c-article__paragraph\">Nueva noche de lanzamiento de drones tras el mortal y masivo ataque de <strong>Rusia<\/strong> sobre <strong>Ucrania<\/strong> que este domingo dej\u00f3 cuatro muertos (incluido un ni\u00f1o) y al menos 80 heridos en <strong>Kiev<\/strong>. Esta madrugada, las unidades de defensa a\u00e9rea de <strong>Rusia<\/strong> han destruido 84 drones ucranianos, una cantidad \u00ednfima comparada con el armamento que los rusos usaron este domingo para atacar <strong>Ucrania<\/strong>: 595 drones y 48 misiles.<\/p>\n<p class=\"ue-c-article__paragraph\">Tras el brutal ataque ruso de este fin de semana, <strong>Zelenski<\/strong> volvi\u00f3 a exhortar a la comunidad internacional a actuar con firmeza para cortar los ingresos energ\u00e9ticos que financian la invasi\u00f3n rusa. Hasta ahora, <strong>Ucrania<\/strong> no ha logrado convencer al presidente estadounidense <strong>Donald Trump<\/strong> de imponer sanciones punitivas a <strong>Mosc\u00fa<\/strong>.<\/p>\n<p class=\"ue-c-article__paragraph\">Ataques de esta magnitud han puesto al l\u00edmite las defensas a\u00e9reas de Ucrania a lo largo de 2025. <strong>Zelenski<\/strong> afirm\u00f3 el s\u00e1bado que se hab\u00eda desplegado un sistema de misiles <strong>Patriot<\/strong> proveniente de Israel y que espera la llegada de otros dos este oto\u00f1o. Tanto \u00e9l como otros funcionarios han solicitado m\u00e1s sistemas a sus socios internacionales para proteger el espacio a\u00e9reo de <strong>Ucrania<\/strong>, aunque su disponibilidad es limitada y muchos pa\u00edses buscan reforzar sus propias defensas ante la amenaza percibida de <strong>Rusia<\/strong>.<\/p>\n","protected":false},"excerpt":{"rendered":"Lunes, 29 septiembre 2025 &#8211; 19:55 Nueva noche de lanzamiento de drones tras el mortal y masivo ataque&hellip;\n","protected":false},"author":2,"featured_media":147038,"comment_status":"","ping_status":"","sticky":false,"template":"","format":"standard","meta":{"footnotes":""},"categories":[42],"tags":[45111,17,18,13,14,15996,11,61,62,63,64,19,20,9,10,15,16,1614,12,7081,21,22,65,66,67],"class_list":{"0":"post-147037","1":"post","2":"type-post","3":"status-publish","4":"format-standard","5":"has-post-thumbnail","7":"category-internacional","8":"tag-articulos-carlos-garces","9":"tag-breaking-news","10":"tag-breakingnews","11":"tag-featured-news","12":"tag-featurednews","13":"tag-guerra-ucrania-rusia","14":"tag-headlines","15":"tag-internacional","16":"tag-international","17":"tag-international-news","18":"tag-internationalnews","19":"tag-latest-news","20":"tag-latestnews","21":"tag-news","22":"tag-noticias","23":"tag-noticias-destacadas","24":"tag-noticiasdestacadas","25":"tag-rusia","26":"tag-titulares","27":"tag-ucrania","28":"tag-ultimas-noticias","29":"tag-ultimasnoticias","30":"tag-world","31":"tag-world-news","32":"tag-worldnews"},"share_on_mastodon":{"url":"","error":""},"_links":{"self":[{"href":"https:\/\/www.europesays.com\/es\/wp-json\/wp\/v2\/posts\/147037","targetHints":{"allow":["GET"]}}],"collection":[{"href":"https:\/\/www.europesays.com\/es\/wp-json\/wp\/v2\/posts"}],"about":[{"href":"https:\/\/www.europesays.com\/es\/wp-json\/wp\/v2\/types\/post"}],"author":[{"embeddable":true,"href":"https:\/\/www.europesays.com\/es\/wp-json\/wp\/v2\/users\/2"}],"replies":[{"embeddable":true,"href":"https:\/\/www.europesays.com\/es\/wp-json\/wp\/v2\/comments?post=147037"}],"version-history":[{"count":0,"href":"https:\/\/www.europesays.com\/es\/wp-json\/wp\/v2\/posts\/147037\/revisions"}],"wp:featuredmedia":[{"embeddable":true,"href":"https:\/\/www.europesays.com\/es\/wp-json\/wp\/v2\/media\/147038"}],"wp:attachment":[{"href":"https:\/\/www.europesays.com\/es\/wp-json\/wp\/v2\/media?parent=147037"}],"wp:term":[{"taxonomy":"category","embeddable":true,"href":"https:\/\/www.europesays.com\/es\/wp-json\/wp\/v2\/categories?post=147037"},{"taxonomy":"post_tag","embeddable":true,"href":"https:\/\/www.europesays.com\/es\/wp-json\/wp\/v2\/tags?post=147037"}],"curies":[{"name":"wp","href":"https:\/\/api.w.org\/{rel}","templated":true}]}}