{"id":147039,"date":"2025-09-29T18:30:11","date_gmt":"2025-09-29T18:30:11","guid":{"rendered":"https:\/\/www.europesays.com\/es\/147039\/"},"modified":"2025-09-29T18:30:11","modified_gmt":"2025-09-29T18:30:11","slug":"muere-un-hombre-de-49-anos-tras-precipitarse-por-unas-escaleras-en-el-hospital-regional-de-malaga","status":"publish","type":"post","link":"https:\/\/www.europesays.com\/es\/147039\/","title":{"rendered":"Muere un hombre de 49 a\u00f1os tras precipitarse por unas escaleras en el Hospital Regional de M\u00e1laga"},"content":{"rendered":"<p>Muere un hombre de 49 a\u00f1os y nacionalidad rusa tras precipitarse por unas escaleras en el Hospital Regional de M\u00e1laga. El fallecido llevaba ingresado en  &#8230; el centro sanitario por una infecci\u00f3n en un disco vertebral y no ten\u00eda antecedentes psiqui\u00e1tricos. Si bien, la principal hip\u00f3tesis apunta a suicidio, han informado a este peri\u00f3dico fuentes cercanas. <\/p>\n<p class=\"v-p\">Ocurri\u00f3 la madrugada del s\u00e1bado 27 de septiembre y la voz de alarma la dio el familiar de un paciente, que se encontr\u00f3 con la escena cuando fue a buscar agua. Hasta el lugar acudieron efectivos de Polic\u00eda Nacional y de la comitiva judicial (formada por el juez de guardia, el letrado de la Administraci\u00f3n de Justicia (LAJ) y el m\u00e9dico forense) para proceder al levantamiento del cad\u00e1ver. Asimismo, los agentes pudieron saber que el fallecido se encontraba solo en Espa\u00f1a, por lo que trataron de localizar a sus familiares, aunque sin \u00e9xito.<\/p>\n<p class=\"v-p\">Al parecer, el ciudadano ingres\u00f3 el pasado lunes en el Hospital Regional por una infecci\u00f3n en un disco vertebral y estaba pendiente de que le dieran el alta m\u00e9dica pr\u00f3ximamente. Aunque no constan antecedentes psiqui\u00e1tricos, el paciente podr\u00eda tener, seg\u00fan las fuentes, alg\u00fan problema de adicci\u00f3n alcoh\u00f3lica. <\/p>\n<p class=\"v-p\">Cabe recordar que los hospitales andaluces atendieron en 2024 un total de 5.500 tentativas de suicidios, de los que 403 fueron en menores de 18 a\u00f1os y 5.097 en mayores de edad. En 2023, las tentativas atendidas en los hospitales fueron 5.374 (de las que 393 eran menores de edad), mientras que en 2022 fueron 5.039 (de las que 419 eran menores de edad).<\/p>\n<p class=\"v-p\">Ante situaciones de crisis, ansiedad o simplemente necesidad de desahogo con alguien, el Tel\u00e9fono y el Chat de la Esperanza est\u00e1n al otro lado. Tel\u00e9fono de ayuda: 952 261 500. Aplicaci\u00f3n del Chat (disponible para Android e iOS: CONECTATE.SOCIAL.<\/p>\n","protected":false},"excerpt":{"rendered":"Muere un hombre de 49 a\u00f1os y nacionalidad rusa tras precipitarse por unas escaleras en el Hospital Regional&hellip;\n","protected":false},"author":2,"featured_media":147040,"comment_status":"","ping_status":"","sticky":false,"template":"","format":"standard","meta":{"footnotes":""},"categories":[8],"tags":[988,17,18,25,6132,24,13,14,11,366,3345,19,20,3855,8938,9,10,15,16,18804,16518,23,12,575,21,22],"class_list":{"0":"post-147039","1":"post","2":"type-post","3":"status-publish","4":"format-standard","5":"has-post-thumbnail","7":"category-espana","8":"tag-anos","9":"tag-breaking-news","10":"tag-breakingnews","11":"tag-es","12":"tag-escaleras","13":"tag-espana","14":"tag-featured-news","15":"tag-featurednews","16":"tag-headlines","17":"tag-hombre","18":"tag-hospital","19":"tag-latest-news","20":"tag-latestnews","21":"tag-malaga","22":"tag-muere","23":"tag-news","24":"tag-noticias","25":"tag-noticias-destacadas","26":"tag-noticiasdestacadas","27":"tag-precipitarse","28":"tag-regional","29":"tag-spain","30":"tag-titulares","31":"tag-tras","32":"tag-ultimas-noticias","33":"tag-ultimasnoticias"},"share_on_mastodon":{"url":"","error":""},"_links":{"self":[{"href":"https:\/\/www.europesays.com\/es\/wp-json\/wp\/v2\/posts\/147039","targetHints":{"allow":["GET"]}}],"collection":[{"href":"https:\/\/www.europesays.com\/es\/wp-json\/wp\/v2\/posts"}],"about":[{"href":"https:\/\/www.europesays.com\/es\/wp-json\/wp\/v2\/types\/post"}],"author":[{"embeddable":true,"href":"https:\/\/www.europesays.com\/es\/wp-json\/wp\/v2\/users\/2"}],"replies":[{"embeddable":true,"href":"https:\/\/www.europesays.com\/es\/wp-json\/wp\/v2\/comments?post=147039"}],"version-history":[{"count":0,"href":"https:\/\/www.europesays.com\/es\/wp-json\/wp\/v2\/posts\/147039\/revisions"}],"wp:featuredmedia":[{"embeddable":true,"href":"https:\/\/www.europesays.com\/es\/wp-json\/wp\/v2\/media\/147040"}],"wp:attachment":[{"href":"https:\/\/www.europesays.com\/es\/wp-json\/wp\/v2\/media?parent=147039"}],"wp:term":[{"taxonomy":"category","embeddable":true,"href":"https:\/\/www.europesays.com\/es\/wp-json\/wp\/v2\/categories?post=147039"},{"taxonomy":"post_tag","embeddable":true,"href":"https:\/\/www.europesays.com\/es\/wp-json\/wp\/v2\/tags?post=147039"}],"curies":[{"name":"wp","href":"https:\/\/api.w.org\/{rel}","templated":true}]}}