{"id":147043,"date":"2025-09-29T18:39:06","date_gmt":"2025-09-29T18:39:06","guid":{"rendered":"https:\/\/www.europesays.com\/es\/147043\/"},"modified":"2025-09-29T18:39:06","modified_gmt":"2025-09-29T18:39:06","slug":"un-video-muestra-el-momento-en-que-un-icono-de-la-ufc-es-noqueado-por-un-hombre-vestido-de-esmoquin-tras-un-caotico-debut-en-el-boxeo-gamereactor","status":"publish","type":"post","link":"https:\/\/www.europesays.com\/es\/147043\/","title":{"rendered":"Un v\u00eddeo muestra el momento en que un icono de la UFC es noqueado por un hombre vestido de esmoquin tras un ca\u00f3tico debut en el boxeo &#8211; Gamereactor"},"content":{"rendered":"<ol>\n<li><a href=\"https:\/\/news.google.com\/rss\/articles\/CBMi_gFBVV95cUxQYy1iX0xVTlJZNkVMR0pKWlhmS3prWHpJYzI3Y1dhVzF3MktxNUtzZVhaS2lkWkY2d2RTVDBwbFY5ZlVLUldtenEzVUdoRVBpem4zQUpMdFh2Vk84Y1BCNmpoUEtMc3IwNDByNmFhWTBpN1lNSUw2XzhQMFdpODVSOXd3OUNaMWZqRkhLRFVjN0s5eHV2aXVrN1FqckpoOE5mVkVxb1lWSFBlRElCX1c2ZHU5aGUxbC15T1lNbUczRDItODJ2akxHVk9DNDgyV1I1YnRjUUtjZWdfRzRHUmNJZkljb1JyR1ZTaDNsVVhFcnByUEVDR3YxdFAtRl90QQ?oc=5\" target=\"_blank\" rel=\"nofollow noopener\">Un v\u00eddeo muestra el momento en que un icono de la UFC es noqueado por un hombre vestido de esmoquin tras un ca\u00f3tico debut en el boxeo<\/a>&nbsp;&nbsp;Gamereactor<\/li>\n<li><a href=\"https:\/\/news.google.com\/rss\/articles\/CBMioAFBVV95cUxOOGV0TThPOGNaOUJtRTdRVi11ZmF2dVAzSWpZTTJITXQwVWFkOGJyaDhlYXR6ZTZaMlVaZFc5NXYtU2JvaVFKTVBMeWd0dmNjT0ZjekVSWDJCNE9QSXVMSE1hRkd0UW1jNnNTbnBXUW1zSUZ3LUo5RU9pM2RtU05Eejh3ODF6bmxlUThfTXJKYzlSZWc1b3BxMVN0WUQ2NVky?oc=5\" target=\"_blank\" rel=\"nofollow noopener\">Wanderlei Silva fracturado en trifulca posterior a exhibici\u00f3n<\/a>&nbsp;&nbsp;ESPN Deportes<\/li>\n<li><a href=\"https:\/\/news.google.com\/rss\/articles\/CBMi6gFBVV95cUxNYzJ6V08xbkVSUXU1bnNBVWZ6YWQ1Y3dRd0hlcXF4Vm04MzRFVmZITTVXanJzNU9UYjRSYUxFZVMyREVkTDRMT2hCZVJuWm9xX1B1QjlBZ1doVDBLWk14YWJOYWNKY2xCQzhod0xYT01ZQVFWYklNdXl0NGNLZ1VKdHZESTlkTHlJMFlacU9JbjNXdXZkRkx5NFB6NE5FbU5oY3g4bkhlSlRmX3N5NUpwNzBmcEdQdHdwNVVMb2VRQkxCdW1RUHljVlVfY1RkTEdxem0zQ1JSU05Eei02cTc4dm94SnFvTVRlR3c?oc=5\" target=\"_blank\" rel=\"nofollow noopener\">Brasil: un evento de boxeo termin\u00f3 en batalla campal, con una exestrella de la UFC inconsciente en el ring<\/a>&nbsp;&nbsp;La Naci\u00f3n<\/li>\n<li><a href=\"https:\/\/news.google.com\/rss\/articles\/CBMihAJBVV95cUxQMndDdW1lbDU5ZlRYdTBHOVYyVElCbndxUE8zMzFrOVIwbEQ3SGh2aXVXb3c1WDVycnlUNGJWWkhWcmxVM2hUQjF1LXlrLUJvcmw1Sk5LU00ybFN2ZFUtbU43UGt0Z0lHWEN3VnNwZkp0YjZpQ1ZlcjdhdFh3OXhQLXcxYkh4X0RnV202NldYWkhFTVNRT3A2ckxGR25PN19GOVZpT0lqbG04WXdpWlJXRHNLRUNoeHZRVmszWTZKeU56NmhQVmJVZDdqY3Z0RWFZbW9LdndYUnFndjRmRkhnWml1Y1Zmd3R0dTlDeDVHUXh6bTh0Y2dBcTlQTU1NaW1BemlQctIBnwJBVV95cUxQTzdtY0tSM3BEQU1VMWV1ZXluU2NVenluV0FVMmprd2xBV2tqUEhRWUlXaC1RYnZSY181bzg3M3hKUk1BNHp5Rzd6dXhKMVo3S2hpWXRyMWxkNjRpZnBiOE5QWU9JVGd5WDlwQmQtVTVOOHZaRGhZTzJTQmh4MmhFZXhCS3N1b3NrQmhHajltdi0zTERNUFRqbFFQbFprMzB6cEFZcjJxcko5TmlqUHNXTGs4R1dYTW9RYW1HMVpqdldRQ3h0YUpiSDJwTWZHbWFaaC1rSzdndm1pd0c5S2kweDFHZDJObGYzekFPYU4yeDhNVnZBeEdmNEp6bWJvZWw3OHhreTFHeFMzV1pINTl4QlIyQzhJSHN6NHE5VzhRYw?oc=5\" target=\"_blank\" rel=\"nofollow noopener\">Una pelea de exhibici\u00f3n termin\u00f3 en esc\u00e1ndalo en Brasil: la agresi\u00f3n que recibi\u00f3 una estrella de UFC en medio de una batalla campal<\/a>&nbsp;&nbsp;Infobae<\/li>\n<li><a href=\"https:\/\/news.google.com\/rss\/articles\/CBMi7gFBVV95cUxQV3NpaDN5dDhzVXRSVjhyZjJJdFNyNnFGUGlTRW9lU29lenJJaTRXWk5JeDRkVlRUUlB6TERremVBMGtHXzlWTm5URXpiRjBtZkJ0SURqQnZoM3FKVkJCVEhfQXpaLUZwNUhfS2VOd09iOUNzNzdrbEw0Qm14LXVVYTFKaWJLZFM4M2NjbkhfLWstcndnWk9rMXQ0STlXWDVGREFNUHBvejJSREswRFFGMVZrMjhHQ1ZVeVE4SlVvV1R4M20td1ZObmpwTDRFVUEzQTdqci1XTC0yYU56ZjRkWDZLZ2hnNkVOWGQyMkhn?oc=5\" target=\"_blank\" rel=\"nofollow noopener\">Un v\u00eddeo muestra el momento en que un icono de la UFC es noqueado por un hombre vestido de esmoquin tras un ca\u00f3tico debut<\/a>&nbsp;&nbsp;Gamereactor<\/li>\n<\/ol>\n","protected":false},"excerpt":{"rendered":"Un v\u00eddeo muestra el momento en que un icono de la UFC es noqueado por un hombre vestido&hellip;\n","protected":false},"author":2,"featured_media":146673,"comment_status":"","ping_status":"","sticky":false,"template":"","format":"standard","meta":{"footnotes":""},"categories":[276],"tags":[168,25,24,23,167,343],"class_list":{"0":"post-147043","1":"post","2":"type-post","3":"status-publish","4":"format-standard","5":"has-post-thumbnail","7":"category-ufc","8":"tag-deportes","9":"tag-es","10":"tag-espana","11":"tag-spain","12":"tag-sports","13":"tag-ufc"},"share_on_mastodon":{"url":"","error":""},"_links":{"self":[{"href":"https:\/\/www.europesays.com\/es\/wp-json\/wp\/v2\/posts\/147043","targetHints":{"allow":["GET"]}}],"collection":[{"href":"https:\/\/www.europesays.com\/es\/wp-json\/wp\/v2\/posts"}],"about":[{"href":"https:\/\/www.europesays.com\/es\/wp-json\/wp\/v2\/types\/post"}],"author":[{"embeddable":true,"href":"https:\/\/www.europesays.com\/es\/wp-json\/wp\/v2\/users\/2"}],"replies":[{"embeddable":true,"href":"https:\/\/www.europesays.com\/es\/wp-json\/wp\/v2\/comments?post=147043"}],"version-history":[{"count":0,"href":"https:\/\/www.europesays.com\/es\/wp-json\/wp\/v2\/posts\/147043\/revisions"}],"wp:featuredmedia":[{"embeddable":true,"href":"https:\/\/www.europesays.com\/es\/wp-json\/wp\/v2\/media\/146673"}],"wp:attachment":[{"href":"https:\/\/www.europesays.com\/es\/wp-json\/wp\/v2\/media?parent=147043"}],"wp:term":[{"taxonomy":"category","embeddable":true,"href":"https:\/\/www.europesays.com\/es\/wp-json\/wp\/v2\/categories?post=147043"},{"taxonomy":"post_tag","embeddable":true,"href":"https:\/\/www.europesays.com\/es\/wp-json\/wp\/v2\/tags?post=147043"}],"curies":[{"name":"wp","href":"https:\/\/api.w.org\/{rel}","templated":true}]}}