{"id":147054,"date":"2025-09-29T18:45:13","date_gmt":"2025-09-29T18:45:13","guid":{"rendered":"https:\/\/www.europesays.com\/es\/147054\/"},"modified":"2025-09-29T18:45:13","modified_gmt":"2025-09-29T18:45:13","slug":"de-su-primer-matrimonio-a-su-retirada","status":"publish","type":"post","link":"https:\/\/www.europesays.com\/es\/147054\/","title":{"rendered":"de su primer matrimonio a su retirada"},"content":{"rendered":"<p id=\"eR25ZVh__j\" data-wc=\"60\">Migue Torres est\u00e1 demostrando semana tras semana que se atreve con todo. El exfutbolista de equipos como el Real Madrid o el M\u00e1laga, <a class=\"hm-link ho-link\" href=\"https:\/\/www.hola.com\/actualidad\/20250902853382\/miguel-torres-paula-echevarria-bustamante-masterchef-celebrity\/\" data-mrf-recirculation=\"article-body-link\" rel=\"nofollow noopener\" target=\"_blank\">es uno de los participantes de &#8216;MasterChef Celebrity 10<\/a>&#8216;, donde est\u00e1 poniendo a prueba su destreza como cocinero: \u00a0\u00abDespu\u00e9s del f\u00fatbol, la cocina ha sido siempre mi segunda pasi\u00f3n\u00bb, comentaba Miguel d\u00edas antes del estreno del programa.\u00a0<\/p>\n<p> <img src=\"https:\/\/www.europesays.com\/es\/wp-content\/uploads\/2025\/09\/0bd56b517b59-542873336185240307700012424367084300996469169n.jpg\"   width=\"1024\" height=\"1024\" loading=\"lazy\" decoding=\"async\" alt=\"Media Image\" fetchpriority=\"auto\" class=\"image ho-image\"\/>\u00a9 migueltorres<\/p>\n<p id=\"ek9ns3dsGpu\" data-wc=\"82\">A sus 39 a\u00f1os, Miguel ha cambiado la hierba de los campos de f\u00fatbol por las cocinas de &#8216;MasterChef Celebrity&#8217;. El exfutbolista cuenta con una amplia trayectoria en el terreno de juego, formando parte de las filas del Getafe, el Madrid, el M\u00e1laga y el Olympiacos hasta que decide colgar las botas para siempre en el a\u00f1o 2019. Ten\u00eda 33 a\u00f1os, y no hab\u00eda vuelta atr\u00e1s, la cabeza le ped\u00eda parar, sent\u00eda que hab\u00eda llegado al final de su etapa como futbolista.\u00a0<\/p>\n<p> <img src=\"https:\/\/www.europesays.com\/es\/wp-content\/uploads\/2025\/09\/4256cb01f345-dlu402023009.jpg\"   width=\"1024\" height=\"668\" loading=\"lazy\" decoding=\"async\" alt=\"El futbolista Miguel Torres durante el partido de La liga entre el M\u00e1laga y la Real Sociedad en el estadio de la Rosaleda en 2018&#10;\" fetchpriority=\"auto\" class=\"image ho-image\"\/>\u00a9 GTRESEl exfutbolista Miguel Torres durante el partido de La liga entre el M\u00e1laga y la Real Sociedad en el estadio de la Rosaleda en 2018<\/p>\n<p>Paula Echevarr\u00eda: su gran amor y la madre de su \u00fanico hijo<\/p>\n<p id=\"eoRGqvzziR\" data-wc=\"57\">Fue en el a\u00f1o 2018 cuando se hizo p\u00fablica su relaci\u00f3n con una de las actrices e &#8216;influencers&#8217; m\u00e1s populares de nuestro pa\u00eds, Paula Echevarr\u00eda, y desde entonces son una de las parejas m\u00e1s s\u00f3lidas que se conocen. Sobre c\u00f3mo fue su historia de amor, \u00e9l mismo lo ha contado en el programa en el que participa.\u00a0<\/p>\n<p>\n <img src=\"https:\/\/www.europesays.com\/es\/wp-content\/uploads\/2025\/09\/671886310c64-dlu409162054.jpg\"   width=\"1024\" height=\"682\" loading=\"lazy\" decoding=\"async\" alt=\"Miguel Torres y Paula Echevarria en 2018\" fetchpriority=\"auto\" class=\"image ho-image\"\/>\u00a9 GTRESMiguel Torres y Paula Echevarria en 2018<\/p>\n<p id=\"ek_YFwG6so\" data-wc=\"116\">Todo ocurri\u00f3 cuando algunos de sus compa\u00f1eros de &#8216;MasterChef Celebrity&#8217; le preguntaron c\u00f3mo hab\u00eda surgido el amor con ella y \u00e9l, con total sinceridad, record\u00f3 que <a class=\"hm-link ho-link\" href=\"https:\/\/www.hola.com\/actualidad\/20180321121851\/david-bustamante-primeras-palabras-tras-divorcio-hola\/\" data-mrf-recirculation=\"article-body-link\" rel=\"nofollow noopener\" target=\"_blank\">su primer encuentro fue en 2010 gracias a David Bustamante<\/a>: \u00ab<strong>La conoc\u00ed diez a\u00f1os antes de empezar a salir, que me llam\u00f3 David para hacer un videoclip<\/strong>\u00ab, explic\u00f3, en referencia a &#8216;A contracorriente&#8217;, proyecto en el que Paula interpretaba a una artista internacional que enga\u00f1aba a su pareja, papel que interpretaba el propio Miguel, con el cantante c\u00e1ntabro. En aquel momento no pas\u00f3 nada. Ambos manten\u00edan relaciones consolidadas con sus respectivas parejas, y no fue hasta casi una d\u00e9cada despu\u00e9s cuando sus caminos se volvieron a cruzar y se enamoraron.\u00a0<\/p>\n<p> <img src=\"https:\/\/www.europesays.com\/es\/wp-content\/uploads\/2025\/09\/f576e3d0a1c2-dlu399095011.jpg\"   width=\"1024\" height=\"682\" loading=\"lazy\" decoding=\"async\" alt=\"Media Image\" fetchpriority=\"auto\" class=\"image ho-image\"\/>\u00a9 GTRES<br \/>\nSu primer matrimonio\u00a0<\/p>\n<p id=\"ezuikZ-cVU\" data-wc=\"56\">Miguel Torres estuvo casado antes de conocer a Paula Echevarr\u00eda. Mar\u00eda Plaza, modelo nacida en Ja\u00e9n, fue su pareja desde el a\u00f1o 2012. Un a\u00f1o m\u00e1s tarde, el 8 de junio de 2013, decid\u00edan oficializar su relaci\u00f3n, cas\u00e1ndose en una boda \u00edntima en Madrid. Miguel ten\u00eda entonces 27 a\u00f1os, y ella era m\u00e1s joven que \u00e9l.<\/p>\n<p> <img src=\"https:\/\/www.europesays.com\/es\/wp-content\/uploads\/2025\/09\/395ca3590f28-dlu283847038-1.jpg\"   width=\"682\" height=\"1024\" loading=\"lazy\" decoding=\"async\" alt=\"Media Image\" fetchpriority=\"auto\" class=\"image ho-image\"\/>\u00a9 GTRES<\/p>\n<p id=\"eX_MBtV5MW0\" data-wc=\"40\">Su matrimonio fue breve y la pareja decid\u00eda divorciarse sin hacer ruido poco tiempo despu\u00e9s de que el futbolista fichara por el Olympiacos F\u00fatbol Club. Desde entonces, Mar\u00eda Plaza vive alejada del foco medi\u00e1tico, centrada en su carrera como modelo.<\/p>\n<p> <img src=\"https:\/\/www.europesays.com\/es\/wp-content\/uploads\/2025\/09\/83dc2dc0c546-dlu184605012-1.jpg\"   width=\"1024\" height=\"681\" loading=\"lazy\" decoding=\"async\" alt=\" Miguel Torres y Mar\u00eda Plaza en el Masters Series Madrid Open en 2012 &#10;\" fetchpriority=\"auto\" class=\"image ho-image\"\/>\u00a9 \u00c2\u00a9GTRESONLINE Miguel Torres y Mar\u00eda Plaza en el Masters Series Madrid Open en 2012 <\/p>\n<p>\u00bfPlanes de boda con Paula Echevarr\u00eda?<\/p>\n<p id=\"e-VwimD5EU\" data-wc=\"69\">Miguel Torres ha contado en varias ocasiones que no siente la necesidad de firmar un papel con Paula Echevarr\u00eda, ni ella tampoco. Es m\u00e1s, su hijo, Miki, es el mayor de los compromisos que tienen en com\u00fan: \u00abTenemos una familia maravillosa. Paula tiene a Daniella, que ya es casi una adulta, y juntos tenemos a Miki, que es nuestro gran nexo\u00bb, comentaba en una de sus entrevistas m\u00e1s recientes.<\/p>\n<p> <img src=\"https:\/\/www.europesays.com\/es\/wp-content\/uploads\/2025\/09\/cc650265b398-dlu588982010.jpg\"   width=\"682\" height=\"1024\" loading=\"lazy\" decoding=\"async\" alt=\"Paula Echevarria y Miguel Torres en el Festival Starlite de Marbella \" fetchpriority=\"auto\" class=\"image ho-image\"\/>\u00a9 GTRESPaula Echevarria y Miguel Torres en el Festival Starlite de Marbella <\/p>\n<p id=\"eE0zhQX9VMJ\" data-wc=\"59\">\u00abYo ya me cas\u00e9 y me divorci\u00e9, Paula tambi\u00e9n se cas\u00f3 y se divorci\u00f3. Hemos vivido esos momentos y yo creo que cuando uno est\u00e1 bien y le funciona su vida tal y como est\u00e1, no lo consideramos totalmente necesario\u00bb, ha contado Miguel cuando le han preguntado si piensa en boda con su pareja y madre de su hijo.\u00a0<\/p>\n<p> <img src=\"https:\/\/www.europesays.com\/es\/wp-content\/uploads\/2025\/09\/67647d458611-dlu561865001.jpg\"   width=\"1024\" height=\"682\" loading=\"lazy\" decoding=\"async\" alt=\"Media Image\" fetchpriority=\"auto\" class=\"image ho-image\"\/>\u00a9 GTRES<\/p>\n<p> <img src=\"https:\/\/www.europesays.com\/es\/wp-content\/uploads\/2025\/09\/7c2367b53ef9-dlu589608021.jpg\"   width=\"685\" height=\"1024\" loading=\"lazy\" decoding=\"async\" alt=\"Media Image\" fetchpriority=\"auto\" class=\"image ho-image\"\/>\u00a9 GTRES<\/p>\n","protected":false},"excerpt":{"rendered":"Migue Torres est\u00e1 demostrando semana tras semana que se atreve con todo. El exfutbolista de equipos como el&hellip;\n","protected":false},"author":2,"featured_media":147055,"comment_status":"","ping_status":"","sticky":false,"template":"","format":"standard","meta":{"footnotes":""},"categories":[268],"tags":[517,168,253,25,24,280,282,19023,15640,281,23,167],"class_list":{"0":"post-147054","1":"post","2":"type-post","3":"status-publish","4":"format-standard","5":"has-post-thumbnail","7":"category-futbol","8":"tag-actualidad","9":"tag-deportes","10":"tag-discover","11":"tag-es","12":"tag-espana","13":"tag-football","14":"tag-futbol","15":"tag-miguel-torres","16":"tag-paula-echevarria","17":"tag-soccer","18":"tag-spain","19":"tag-sports"},"share_on_mastodon":{"url":"","error":""},"_links":{"self":[{"href":"https:\/\/www.europesays.com\/es\/wp-json\/wp\/v2\/posts\/147054","targetHints":{"allow":["GET"]}}],"collection":[{"href":"https:\/\/www.europesays.com\/es\/wp-json\/wp\/v2\/posts"}],"about":[{"href":"https:\/\/www.europesays.com\/es\/wp-json\/wp\/v2\/types\/post"}],"author":[{"embeddable":true,"href":"https:\/\/www.europesays.com\/es\/wp-json\/wp\/v2\/users\/2"}],"replies":[{"embeddable":true,"href":"https:\/\/www.europesays.com\/es\/wp-json\/wp\/v2\/comments?post=147054"}],"version-history":[{"count":0,"href":"https:\/\/www.europesays.com\/es\/wp-json\/wp\/v2\/posts\/147054\/revisions"}],"wp:featuredmedia":[{"embeddable":true,"href":"https:\/\/www.europesays.com\/es\/wp-json\/wp\/v2\/media\/147055"}],"wp:attachment":[{"href":"https:\/\/www.europesays.com\/es\/wp-json\/wp\/v2\/media?parent=147054"}],"wp:term":[{"taxonomy":"category","embeddable":true,"href":"https:\/\/www.europesays.com\/es\/wp-json\/wp\/v2\/categories?post=147054"},{"taxonomy":"post_tag","embeddable":true,"href":"https:\/\/www.europesays.com\/es\/wp-json\/wp\/v2\/tags?post=147054"}],"curies":[{"name":"wp","href":"https:\/\/api.w.org\/{rel}","templated":true}]}}