{"id":147056,"date":"2025-09-29T18:46:11","date_gmt":"2025-09-29T18:46:11","guid":{"rendered":"https:\/\/www.europesays.com\/es\/147056\/"},"modified":"2025-09-29T18:46:11","modified_gmt":"2025-09-29T18:46:11","slug":"la-decision-de-zarzuela-con-la-infanta-sofia-que-afecta-a-su-agenda-tras-comenzar-su-nueva-etapa-en-lisboa","status":"publish","type":"post","link":"https:\/\/www.europesays.com\/es\/147056\/","title":{"rendered":"La decisi\u00f3n de Zarzuela con la infanta Sof\u00eda que afecta a su agenda tras comenzar su nueva etapa en Lisboa"},"content":{"rendered":"<p>La princesa Leonor y la infanta Sof\u00eda han encarado el nuevo curso escolar con <strong>determinaci\u00f3n e ilusi\u00f3n ante los nuevos retos que les esperan<\/strong>. Por un lado, <a href=\"https:\/\/www.lecturas.com\/actualidad\/casas-reales\/princesa-leonor-estrena-uniforme-nervios-ganas-emocion-su-llegada-solitario-san-javier_180533\" target=\"_self\" rel=\"nofollow noopener\">la heredera al trono ingres\u00f3 en la Academia <\/a>General del Aire y el Espacio de San Javier, la \u00faltima etapa de su formaci\u00f3n profesional. Por otro lado, la hija peque\u00f1a de los reyes Felipe y Letizia ha empezado su carrera universitaria en el Forward College, que le permitir\u00e1 vivir en tres campus<strong> diferentes durante los a\u00f1os que duren sus estudios.<\/strong><\/p>\n<p>El primero es el que el centro acad\u00e9mico tiene en Lisboa, donde ya la hemos visto <a href=\"https:\/\/www.lecturas.com\/actualidad\/casas-reales\/infanta-sofia-protagoniza-su-primer-posado-lisboa-casa-real-abre-album-sus-primeros-dias-universidad_181239\" target=\"_self\" rel=\"nofollow noopener\">realizar su primer posado oficial.<\/a>\u00a0All\u00ed, la joven se alojara en una residencia del barrio Benfica, donde cuenta <strong>con una habitaci\u00f3n privada, varias zonas comunes y toda una serie de servicios<\/strong> para hacer de su estancia en la ciudad lasa una experiencia agradable.<\/p>\n<p>Aunque empezar la carrera de Ciencias Pol\u00edticas y Relaciones Internacionales en un pa\u00eds nuevo es toda una aventura, Zarzuela ha confirmado el nuevo acto en el que participar\u00e1 la infanta Sof\u00eda. Un evento en el que hace ya cuatro a\u00f1os que no la vemos:<strong> el desfile militar del D\u00eda de la Hispanidad.<\/strong><\/p>\n<p><img loading=\"lazy\" decoding=\"async\"   src=\"https:\/\/www.europesays.com\/es\/wp-content\/uploads\/2025\/09\/reyes-felipe-y-letizia-princesa-leonor-e-infanta-sofia_e542b1c6_250929191231_1200x800.webp.webp\" alt=\"Reyes Felipe y Letizia, princesa Leonor e infanta Sof\u00eda\" class=\"lazyload\" width=\"1200\" height=\"800\" data-aspectratio=\"1200\/800\"\/><\/p>\n<p>Los reyes Felipe y Letizia junto a sus hijas, la princesa Leonor y la infanta Sof\u00eda, en el desfile militar del 12 de octubre de 2020.<\/p>\n<p>&#13;GTRES<\/p>\n<p>En los \u00faltimos a\u00f1os, nos hemos acostumbrado a ver a Felipe y Letizia junto a la princesa Leonor cada 12 de octubre, pero la benjamina de la familia <strong>evitaba este compromiso por sus obligaciones estudiantiles.<\/strong>\u00a0La \u00faltima vez que les vimos juntos fue en el desfile de 2020, donde la pandemia del COVID-19 marc\u00f3 la seguridad del evento. Sin embargo, este 2025, al caer el domingo y encontrarse en el pa\u00eds vecino, Sof\u00eda acudir\u00e1 a este acto.<\/p>\n<p><img loading=\"lazy\" decoding=\"async\"   src=\"https:\/\/www.europesays.com\/es\/wp-content\/uploads\/2025\/09\/reyes-felipe-y-letizia-leonor-y-sofia_ae43c621_250929191553_1200x749.webp.webp\" alt=\"Reyes Felipe y Letizia, Leonor y Sof\u00eda\" class=\"lazyload\" width=\"1200\" height=\"749\" data-aspectratio=\"1200\/749\"\/><\/p>\n<p>La primera vez que los reyes Felipe y Letizia acudieron al desfile militar del 12 de octubre junto a sus dos hijas, Leonor y Sof\u00eda, fue en 2014<\/p>\n<p>&#13;GTRES<br \/>\n<img decoding=\"async\" src=\"https:\/\/www.europesays.com\/es\/wp-content\/uploads\/2025\/09\/looks-infanta-sofia-lisboa_a3bdbaa9_250926145915_800x800.webp.webp\" alt=\"Looks Infanta Sof\u00eda Lisboa\" class=\"image lazyload\"\/><img loading=\"lazy\" decoding=\"async\" src=\"https:\/\/www.europesays.com\/es\/wp-content\/uploads\/2025\/09\/looks-infanta-sofia-lisboa_a3bdbaa9_250926145921_1280x720.webp.webp\" alt=\"La norma de la Casa Real que frena el futuro profesional de la infanta Sof\u00eda\" class=\"image lazyload\" width=\"1280\" height=\"720\" data-aspectratio=\"1280\/720\"\/><\/p>\n<p>Su presencia no solo nos permitir\u00e1 disfrutar de nuevas im\u00e1genes de la familia real al completo, sino que tambi\u00e9n se\u00f1ala la importancia de la infanta Sof\u00eda.<strong> A diferencia de los a\u00f1os anteriores<\/strong>, la joven estar\u00e1 junto a su hermana y padres en la recepci\u00f3n de las autoridades en el Palacio Real. Una forma de dar un paso al frente como un activo clave para la monarqu\u00eda.<\/p>\n<p>La princesa Leonor, &#8216;ausente&#8217; en el desfile del 12 de octubre<\/p>\n<p>Mientras que la infanta Leonor acaparara las miradas por su presencia inesperada en este evento, la princesa Leonor no formara parte del desfile como miembro de las Fuerzas Armadas con el resto de sus compa\u00f1eros. Seg\u00fan &#8216;Monarqu\u00eda Confidencial&#8217; tras consultar a fuentes oficiales de la Casa del Rey, a pesar de que ya cuenta con dos tipos de formaciones militares, <strong>la futura reina seguir\u00e1 sin ser parte de la parada militar.<\/strong><\/p>\n<p><img loading=\"lazy\" decoding=\"async\"   src=\"https:\/\/www.europesays.com\/es\/wp-content\/uploads\/2025\/09\/leonor_be7c1c8e_250929190953_1200x800.webp.webp\" alt=\"Leonor\" class=\"lazyload\" width=\"1200\" height=\"800\" data-aspectratio=\"1200\/800\"\/><\/p>\n<p>La princesa Leonor ataviada con su traje de guardiamarina tras su traves\u00eda en el buque-escuela Juan Sebasti\u00e1n Elcano<\/p>\n<p>&#13;GTRES<\/p>\n<p>\u00abQue Leonor no desfile no resta relevancia a su papel\u00bb, indican, dejando claro que su papel seguir\u00e1 siendo esencial para este d\u00eda. Adem\u00e1s, <strong>no descartan que m\u00e1s adelante s\u00ed participara de pleno derecho<\/strong> y como s\u00edmbolo de su implicaci\u00f3n con los tres cuerpos militares. Pero, de momento, habr\u00e1 que esperar y conformarnos con verla en alguno de los momentos clave de esta fecha.<\/p>\n<p><img loading=\"lazy\" decoding=\"async\"   src=\"https:\/\/www.europesays.com\/es\/wp-content\/uploads\/2025\/09\/leonor_62265ae5_068_250929191639_1200x789.webp.webp\" alt=\"Leonor\" class=\"lazyload\" width=\"1200\" height=\"789\" data-aspectratio=\"1200\/789\"\/><\/p>\n<p>La princesa Leonor con su traje de aviador en uno de los modelos que podr\u00e1 pilotar tras su formaci\u00f3n en la Academia de San Javier<\/p>\n<p>&#13;GTRES<\/p>\n<p>Por ejemplo, tras izar la bandera, ser\u00e1 la total protagonista del homenaje a los Ca\u00eddos, uno de los instantes m\u00e1s emotivos de todo el evento. Justo despu\u00e9s, <strong>podr\u00e1 disfrutar de la exhibici\u00f3n a\u00e9rea<\/strong> de los que ahora son estudiantes de su misma academia y formar\u00e1 parte de la recepci\u00f3n en el Palacio Real de autoridades y representantes institucionales.<\/p>\n<p>Esta presencia en algunos de los puntos m\u00e1s destacados de esta jornada sigue la misma estrategia que Casa Real inici\u00f3 hace a\u00f1os: que la figura de la princesa Leonor est\u00e9<strong> cada vez m\u00e1s incorporada en escenarios muy importantes para la Corona.<\/strong><\/p>\n<p>Una vuelta al cole cargada de actos<\/p>\n<p>Como hemos dicho, este septiembre ha sido clave para las hijas de los reyes Felipe y Letizia. En concreto, Leonor no solo ha tenido que formar parte de la academia de aviaci\u00f3n en Murcia, <strong>sino que la hemos visto lucirse en su visita a Navarra<\/strong> para conmemorar su t\u00edtulo de princesa de Viana.<\/p>\n<p><strong>Un viaje de dos d\u00edas donde la vimos recorrer algunos de los lugares m\u00e1s destacados<\/strong> de la comunidad, <a href=\"https:\/\/www.lecturas.com\/actualidad\/casas-reales\/desmayo-preocupacion-mucha-complicidad-todas-imagenes-visita-leonor-letizia-felipe-olite-tudela_181872\" target=\"_self\" rel=\"nofollow noopener\">como el pueblo de Olite<\/a> o el Monasterio de Leyre. Por si fuera poco, hubo <a href=\"https:\/\/www.lecturas.com\/actualidad\/casas-reales\/momentos-imagenes-que-leonor-ha-eclipsado-letizia-navarra-su-saludo-solitario-mirada-frente-varios-gestos_181848\" target=\"_self\" rel=\"nofollow noopener\">varios momentos en los que la vimos eclipsar a su madre<\/a>, la reina Letizia, como cuando se subi\u00f3 a un escal\u00f3n para saludar a la multitud que la esperaba o cuando mantuvo la mirada firme ante los altos cargos de la comunidad.<\/p>\n<p>Ahora tiene por delante la jornada del D\u00eda de la Hispanidad y luego los Premios Princesa de Asturias, uno de los actos m\u00e1s importantes de su agenda. Pocos d\u00edas despu\u00e9s de la entrega de estos galardones, la princesa celebrar\u00e1 su 20 cumplea\u00f1os <strong>habi\u00e9ndose erigido como un ejemplo de compromiso y deber.<\/strong><\/p>\n","protected":false},"excerpt":{"rendered":"La princesa Leonor y la infanta Sof\u00eda han encarado el nuevo curso escolar con determinaci\u00f3n e ilusi\u00f3n ante&hellip;\n","protected":false},"author":2,"featured_media":147057,"comment_status":"","ping_status":"","sticky":false,"template":"","format":"standard","meta":{"footnotes":""},"categories":[174],"tags":[255,146,147,25,24,256,23],"class_list":{"0":"post-147056","1":"post","2":"type-post","3":"status-publish","4":"format-standard","5":"has-post-thumbnail","7":"category-famosos","8":"tag-celebrities","9":"tag-entertainment","10":"tag-entretenimiento","11":"tag-es","12":"tag-espana","13":"tag-famosos","14":"tag-spain"},"share_on_mastodon":{"url":"","error":""},"_links":{"self":[{"href":"https:\/\/www.europesays.com\/es\/wp-json\/wp\/v2\/posts\/147056","targetHints":{"allow":["GET"]}}],"collection":[{"href":"https:\/\/www.europesays.com\/es\/wp-json\/wp\/v2\/posts"}],"about":[{"href":"https:\/\/www.europesays.com\/es\/wp-json\/wp\/v2\/types\/post"}],"author":[{"embeddable":true,"href":"https:\/\/www.europesays.com\/es\/wp-json\/wp\/v2\/users\/2"}],"replies":[{"embeddable":true,"href":"https:\/\/www.europesays.com\/es\/wp-json\/wp\/v2\/comments?post=147056"}],"version-history":[{"count":0,"href":"https:\/\/www.europesays.com\/es\/wp-json\/wp\/v2\/posts\/147056\/revisions"}],"wp:featuredmedia":[{"embeddable":true,"href":"https:\/\/www.europesays.com\/es\/wp-json\/wp\/v2\/media\/147057"}],"wp:attachment":[{"href":"https:\/\/www.europesays.com\/es\/wp-json\/wp\/v2\/media?parent=147056"}],"wp:term":[{"taxonomy":"category","embeddable":true,"href":"https:\/\/www.europesays.com\/es\/wp-json\/wp\/v2\/categories?post=147056"},{"taxonomy":"post_tag","embeddable":true,"href":"https:\/\/www.europesays.com\/es\/wp-json\/wp\/v2\/tags?post=147056"}],"curies":[{"name":"wp","href":"https:\/\/api.w.org\/{rel}","templated":true}]}}